{"id":275110,"date":"2025-12-07T01:05:19","date_gmt":"2025-12-07T01:05:19","guid":{"rendered":"https:\/\/www.europesays.com\/es\/275110\/"},"modified":"2025-12-07T01:05:19","modified_gmt":"2025-12-07T01:05:19","slug":"valle-salvaje-resumen-de-los-capitulos-307-al-310-del-1-al-5-de-diciembre-en-tve-y-netflix","status":"publish","type":"post","link":"https:\/\/www.europesays.com\/es\/275110\/","title":{"rendered":"&#8216;Valle Salvaje&#8217;, resumen de los cap\u00edtulos 307 al 310 del 1 al 5 de diciembre en TVE y Netflix"},"content":{"rendered":"<p data-journey-content=\"true\" data-node-id=\"3\" class=\"css-6wxqfj emevuu60\">Esta semana en &#8216;<a href=\"https:\/\/www.diezminutos.es\/valle-salvaje\/\" target=\"_blank\" data-vars-ga-outbound-link=\"https:\/\/www.diezminutos.es\/valle-salvaje\/\" data-vars-ga-ux-element=\"Hyperlink\" data-vars-ga-call-to-action=\"Valle Salvaje\" data-node-id=\"3.1\" class=\"body-link css-177bzfx emevuu60\" rel=\"nofollow noopener\">Valle Salvaje<\/a>&#8216;, D\u00e1maso temi\u00f3 que los jornaleros abandonaran el trabajo debido a la lejan\u00eda de las tierras, <strong data-node-id=\"3.3\">un riesgo que pod\u00eda poner en jaque toda la producci\u00f3n<\/strong>. Fue entonces cuando Mercedes dio con la soluci\u00f3n, aportando una idea que devolvi\u00f3 cierta calma a la situaci\u00f3n. Mientras tanto, <a href=\"https:\/\/www.diezminutos.es\/telenovela\/espanolas\/a69588682\/valle-salvaje-capitulo-308-avance-martes-2-diciembre-serie-tve-netflix\/\" target=\"_blank\" data-vars-ga-outbound-link=\"https:\/\/www.diezminutos.es\/telenovela\/espanolas\/a69588682\/valle-salvaje-capitulo-308-avance-martes-2-diciembre-serie-tve-netflix\/\" data-vars-ga-ux-element=\"Hyperlink\" data-vars-ga-call-to-action=\"Alejo, profundamente preocupado por Luisa\" data-node-id=\"3.5\" class=\"body-link css-177bzfx emevuu60\" rel=\"nofollow noopener\">Alejo, profundamente preocupado por Luisa<\/a>, se present\u00f3 en la c\u00e1rcel con la intenci\u00f3n de verla. Sin embargo, una vez all\u00ed, se desat\u00f3 la tragedia: el encuentro no transcurri\u00f3 como esperaba y dej\u00f3 tras de s\u00ed un rastro de dolor y decisiones inevitables.<\/p>\n<p><img draggable=\"true\" alt=\"valle salvaje\" title=\"Valle Salvaje\" loading=\"lazy\" width=\"4096\" height=\"2731\" decoding=\"async\" data-nimg=\"1\" style=\"color:transparent;width:100%;height:auto;\"   src=\"https:\/\/www.europesays.com\/es\/wp-content\/uploads\/2025\/12\/g5od2sgxmaa8mnw-692436ecdb218.jpg\" class=\"css-0 e1g79fud0\"\/><\/p>\n<p>Add RTVE<\/p>\n<p>Atanasio y Matilde estuvieron muy cerca de cumplir su sue\u00f1o en &#8216;Valle Salvaje&#8217;<\/p>\n<p data-journey-content=\"true\" data-node-id=\"8\" class=\"body-dropcap css-1snhsjb emevuu60\">Irene, tras volver a sentirse humillada por Leonardo, busc\u00f3 el consuelo de B\u00e1rbara. Pero la pregunta se mantuvo latente:<strong data-node-id=\"8.1\"> \u00bfpodr\u00eda la Salcedo estar para su amiga cuando ella misma ten\u00eda el coraz\u00f3n roto?<\/strong> Alejo, por su parte, qued\u00f3 marcado por su \u00faltima e impactante visita a Luisa. Aquella experiencia lo empuj\u00f3 a tomar una decisi\u00f3n definitiva respecto al trato que le hab\u00eda ofrecido su padre, consciente de que ya no pod\u00eda seguir postergando lo inevitable.<\/p>\n<p data-journey-content=\"true\" data-node-id=\"10\" class=\"css-6wxqfj emevuu60\">Atanasio y Matilde estuvieron muy cerca de cumplir su sue\u00f1o, aunque esa cercan\u00eda aument\u00f3 el miedo de Matilde ante las posibles consecuencias frente a Victoria. La tensi\u00f3n se intensific\u00f3 cuando Victoria, <strong data-node-id=\"10.1\">removida por las acusaciones de D\u00e1maso<\/strong>, exigi\u00f3 al duque que se sincerara sobre lo que pensaba hacer si D\u00e1maso hac\u00eda p\u00fablico el esc\u00e1ndalo. La presi\u00f3n se convirti\u00f3 en un desaf\u00edo que el duque no pudo seguir evitando.<\/p>\n<p>Luisa le cont\u00f3 a Adriana que el juez hab\u00eda ido a verla en &#8216;Valle Salvaje&#8217;<img draggable=\"true\" alt=\"valle salvaje\" title=\"Valle Salvaje\" loading=\"lazy\" width=\"2050\" height=\"1367\" decoding=\"async\" data-nimg=\"1\" style=\"color:transparent;width:100%;height:auto;\"   src=\"https:\/\/www.europesays.com\/es\/wp-content\/uploads\/2025\/11\/1762404383_511_cap-290-3-1-69033aba732ff.jpg\" class=\"css-0 e1g79fud0\"\/><\/p>\n<p>Add RTVE<\/p>\n<p data-journey-content=\"true\" data-node-id=\"16\" class=\"css-6wxqfj emevuu60\">Irene, en medio de sus dudas, le pidi\u00f3 a Leonardo que, al casarse, se marcharan lejos del Valle. Su deseo era empezar de nuevo, lejos de las sombras que los rodeaban. En cuanto al duque, finalmente dio respuesta a Victoria, enfrentando la disyuntiva que lo atormentaba: <strong data-node-id=\"16.1\">elegir entre el ascenso social de su familia o ella<\/strong>. La decisi\u00f3n revel\u00f3 la magnitud de sus prioridades y dej\u00f3 a Victoria con un futuro incierto.<\/p>\n<p data-journey-content=\"true\" data-node-id=\"18\" class=\"css-6wxqfj emevuu60\">En la c\u00e1rcel, Luisa le cont\u00f3 a Adriana que el juez hab\u00eda ido a verla. La confesi\u00f3n abri\u00f3 un abanico de interrogantes y sembr\u00f3 la duda sobre lo que aquel encuentro pod\u00eda significar para su destino. <strong data-node-id=\"18.1\">\u00bfQu\u00e9 palabras le habr\u00eda dicho el juez? <\/strong>La incertidumbre se convirti\u00f3 en un nuevo peso sobre los hombros de Luisa, mientras Adriana trataba de descifrar las consecuencias de aquella visita inesperada.<\/p>\n<p><img src=\"https:\/\/www.europesays.com\/es\/wp-content\/uploads\/2025\/12\/1765069518_179_43af9b8f-983e-4e74-8e74-9a7479b0966b_1681831601.file\" alt=\"Headshot of Pilar Mart\u00ednez\" title=\"Headshot of Pilar Mart\u00ednez\" width=\"100%\" height=\"100%\" decoding=\"async\" loading=\"lazy\" class=\"css-o0wq4v ev8dhu53\"\/><\/p>\n<p>Pilar Mart\u00ednez es periodista especializada en contenidos de televisi\u00f3n y cultura, se gradu\u00f3 en la carrera en Periodismo en la Facultad de Ciencias de la Informaci\u00f3n (Universidad Complutense de Madrid) en el a\u00f1o 2018. Desde entonces ha pasado por las redacciones de Ecoteuve (El Economista), donde realiz\u00f3 sus primeras pr\u00e1cticas durante el verano del 2016.<\/p>\n<p>Posteriormente, concretamente, en el a\u00f1o 2017 se pas\u00f3 al grupo Hearst Espa\u00f1a, donde comenz\u00f3 su andadura en las revistas de televisi\u00f3n: Supertele, Teleprograma, Telenovela. Ahora colabora con Diez Minutos, en su versi\u00f3n web, donde se encarga de realizar los avances semanales de las ficciones diarias de moda, as\u00ed como entrevistas y art\u00edculos sobre los melodramas o telenovelas que aterrizan en nuestro pa\u00eds y aquellos que est\u00e1n por venir.<\/p>\n<p>Toda una cazadora de exclusivas. A esto, se suma su puesto como redactora jefe de la secci\u00f3n de novela narrativa en la revista Culturamas, medio digital de alto impacto al que lleva unida desde el a\u00f1o 2013. \u00c1vida lectora, cin\u00e9fila y seri\u00e9fila de primer nivel, ha hecho de su vocaci\u00f3n su oficio. \u00a0<\/p>\n","protected":false},"excerpt":{"rendered":"Esta semana en &#8216;Valle Salvaje&#8216;, D\u00e1maso temi\u00f3 que los jornaleros abandonaran el trabajo debido a la lejan\u00eda de&hellip;\n","protected":false},"author":2,"featured_media":275111,"comment_status":"","ping_status":"","sticky":false,"template":"","format":"standard","meta":{"footnotes":""},"categories":[171],"tags":[253,146,147,25,24,23,214],"class_list":{"0":"post-275110","1":"post","2":"type-post","3":"status-publish","4":"format-standard","5":"has-post-thumbnail","7":"category-tv","8":"tag-discover","9":"tag-entertainment","10":"tag-entretenimiento","11":"tag-es","12":"tag-espana","13":"tag-spain","14":"tag-tv"},"share_on_mastodon":{"url":"https:\/\/pubeurope.com\/@es\/115675603354595617","error":""},"_links":{"self":[{"href":"https:\/\/www.europesays.com\/es\/wp-json\/wp\/v2\/posts\/275110","targetHints":{"allow":["GET"]}}],"collection":[{"href":"https:\/\/www.europesays.com\/es\/wp-json\/wp\/v2\/posts"}],"about":[{"href":"https:\/\/www.europesays.com\/es\/wp-json\/wp\/v2\/types\/post"}],"author":[{"embeddable":true,"href":"https:\/\/www.europesays.com\/es\/wp-json\/wp\/v2\/users\/2"}],"replies":[{"embeddable":true,"href":"https:\/\/www.europesays.com\/es\/wp-json\/wp\/v2\/comments?post=275110"}],"version-history":[{"count":0,"href":"https:\/\/www.europesays.com\/es\/wp-json\/wp\/v2\/posts\/275110\/revisions"}],"wp:featuredmedia":[{"embeddable":true,"href":"https:\/\/www.europesays.com\/es\/wp-json\/wp\/v2\/media\/275111"}],"wp:attachment":[{"href":"https:\/\/www.europesays.com\/es\/wp-json\/wp\/v2\/media?parent=275110"}],"wp:term":[{"taxonomy":"category","embeddable":true,"href":"https:\/\/www.europesays.com\/es\/wp-json\/wp\/v2\/categories?post=275110"},{"taxonomy":"post_tag","embeddable":true,"href":"https:\/\/www.europesays.com\/es\/wp-json\/wp\/v2\/tags?post=275110"}],"curies":[{"name":"wp","href":"https:\/\/api.w.org\/{rel}","templated":true}]}}