{"id":275118,"date":"2025-12-07T01:10:20","date_gmt":"2025-12-07T01:10:20","guid":{"rendered":"https:\/\/www.europesays.com\/es\/275118\/"},"modified":"2025-12-07T01:10:20","modified_gmt":"2025-12-07T01:10:20","slug":"sus-nietos-su-casa-en-el-centro-y-una-herida-abierta","status":"publish","type":"post","link":"https:\/\/www.europesays.com\/es\/275118\/","title":{"rendered":"sus nietos, su casa en el centro y una herida abierta"},"content":{"rendered":"<p id=\"eastxJL9es\" data-wc=\"205\">La familia Flores ha vuelto al centro del foco medi\u00e1tico con el estreno del documental sobre Antonio Flores, <a class=\"hm-link ho-link\" href=\"https:\/\/www.hola.com\/actualidad\/20251126869847\/alba-flores-cuenta-el-ritual-que-hizo-junto-a-su-familia\/\" data-mrf-recirculation=\"article-body-link\" rel=\"nofollow noopener\" target=\"_blank\">&#8216;Flores para Antonio&#8217;, de su hija, Alba Flores<\/a>. Un repaso por la vida del compositor, cuya muerte a\u00fan duele y mucho para los miembros de esta saga de artistas: \u00abLo vi en el Festival de San Sebasti\u00e1n, pero ya no puedo verlo m\u00e1s\u00bb, le confesaba Lolita a Sonsoles \u00d3nega en su programa &#8216;Y ahora Sonsoles&#8217;. \u00abTengo la herida abierta todav\u00eda y me cuesta mucho hablar del tema. Es mi vida, es mi para\u00edso, donde mi hermana Rosario y yo queremos ir cuando muramos,\u00bb, dec\u00eda con emoci\u00f3n sobre la muerte de su hermano, que azotaba con fuerza a toda la familia el 30 de mayo de 1995. La hija mayor de Lola Flores y Antonio Gonz\u00e1lez, &#8216;El Pesca\u00edlla&#8217; tambi\u00e9n ha hablado en los \u00faltimos d\u00edas de su trabajo en &#8216;Poncia&#8217;, la criada de La Casa de Bernarda Alba, bajo las \u00f3rdenes de Luis Luque, y que podr\u00e1 verse en las pr\u00f3ximas semanas en el Teatro Bellas Artes de Madrid, hasta el 15 de febrero. Una obra que le ha llevado a estar de promoci\u00f3n en distintos medios, desvelando algunos aspectos de su vida m\u00e1s \u00edntima en la actualidad.\u00a0<\/p>\n<p> <img src=\"https:\/\/www.europesays.com\/es\/wp-content\/uploads\/2025\/11\/5fd32ce40ab5-dlu595600083.jpg\"   width=\"1024\" height=\"682\" loading=\"lazy\" decoding=\"async\" alt=\"La familia Flores en la premiere del documental Flores para Antonio, en Madrid\" fetchpriority=\"auto\" class=\"image ho-image\"\/>La familia Flores en la premiere del documental Flores para Antonio, en Madrid<\/p>\n<p> <img src=\"https:\/\/www.europesays.com\/es\/wp-content\/uploads\/2025\/09\/0a743c97773e-dlu591774014.jpg\"   width=\"1024\" height=\"682\" loading=\"lazy\" decoding=\"async\" alt=\"Las Flores, sonrientes en el estreno de 'Flores para Antonio' en San Sebasti\u00e1n\" fetchpriority=\"auto\" class=\"image ho-image\"\/>\u00a9 GTRESLas Flores, sonrientes en el estreno de &#8216;Flores para Antonio&#8217; en San Sebasti\u00e1n<br \/>\nSus hijos y nietos, sus grandes amores<\/p>\n<p id=\"eDW5cr2fGx\" data-wc=\"81\">La ganadora del Premio Goya a la Mejor Actriz Revelaci\u00f3n en el a\u00f1o 2003, reconoce cu\u00e1l ha sido el mejor papel de su vida: el de madre y abuela. Hace unos d\u00edas contaba en Antena 3 c\u00f3mo es la relaci\u00f3n con sus hijos, Elena y Guillermo Furiase, quien acaba de cumplir 32 a\u00f1os: \u00abSoy su madre, pero soy su amiga, y hacen conmigo lo que quieren. Me r\u00edo mucho con ellos y ellos conmigo. Para m\u00ed siguen siendo peque\u00f1os\u00bb, ha confesado.\u00a0<\/p>\n<p> <img src=\"https:\/\/www.europesays.com\/es\/wp-content\/uploads\/2025\/12\/d62cf069b2b6-foto-4.jpg\"   width=\"1024\" height=\"682\" loading=\"lazy\" decoding=\"async\" alt=\"La cantante Lolita Flores con sus hijos la actriz Elena Furiase y Guillermo FuriaseLa actriz Lolita Flores  Elena Furiase y Guillermo Furiase durante la presentaci\u00f3n de la obra de teatro 'Prefiero que seamos amigos' en Madrid, en abril de 2017\" fetchpriority=\"auto\" class=\"image ho-image\"\/>\u00a9 GTRESLa cantante Lolita Flores con sus hijos <\/p>\n<p id=\"eoK69MEU1m\" data-wc=\"44\">Pero, sin duda, son Noah y Nala, los hijos de Elena Furiase y Gonzalo Sierra, quienes realmente le han robado el coraz\u00f3n. La actriz ha contado que le encanta quedarse a dormir con ellos, y que pasa largas jornadas jugando con los dos hermanos. \u00a0<\/p>\n<p> <img src=\"https:\/\/www.europesays.com\/es\/wp-content\/uploads\/2025\/12\/2716db189765-lolita.jpg\"   width=\"1024\" height=\"576\" loading=\"lazy\" decoding=\"async\" alt=\"Lolita jugando con su nieta, hija de Elena Furiase\" fetchpriority=\"auto\" class=\"image ho-image\"\/>\u00a9 lolitaoficialLolita jugando con su nieta, hija de Elena Furiase<\/p>\n<p id=\"ej1pkcFaKy\" data-wc=\"64\">La primog\u00e9nita de la conocida saga de artistas ha confesado c\u00f3mo reaccion\u00f3 su nieto cuando la vio sobre un escenario por primera vez: \u00a0\u00abNoah se asust\u00f3 al verme detr\u00e1s de la cortina antes de empezar la funci\u00f3n\u00bb, recordaba Lolita con humor, quien ha a\u00f1adido que se derrite con sus dos nietos y que le encanta consentirles y pasarse horas con ellos inventando canciones juntos.<\/p>\n<p>De alquiler en el centro de Madrid<\/p>\n<p id=\"entm4Qlr__\" data-wc=\"76\">Acostumbrada a vivir a las afueras de la capital con su familia, Lolita cambi\u00f3 la tranquilidad de La Moraleja por el bullicio del centro de Madrid. Desde hace a\u00f1os vive en la emblem\u00e1tica avenida del Paseo de la Castellana, en una casa con m\u00e1s de 200 metros cuadrados. Su residencia, desde hace aproximadamente una d\u00e9cada, est\u00e1 llena de recuerdos, como la gran escultura de su madre, Lola Flores, que reina en el coraz\u00f3n de su sal\u00f3n.\u00a0<\/p>\n<p> <img src=\"https:\/\/www.europesays.com\/es\/wp-content\/uploads\/2025\/12\/5db4bf60bd3e-vistas-impresionantes00000000250127093413648x810.jpg\"   width=\"819\" height=\"1024\" loading=\"lazy\" decoding=\"async\" alt=\"Media Image\" fetchpriority=\"auto\" class=\"image ho-image\"\/>\u00a9 lolitaoficial<\/p>\n<p id=\"ePzElbWoNV\" data-wc=\"64\">El coraz\u00f3n su vivienda, el sal\u00f3n, se ha convertido en una zona de juegos desde que la cantante de &#8216;Amor&#8217; es abuela. Los peque\u00f1os de la familia Flores est\u00e1n cada dos por tres en casa de su abuela para llenarla de alegr\u00eda y a ella, de felicidad absoluta. Junto al gran ventanal, Lolita dispone de una c\u00e1lida alfombra para jugar con sus nietos descalzos.\u00a0\u00a0<\/p>\n<p> <img src=\"https:\/\/www.europesays.com\/es\/wp-content\/uploads\/2025\/12\/039c5ed18a22-una-zona-de-juegos-para-sus-nietos00000000240503101718491x614.jpg\"   width=\"818\" height=\"1024\" loading=\"lazy\" decoding=\"async\" alt=\"Su nieto jugando en el sal\u00f3n de su casa\" fetchpriority=\"auto\" class=\"image ho-image\"\/>\u00a9 lolitaoficialSu nieto jugando en el sal\u00f3n de su casa<\/p>\n<p id=\"e4H3yEFPcw3\" data-wc=\"83\">\u00abVend\u00ed mi casa para pagar Hacienda. Una multa de alrededor de 600 mil euros\u00bb, contaba en el programa &#8216;Deluxe&#8217;, de Telecinco. Ahora Lolita disfruta de unas incre\u00edbles vistas del Paseo de la Castellana a trav\u00e9s de un gran ventanal y disfruta de vivir mucho m\u00e1s cerca de la gran oferta cultural que le ofrece la ciudad, entre los teatros de la Gran V\u00eda o las salas de cine donde disfrutar de una buena pel\u00edcula, como buena amante del arte y de la cultura.<\/p>\n","protected":false},"excerpt":{"rendered":"La familia Flores ha vuelto al centro del foco medi\u00e1tico con el estreno del documental sobre Antonio Flores,&hellip;\n","protected":false},"author":2,"featured_media":275119,"comment_status":"","ping_status":"","sticky":false,"template":"","format":"standard","meta":{"footnotes":""},"categories":[91],"tags":[517,146,147,25,24,13525,23],"class_list":{"0":"post-275118","1":"post","2":"type-post","3":"status-publish","4":"format-standard","5":"has-post-thumbnail","7":"category-entretenimiento","8":"tag-actualidad","9":"tag-entertainment","10":"tag-entretenimiento","11":"tag-es","12":"tag-espana","13":"tag-lolita-flores","14":"tag-spain"},"share_on_mastodon":{"url":"https:\/\/pubeurope.com\/@es\/115675623558522730","error":""},"_links":{"self":[{"href":"https:\/\/www.europesays.com\/es\/wp-json\/wp\/v2\/posts\/275118","targetHints":{"allow":["GET"]}}],"collection":[{"href":"https:\/\/www.europesays.com\/es\/wp-json\/wp\/v2\/posts"}],"about":[{"href":"https:\/\/www.europesays.com\/es\/wp-json\/wp\/v2\/types\/post"}],"author":[{"embeddable":true,"href":"https:\/\/www.europesays.com\/es\/wp-json\/wp\/v2\/users\/2"}],"replies":[{"embeddable":true,"href":"https:\/\/www.europesays.com\/es\/wp-json\/wp\/v2\/comments?post=275118"}],"version-history":[{"count":0,"href":"https:\/\/www.europesays.com\/es\/wp-json\/wp\/v2\/posts\/275118\/revisions"}],"wp:featuredmedia":[{"embeddable":true,"href":"https:\/\/www.europesays.com\/es\/wp-json\/wp\/v2\/media\/275119"}],"wp:attachment":[{"href":"https:\/\/www.europesays.com\/es\/wp-json\/wp\/v2\/media?parent=275118"}],"wp:term":[{"taxonomy":"category","embeddable":true,"href":"https:\/\/www.europesays.com\/es\/wp-json\/wp\/v2\/categories?post=275118"},{"taxonomy":"post_tag","embeddable":true,"href":"https:\/\/www.europesays.com\/es\/wp-json\/wp\/v2\/tags?post=275118"}],"curies":[{"name":"wp","href":"https:\/\/api.w.org\/{rel}","templated":true}]}}