{"id":275132,"date":"2025-12-07T01:23:09","date_gmt":"2025-12-07T01:23:09","guid":{"rendered":"https:\/\/www.europesays.com\/es\/275132\/"},"modified":"2025-12-07T01:23:09","modified_gmt":"2025-12-07T01:23:09","slug":"resumen-y-estadisticas-del-partido-coviran-granada","status":"publish","type":"post","link":"https:\/\/www.europesays.com\/es\/275132\/","title":{"rendered":"Resumen y estad\u00edsticas del partido Covir\u00e1n Granada"},"content":{"rendered":"<p class=\"paragraph\">El <a href=\"https:\/\/www.heraldo.es\/tags\/instituciones_empresas\/basket-zaragoza.html\" title=\"Casademont Zaragoza\" rel=\"nofollow noopener\" target=\"_blank\">Casademont Zaragoza<\/a>\u00a0ha sacado esta noche una importante victoria en Granada, lo que le aleja del descenso. <b>El equipo de Jes\u00fas Ram\u00edrez ha ganado por 83-92<\/b> un duelo que ten\u00eda bastante controlado desde el segundo cuarto. La ventaja rojilla ha llegado a ser de 16 puntos, pero Covir\u00e1n no ha dejado de creer y, en los minutos finales, ha llegado a ponerse a apenas 6 de distancia.\u00a0<\/p>\n<p class=\"paragraph\"><b>Dubljevic ha protagonizado varias jugadas de m\u00e9rito (25 de valoraci\u00f3n para \u00e9l) <\/b>y, adem\u00e1s, <b>ha debutado Koumadje, el techo de la liga, que ha dejado buenas sensaciones <\/b>en todas las facetas del juego menos en los tiros libres.<\/p>\n<p class=\"paragraph\">El que m\u00e1s se\u00f1alado queda tras el partido es Joel Soriano, que apenas ha tenido minutos y no los ha sabido aprovechar. Por el contrario, Jaime Fern\u00e1ndez s\u00ed ha jugado un buen partido y<b> Santi Yusta, como acostumbra, ha acabado con buenos n\u00fameros: 20 puntos en 26 minutos. <\/b>Se han visto brotes verdes, sobre todo en el momento en el que la ventaja crec\u00eda, pero tambi\u00e9n muy malas decisiones y nervios cuando el Granada se acercaba y el equipo no llegaba ni a sacar de fondo. Los nazar\u00edes, muy mermados por las lesiones, han perdido un duelo vital para ellos. El partido se ha alargado m\u00e1s de la cuenta, dado que se han lanzado 63 tiros libres.\u00a0<\/p>\n<p class=\"paragraph\"><b>As\u00ed lo hemos contado:<\/b><\/p>\n<p>    <a name=\"1876403\"\/><\/p>\n<p>Placeholder mam module<\/p>\n<p>Partido Covir\u00e1n Granada &#8211; Casademont Zaragoza, en directo<\/p>\n","protected":false},"excerpt":{"rendered":"El Casademont Zaragoza\u00a0ha sacado esta noche una importante victoria en Granada, lo que le aleja del descenso. El&hellip;\n","protected":false},"author":2,"featured_media":275133,"comment_status":"","ping_status":"","sticky":false,"template":"","format":"standard","meta":{"footnotes":""},"categories":[269],"tags":[299,298,2511,3446,168,2125,25,24,494,23,167,491],"class_list":{"0":"post-275132","1":"post","2":"type-post","3":"status-publish","4":"format-standard","5":"has-post-thumbnail","7":"category-baloncesto","8":"tag-baloncesto","9":"tag-basketball","10":"tag-casademont","11":"tag-coviran","12":"tag-deportes","13":"tag-directo","14":"tag-es","15":"tag-espana","16":"tag-granada","17":"tag-spain","18":"tag-sports","19":"tag-zaragoza"},"share_on_mastodon":{"url":"https:\/\/pubeurope.com\/@es\/115675673690628800","error":""},"_links":{"self":[{"href":"https:\/\/www.europesays.com\/es\/wp-json\/wp\/v2\/posts\/275132","targetHints":{"allow":["GET"]}}],"collection":[{"href":"https:\/\/www.europesays.com\/es\/wp-json\/wp\/v2\/posts"}],"about":[{"href":"https:\/\/www.europesays.com\/es\/wp-json\/wp\/v2\/types\/post"}],"author":[{"embeddable":true,"href":"https:\/\/www.europesays.com\/es\/wp-json\/wp\/v2\/users\/2"}],"replies":[{"embeddable":true,"href":"https:\/\/www.europesays.com\/es\/wp-json\/wp\/v2\/comments?post=275132"}],"version-history":[{"count":0,"href":"https:\/\/www.europesays.com\/es\/wp-json\/wp\/v2\/posts\/275132\/revisions"}],"wp:featuredmedia":[{"embeddable":true,"href":"https:\/\/www.europesays.com\/es\/wp-json\/wp\/v2\/media\/275133"}],"wp:attachment":[{"href":"https:\/\/www.europesays.com\/es\/wp-json\/wp\/v2\/media?parent=275132"}],"wp:term":[{"taxonomy":"category","embeddable":true,"href":"https:\/\/www.europesays.com\/es\/wp-json\/wp\/v2\/categories?post=275132"},{"taxonomy":"post_tag","embeddable":true,"href":"https:\/\/www.europesays.com\/es\/wp-json\/wp\/v2\/tags?post=275132"}],"curies":[{"name":"wp","href":"https:\/\/api.w.org\/{rel}","templated":true}]}}