{"id":275134,"date":"2025-12-07T01:24:18","date_gmt":"2025-12-07T01:24:18","guid":{"rendered":"https:\/\/www.europesays.com\/es\/275134\/"},"modified":"2025-12-07T01:24:18","modified_gmt":"2025-12-07T01:24:18","slug":"es-un-vendaval-alfredo-martinez-reacciona-al-hat-trick-de-ferran-que-lidera-la-victoria-del-barca-3-5","status":"publish","type":"post","link":"https:\/\/www.europesays.com\/es\/275134\/","title":{"rendered":"\u00ab\u00a1Es un vendaval!\u00bb: Alfredo Mart\u00ednez reacciona al &#8216;hat-trick&#8217; de Ferran, que lidera la victoria del Bar\u00e7a (3-5)"},"content":{"rendered":"<p class=\"articleParagraph\">Los de Hansi Flick se han llevado los tres puntos en esta jornada 15 de LaLiga EA Sports con<b> una actuaci\u00f3n estelar en La Cartuja<\/b>. Una victoria que lidera Ferran Torres gracias a un <b>&#8216;hat-trick&#8217; espectacular del tibur\u00f3n<\/b>. Con este triunfo, el Bar\u00e7a reafirma su liderato en LaLiga.<\/p>\n<p class=\"articleParagraph\">Cuando el Betis inauguraba el marcador con un gol de Antony (1-0) en el minuto seis de partido, <b>poco tard\u00f3 el conjunto azulgrana en buscar el empate<\/b>. Llegaba con un gol de Ferran Torres en el 11 de partido, que ser\u00eda la antesala de su segundo gol tan solo dos minutos despu\u00e9s.<\/p>\n<p class=\"articleParagraph\">Una actuaci\u00f3n incre\u00edble que no pas\u00f3 desapercibida para el narrador Alfredo Mart\u00ednez: <b>\u00ab\u00a1M\u00e1s tibur\u00f3n! \u00a1Vuela el Bar\u00e7a, vuela el l\u00edder!\u00bb<\/b>. As\u00ed lo cont\u00f3 en Radioestadio: \u00abGolpea el campe\u00f3n (&#8230;) El remate acrob\u00e1tico de un &#8216;killer&#8217;, de un matador, de un tibur\u00f3n. \u00a1Ferran Torres enmudece La Cartuja, aparece el campe\u00f3n!\u00bb.<\/p>\n<p class=\"articleParagraph\">Pocos minutos despu\u00e9s del tanto del suizo Roony Bardghji (1-3) en el 31 de partido, <b>llegaba el &#8216;hat-trick&#8217; de Ferran (1-4), que situaba al Bar\u00e7a totalmente a la delantera y con un dominio absoluto<\/b>. Una jugada abismal del \u00abterremoto azulgrana\u00bb antes del descanso.<\/p>\n<blockquote class=\"articleQuote\"><p>Ferran Torres enmudece La Cartuja <\/p><\/blockquote>\n<p class=\"articleParagraph\">Ya en la segunda parte, al cuarto de hora, <b>Lamine Yamal marc\u00f3 de penalti el 1-5<\/b>, reafirmando y consolidando a\u00fan m\u00e1s la victoria del FC Barcelona ante un Betis que hizo lo posible por acortar la diferencia en el marcador. As\u00ed lo demostr\u00f3 con dos goles en la recta final, uno de Diego Llorente y otro del colombiano Cucho Hern\u00e1ndez, tambi\u00e9n de penalti.<\/p>\n<p class=\"articleParagraph\">Pero <b>no fue suficiente para superar a un Bar\u00e7a que hizo una \u00abremontada impresionante\u00bb<\/b>, dejando \u00ababsolutamente roto el partido\u00bb a pesar de los intentos de los locales por salvar el encuentro ante los de Hansi Flick.<\/p>\n","protected":false},"excerpt":{"rendered":"Los de Hansi Flick se han llevado los tres puntos en esta jornada 15 de LaLiga EA Sports&hellip;\n","protected":false},"author":2,"featured_media":275135,"comment_status":"","ping_status":"","sticky":false,"template":"","format":"standard","meta":{"footnotes":""},"categories":[268],"tags":[168,25,24,280,282,281,23,167],"class_list":{"0":"post-275134","1":"post","2":"type-post","3":"status-publish","4":"format-standard","5":"has-post-thumbnail","7":"category-futbol","8":"tag-deportes","9":"tag-es","10":"tag-espana","11":"tag-football","12":"tag-futbol","13":"tag-soccer","14":"tag-spain","15":"tag-sports"},"share_on_mastodon":{"url":"https:\/\/pubeurope.com\/@es\/115675677693470405","error":""},"_links":{"self":[{"href":"https:\/\/www.europesays.com\/es\/wp-json\/wp\/v2\/posts\/275134","targetHints":{"allow":["GET"]}}],"collection":[{"href":"https:\/\/www.europesays.com\/es\/wp-json\/wp\/v2\/posts"}],"about":[{"href":"https:\/\/www.europesays.com\/es\/wp-json\/wp\/v2\/types\/post"}],"author":[{"embeddable":true,"href":"https:\/\/www.europesays.com\/es\/wp-json\/wp\/v2\/users\/2"}],"replies":[{"embeddable":true,"href":"https:\/\/www.europesays.com\/es\/wp-json\/wp\/v2\/comments?post=275134"}],"version-history":[{"count":0,"href":"https:\/\/www.europesays.com\/es\/wp-json\/wp\/v2\/posts\/275134\/revisions"}],"wp:featuredmedia":[{"embeddable":true,"href":"https:\/\/www.europesays.com\/es\/wp-json\/wp\/v2\/media\/275135"}],"wp:attachment":[{"href":"https:\/\/www.europesays.com\/es\/wp-json\/wp\/v2\/media?parent=275134"}],"wp:term":[{"taxonomy":"category","embeddable":true,"href":"https:\/\/www.europesays.com\/es\/wp-json\/wp\/v2\/categories?post=275134"},{"taxonomy":"post_tag","embeddable":true,"href":"https:\/\/www.europesays.com\/es\/wp-json\/wp\/v2\/tags?post=275134"}],"curies":[{"name":"wp","href":"https:\/\/api.w.org\/{rel}","templated":true}]}}