{"id":275143,"date":"2025-12-07T01:33:13","date_gmt":"2025-12-07T01:33:13","guid":{"rendered":"https:\/\/www.europesays.com\/es\/275143\/"},"modified":"2025-12-07T01:33:13","modified_gmt":"2025-12-07T01:33:13","slug":"una-mujer-ha-traido-todos-mis-libros-en-una-mochila-para-que-se-los-firme","status":"publish","type":"post","link":"https:\/\/www.europesays.com\/es\/275143\/","title":{"rendered":"\u00abUna mujer ha tra\u00eddo todos mis libros en una mochila para que se los firme\u00bb"},"content":{"rendered":"<p><a class=\"v-mdl-ath__fig-a\" href=\"https:\/\/www.elcorreo.com\/autor\/jan-echevarria-162.html\" title=\"Jan Echevarr\u00eda\" rel=\"nofollow noopener\" target=\"_blank\"><br \/>\n<img decoding=\"async\" class=\"v-mdl-ath__img\" src=\"https:\/\/www.europesays.com\/es\/wp-content\/uploads\/2025\/12\/autor-162-foto-4.jpeg\" alt=\"Jan Echevarr\u00eda\"\/><br \/>\n<\/a><\/p>\n<p class=\"v-mdl-ath__p v-mdl-ath__p--6\">\nDomingo, 7 de diciembre 2025, 00:37<\/p>\n<p class=\"v-p\">Adem\u00e1s de ser el gran mercado de la cultura vasca, uno de los puntos fuertes de la Azoka es la firma de libros y de discos. No es habitual poder charlar cara a cara con nuestros escritores y m\u00fasicos favoritos y, a\u00f1o tras a\u00f1o, las colas y multitudes se acumulan en Landako Gunea, que en esta 60 edici\u00f3n cuenta con 285 stands, el mayor n\u00famero que se recuerda. <\/p>\n<p><a href=\"http:\/\/www.elcorreo.com\/culturas\/azoka-crece-jovenes-20251206191541-nt.html#vtm_modulosEngag=mod-rel:culturas:noticia:1:cmp:1-not\" class=\"v-a-link\" aria-label=\"Imagen\" rel=\"nofollow noopener\" target=\"_blank\"><\/p>\n<p><img decoding=\"async\" loading=\"lazy\" src=\"https:\/\/www.europesays.com\/es\/wp-content\/uploads\/2025\/12\/juventus-kz8E--366x256@El Correo.jpg\" class=\"v-a-img\" width=\"258\" height=\"180\" alt=\"\" data-voc-vtm-id=\"in-text-traffic\"\/><\/p>\n<p><\/a><\/p>\n<p class=\"v-p\">Ayer tampoco faltaron las caras conocidas y bastaba con darse una vuelta por el espacio m\u00e1s famoso de la feria para toparse con escritores de la talla de Ibon Mart\u00edn, Karmele Jaio, Jon Arretxe y Toti Mart\u00ednez de Lezea, entre otros muchos. Adem\u00e1s, los m\u00fasicos euskaldunes que llegan con nuevos trabajos tampoco quisieron perderse la cita y fueron tantos los fans de Gatibu y En Tol Sarmiento concentrados frente a sus \u00eddolos, que las colas llegaron hasta la calle. <\/p>\n<p class=\"v-p\">\u00abMe han llegado a pedir que escriba una frase de alguna de mis canciones para reconvertirla despu\u00e9s en tatuaje y eso impone, sobre todo con la fea letra que yo tengo\u00bb, explicaba un \u00abestresado\u00bb pero \u00abagradecido\u00bb Gorka Urbizu, en plena venta de felpudos, sudaderas y discos de la ya disuelta Berri Txarrak. Por si fuera poco, el trasiego de vinilos de &#8216;Hasiera bat&#8217;, su debut en solitario, y el EP grabado en el m\u00edtico estudio Abbey Road dan buena cuenta del estado de forma del m\u00fasico de Lekunberri. <\/p>\n<p class=\"v-p\">Las integrantes de Neomak tambi\u00e9n destacaron el \u00abfeedback con el p\u00fablico\u00bb en la presentaci\u00f3n de su segundo trabajo, &#8216;Lazturak orbain&#8217; e I\u00f1igo Etxezarreta destac\u00f3 que las pocas personas que han escuchado &#8216;Konkista&#8217;, el nuevo \u00e1lbum de ETS, le han trasladado que las canciones \u00ables han llegado\u00bb. \u00abCada uno me cita un tema y eso es muy positivo\u00bb, reconoci\u00f3.<\/p>\n<p class=\"v-p\">Pero detr\u00e1s de ese vaiv\u00e9n de firmas y presentaciones, la feria tambi\u00e9n esconde an\u00e9cdotas sorprendentes y adentrarse en ese puntito de locura tiene su encanto. Por ejemplo, Karmele Jaio, que presenta su \u00faltimo trabajo, &#8216;Harrizko bihotza&#8217;, vio c\u00f3mo una mujer se plantaba ayer en su stand con todos \u00abmis libros en una mochila\u00bb. \u00abSe los firm\u00e9 encantada, claro\u00bb. Y Toti Mart\u00ednez de Lezea no deja de sorprenderse cuando dos de sus fans, \u00abque son de Valladolid, se presentan aqu\u00ed cada a\u00f1o para comprar mi \u00faltimo trabajo\u00bb. Al escritor de Basauri Jon Arretxe, no le vienen a la cabeza historias sorprendentes pese a que lleva los \u00faltimos \u00ab30 a\u00f1os\u00bb tras los mostradores de la Azoka. No obstante, apunta que cada vez est\u00e1 \u00abm\u00e1s a gusto\u00bb en su relaci\u00f3n con el lector, y reconoce tomar consciencia de que \u00ablos a\u00f1os van pasando, cuando muchos de los que me parecen mayores me dicen que le\u00edan mis libros de ni\u00f1os\u00bb. <\/p>\n<p class=\"v-p\">Y qu\u00e9 decir de ese p\u00fablico fiel que, edici\u00f3n tras edici\u00f3n, abarrota la Azoka para, al margen de fotos y firmas, juntarse con los amigos, comprar productos de la cultura vasca o simplemente pasar un buen rato. Es el caso de Erlantz, Dani, Jaione y Andoni, que a pesar de llegar de diferentes localidades, tales como Urrunaga, Vitoria o Arantza, en Navarra, aprovechan esta cita anual para juntarse y ponerse al d\u00eda. <\/p>\n<p class=\"v-p\">El caso de los inseparables Arkaitz y Zigor es un poco diferente. Estos dos erandiotarras se conocieron hace ya unas d\u00e9cadas en la ikastola y han aprovechado para comprar un regalo a la madre del primero que \u00abha pasado una semana un poco mala\u00bb. Asimismo Miriam, cuya banda sonora vital est\u00e1 compuesta por los temas de Gatibu, ha venido desde Laudio para tener un \u00faltimo recuerdo la banda de Gernika que en pocos d\u00edas se despedir\u00e1 para siempre de los escenarios.<\/p>\n<p>Reporta un error<\/p>\n","protected":false},"excerpt":{"rendered":"Domingo, 7 de diciembre 2025, 00:37 Adem\u00e1s de ser el gran mercado de la cultura vasca, uno de&hellip;\n","protected":false},"author":2,"featured_media":275144,"comment_status":"","ping_status":"","sticky":false,"template":"","format":"standard","meta":{"footnotes":""},"categories":[91],"tags":[146,147,25,24,8076,225,13586,2461,23,67143],"class_list":{"0":"post-275143","1":"post","2":"type-post","3":"status-publish","4":"format-standard","5":"has-post-thumbnail","7":"category-entretenimiento","8":"tag-entertainment","9":"tag-entretenimiento","10":"tag-es","11":"tag-espana","12":"tag-firme","13":"tag-libros","14":"tag-mochila","15":"tag-mujer","16":"tag-spain","17":"tag-traido"},"share_on_mastodon":{"url":"https:\/\/pubeurope.com\/@es\/115675713077139713","error":""},"_links":{"self":[{"href":"https:\/\/www.europesays.com\/es\/wp-json\/wp\/v2\/posts\/275143","targetHints":{"allow":["GET"]}}],"collection":[{"href":"https:\/\/www.europesays.com\/es\/wp-json\/wp\/v2\/posts"}],"about":[{"href":"https:\/\/www.europesays.com\/es\/wp-json\/wp\/v2\/types\/post"}],"author":[{"embeddable":true,"href":"https:\/\/www.europesays.com\/es\/wp-json\/wp\/v2\/users\/2"}],"replies":[{"embeddable":true,"href":"https:\/\/www.europesays.com\/es\/wp-json\/wp\/v2\/comments?post=275143"}],"version-history":[{"count":0,"href":"https:\/\/www.europesays.com\/es\/wp-json\/wp\/v2\/posts\/275143\/revisions"}],"wp:featuredmedia":[{"embeddable":true,"href":"https:\/\/www.europesays.com\/es\/wp-json\/wp\/v2\/media\/275144"}],"wp:attachment":[{"href":"https:\/\/www.europesays.com\/es\/wp-json\/wp\/v2\/media?parent=275143"}],"wp:term":[{"taxonomy":"category","embeddable":true,"href":"https:\/\/www.europesays.com\/es\/wp-json\/wp\/v2\/categories?post=275143"},{"taxonomy":"post_tag","embeddable":true,"href":"https:\/\/www.europesays.com\/es\/wp-json\/wp\/v2\/tags?post=275143"}],"curies":[{"name":"wp","href":"https:\/\/api.w.org\/{rel}","templated":true}]}}