{"id":275148,"date":"2025-12-07T01:37:10","date_gmt":"2025-12-07T01:37:10","guid":{"rendered":"https:\/\/www.europesays.com\/es\/275148\/"},"modified":"2025-12-07T01:37:10","modified_gmt":"2025-12-07T01:37:10","slug":"el-botin-de-los-cachorros-de-otegi-contra-espana-dos-banderas-una-cruz-la-placa-de-una-calle-y-el-cuerno-del-ultimo-toro-de-osborne-el-mundo","status":"publish","type":"post","link":"https:\/\/www.europesays.com\/es\/275148\/","title":{"rendered":"El bot\u00edn de los cachorros de Otegi contra Espa\u00f1a: dos banderas, una cruz, la placa de una calle y el cuerno del \u00faltimo toro de Osborne &#8211; El Mundo"},"content":{"rendered":"<ol>\n<li><a href=\"https:\/\/news.google.com\/rss\/articles\/CBMif0FVX3lxTE9FdW9Ualg3Q3NsYWJ4ZHAtbUtJUl81ZTNHZy1YR1NmazZjSkdHR1AxazZsWXFfc3RVWFBIQUJteExvMXQtVGZTd2w1UklwYzJRSnlobmRLVWlZX2QzTmdXRlpDV2kyQ09CczN2alF5emRUS05DYVRCMlM3MFFTdlnSAX9BVV95cUxNZDU1Q2VtTERnWVhPbWNNVlZ3MjNCOGc1LUhzcmxlWVpZZzBGekdpRTNMSFpDSnZLNDRWTkE1dWN6alVNeW45UzZTU2FwRGh3czFXVG5Zd3RqTXVNRFBOM0tScXVrT3hpUkE3NU5CTmpSeVZlV3JMRE9qOUJZRV9R?oc=5\" target=\"_blank\" rel=\"nofollow noopener\">El bot\u00edn de los cachorros de Otegi contra Espa\u00f1a: dos banderas, una cruz, la placa de una calle y el cuerno del \u00faltimo toro de Osborne<\/a>&nbsp;&nbsp;El Mundo<\/li>\n<li><a href=\"https:\/\/news.google.com\/rss\/articles\/CBMiuAFBVV95cUxPMVQyamgtb1VOMUlJQWduNnlKRWZ5a3llLUFXOWlMWjdZUlRpTUdvRXoydWs5d3pvbTRqSlU4U2NKOW9Ra0tQTUNQWmh0SmZJdnREMy1YU3h5LXB2SGQzWXE5bHBjajBQelp1T0M3cWZNRm5xWkhScW9qc011dHNBZ0N1Ymt3SmY5NEs2NUwyaVltYVctanZraWk4S0txSzVpdDRYbDJkSUZCYWFwTDE0ay05VVVTeU9Y?oc=5\" target=\"_blank\" rel=\"nofollow noopener\">La semana de ataques \u00abantiespa\u00f1oles\u00bb de los &#8216;cachorros&#8217; de Bildu pone al partido de Otegi y sus socios frente al espejo<\/a>&nbsp;&nbsp;ABC<\/li>\n<li><a href=\"https:\/\/news.google.com\/rss\/articles\/CBMirgFBVV95cUxPU3VuaF8wM0pRNWVjNTJmbTZySW1DZXpqZTRmZG9Zcl9kVzd0VU9vNzZSOXVQSmhkeExfeFNsS2pSS1dNYl9HRWdPUURJRUVuSHYzbWJuQVFTekZRWlhqZ05sR1F2cEk1cHlLR2IzcjFJZkRHTWhadmExVzlMX21mZmttb3BuWnZPLTc5OUk3Rkl0dTBoUzUwYkNBS2U5V2VtbVVkZTdTS3VDQ1FKM0E?oc=5\" target=\"_blank\" rel=\"nofollow noopener\">El PNV exige a EH Bildu que \u00abno se lave las manos\u00bb tras las acciones de Ernai<\/a>&nbsp;&nbsp;El Diario Vasco<\/li>\n<li><a href=\"https:\/\/news.google.com\/rss\/articles\/CBMinwFBVV95cUxPOWRNZUJfeW9uRGFacEtJU05PeFVHZXFMLTZSOU14Y2RlZjlwSEtpZHlVLTYwSFNLa2ExZGVVT3JKMVd6UksyZE9QY3JKbkJ4TEhyb0tKeUxvWUN3ZndkSVprVGR1OVFPZzlKVWdNT3d4TGdFbnBjczI1b3NZQ1lHc3poTjhwN0xXYndoRGFrSUxMSU9PNVotTkVfWnkzb1U?oc=5\" target=\"_blank\" rel=\"nofollow noopener\">El PP vasco acusa a PNV y PSE de \u00abblanquear\u00bb el \u00abesp\u00edritu talib\u00e1n\u00bb de la izquierda abertzale<\/a>&nbsp;&nbsp;El Correo<\/li>\n<li><a href=\"https:\/\/news.google.com\/rss\/articles\/CBMitAFBVV95cUxNNkt0Rzh5MlNoS0pOR0txUVVCSk1sYTdKRWpjR3J2dE5JNlNEUUxzYmczV3BzZUJKa1k5YjNKTEpVNFZDYWNqYUZPTmhFUHZKNlI1RGJINDZlcENzby1UdE94bFJhbXdZUFZ1QU9BaW5CMjl1cXlFU0VIN3NmTXNvUnVxYWRUNzhsd1ozeEJibWlMWW1PdlA3RUsta2ptck9HZTlaYm44UlNIYVlOWDEwY0gzaDc?oc=5\" target=\"_blank\" rel=\"nofollow noopener\">El eurodiputado Javier Zarzalejos denuncia ante Bruselas los ataques a la sede del PP en Bilbao<\/a>&nbsp;&nbsp;Hoy<\/li>\n<\/ol>\n","protected":false},"excerpt":{"rendered":"El bot\u00edn de los cachorros de Otegi contra Espa\u00f1a: dos banderas, una cruz, la placa de una calle&hellip;\n","protected":false},"author":2,"featured_media":275149,"comment_status":"","ping_status":"","sticky":false,"template":"","format":"standard","meta":{"footnotes":""},"categories":[8],"tags":[17,18,25,24,13,14,11,19,20,9,10,15,16,264,23,12,21,22],"class_list":{"0":"post-275148","1":"post","2":"type-post","3":"status-publish","4":"format-standard","5":"has-post-thumbnail","7":"category-espana","8":"tag-breaking-news","9":"tag-breakingnews","10":"tag-es","11":"tag-espana","12":"tag-featured-news","13":"tag-featurednews","14":"tag-headlines","15":"tag-latest-news","16":"tag-latestnews","17":"tag-news","18":"tag-noticias","19":"tag-noticias-destacadas","20":"tag-noticiasdestacadas","21":"tag-pais-vasco","22":"tag-spain","23":"tag-titulares","24":"tag-ultimas-noticias","25":"tag-ultimasnoticias"},"share_on_mastodon":{"url":"https:\/\/pubeurope.com\/@es\/115675728831285827","error":""},"_links":{"self":[{"href":"https:\/\/www.europesays.com\/es\/wp-json\/wp\/v2\/posts\/275148","targetHints":{"allow":["GET"]}}],"collection":[{"href":"https:\/\/www.europesays.com\/es\/wp-json\/wp\/v2\/posts"}],"about":[{"href":"https:\/\/www.europesays.com\/es\/wp-json\/wp\/v2\/types\/post"}],"author":[{"embeddable":true,"href":"https:\/\/www.europesays.com\/es\/wp-json\/wp\/v2\/users\/2"}],"replies":[{"embeddable":true,"href":"https:\/\/www.europesays.com\/es\/wp-json\/wp\/v2\/comments?post=275148"}],"version-history":[{"count":0,"href":"https:\/\/www.europesays.com\/es\/wp-json\/wp\/v2\/posts\/275148\/revisions"}],"wp:featuredmedia":[{"embeddable":true,"href":"https:\/\/www.europesays.com\/es\/wp-json\/wp\/v2\/media\/275149"}],"wp:attachment":[{"href":"https:\/\/www.europesays.com\/es\/wp-json\/wp\/v2\/media?parent=275148"}],"wp:term":[{"taxonomy":"category","embeddable":true,"href":"https:\/\/www.europesays.com\/es\/wp-json\/wp\/v2\/categories?post=275148"},{"taxonomy":"post_tag","embeddable":true,"href":"https:\/\/www.europesays.com\/es\/wp-json\/wp\/v2\/tags?post=275148"}],"curies":[{"name":"wp","href":"https:\/\/api.w.org\/{rel}","templated":true}]}}