{"id":275160,"date":"2025-12-07T01:51:11","date_gmt":"2025-12-07T01:51:11","guid":{"rendered":"https:\/\/www.europesays.com\/es\/275160\/"},"modified":"2025-12-07T01:51:11","modified_gmt":"2025-12-07T01:51:11","slug":"los-concursantes-de-ot-reaccionan-a-la-no-participacion-de-espana-en-eurovision-me-parece-bien-ocio-y-cultura","status":"publish","type":"post","link":"https:\/\/www.europesays.com\/es\/275160\/","title":{"rendered":"Los concursantes de OT reaccionan a la no participaci\u00f3n de Espa\u00f1a en Eurovisi\u00f3n: \u00abMe parece bien\u00bb | Ocio y cultura"},"content":{"rendered":"<p class=\"loc\">Madrid<\/p>\n<p>El pasado jueves <a href=\"https:\/\/cadenaser.com\/nacional\/2025\/12\/04\/israel-participara-finalmente-en-eurovision-2026-despues-de-la-votacion-en-la-uer-si-espana-cumple-su-promesa-no-participara-este-ano-cadena-ser\/\" target=\"_blank\" rel=\"nofollow noopener\" title=\"https:\/\/cadenaser.com\/nacional\/2025\/12\/04\/israel-participara-finalmente-en-eurovision-2026-despues-de-la-votacion-en-la-uer-si-espana-cumple-su-promesa-no-participara-este-ano-cadena-ser\/\">RTVE hizo oficial la retirada de Espa\u00f1a del Festival de Eurovisi\u00f3n 2026<\/a> tras la votaci\u00f3n de los pa\u00edses sobre las normas que buscan rebajar la influencia de los gobiernos en las votaciones del festival, tras las que 34 pa\u00edses apoyaron las medidas, y con ello permitieron que Israel participe en el pr\u00f3ximo certamen. Una noticia que ha llegado incluso a la casa de Operaci\u00f3n Triunfo.<\/p>\n<p>M\u00e1s informaci\u00f3n<\/p>\n<p>La presentadora, In\u00e9s Hernand, ha sido la responsable de comunicar la noticia a los concursantes, y con ello ha roto el aislamiento de estos. \u00abOs traigo una noticia de rabiosa actualidad y a partir de ella debatimos, y vamos viendo. Es un poco clase de historia lo que traigo. De las poquitas veces que se va a permitir en Operaci\u00f3n Triunfo traer informaci\u00f3n del exterior\u00bb, admit\u00eda la madrile\u00f1a.<\/p>\n<p>\u00abEspa\u00f1a no se presenta a Eurovisi\u00f3n 2026\u00bb, comunicaba Hernand ante la sorpresa de los concursantes. Entre gritos de sorpresa apareci\u00f3 la primera opini\u00f3n, de parte de Tinho, que asegur\u00f3 que le parec\u00eda bien la decisi\u00f3n de Espa\u00f1a.<\/p>\n<p>No somos los \u00fanicos<\/p>\n<p>Hernand ha explicado a los concursantes que Espa\u00f1a no ha sido la \u00fanica en tomar esa decisi\u00f3n. <a href=\"https:\/\/cadenaser.com\/nacional\/2025\/12\/04\/paises-bajos-se-suma-al-boicot-de-espana-y-no-acudira-a-eurovision-2026-por-la-participacion-de-israel-cadena-ser\/\" target=\"_blank\" rel=\"nofollow noopener\" title=\"https:\/\/cadenaser.com\/nacional\/2025\/12\/04\/paises-bajos-se-suma-al-boicot-de-espana-y-no-acudira-a-eurovision-2026-por-la-participacion-de-israel-cadena-ser\/\">\u00abSon cuatro pa\u00edses<\/a> los que nos sumamos a este boicot cultural con una herramienta que es muy valiosa, que es la m\u00fasica, que es donde tambi\u00e9n est\u00e1is vosotros\u00bb, ha explicado.<\/p>\n<p>En este sentido, y tal y como propon\u00eda Hernand, los concursantes y la propia presentadora han iniciado un debate sobre dar nuestra opini\u00f3n en redes sociales. Guillo ha enfatizado en que dentro de OT quiere ser natural a la hora de transmitir lo que piensa, pero tambi\u00e9n ha admitido sentir miedo de ser cancelado.<\/p>\n<p>\u00abEstamos tan acostumbrados en redes a ver que alguien da su opini\u00f3n y muchas personas se tiran encima por cualquier cosa, que tiene una repercusi\u00f3n desmesurada que siento que aqu\u00ed vamos con el freno de mano\u00bb, ha sentenciado.<\/p>\n","protected":false},"excerpt":{"rendered":"Madrid El pasado jueves RTVE hizo oficial la retirada de Espa\u00f1a del Festival de Eurovisi\u00f3n 2026 tras la&hellip;\n","protected":false},"author":2,"featured_media":275161,"comment_status":"","ping_status":"","sticky":false,"template":"","format":"standard","meta":{"footnotes":""},"categories":[171],"tags":[146,147,25,24,23,214],"class_list":{"0":"post-275160","1":"post","2":"type-post","3":"status-publish","4":"format-standard","5":"has-post-thumbnail","7":"category-tv","8":"tag-entertainment","9":"tag-entretenimiento","10":"tag-es","11":"tag-espana","12":"tag-spain","13":"tag-tv"},"share_on_mastodon":{"url":"https:\/\/pubeurope.com\/@es\/115675783671873731","error":""},"_links":{"self":[{"href":"https:\/\/www.europesays.com\/es\/wp-json\/wp\/v2\/posts\/275160","targetHints":{"allow":["GET"]}}],"collection":[{"href":"https:\/\/www.europesays.com\/es\/wp-json\/wp\/v2\/posts"}],"about":[{"href":"https:\/\/www.europesays.com\/es\/wp-json\/wp\/v2\/types\/post"}],"author":[{"embeddable":true,"href":"https:\/\/www.europesays.com\/es\/wp-json\/wp\/v2\/users\/2"}],"replies":[{"embeddable":true,"href":"https:\/\/www.europesays.com\/es\/wp-json\/wp\/v2\/comments?post=275160"}],"version-history":[{"count":0,"href":"https:\/\/www.europesays.com\/es\/wp-json\/wp\/v2\/posts\/275160\/revisions"}],"wp:featuredmedia":[{"embeddable":true,"href":"https:\/\/www.europesays.com\/es\/wp-json\/wp\/v2\/media\/275161"}],"wp:attachment":[{"href":"https:\/\/www.europesays.com\/es\/wp-json\/wp\/v2\/media?parent=275160"}],"wp:term":[{"taxonomy":"category","embeddable":true,"href":"https:\/\/www.europesays.com\/es\/wp-json\/wp\/v2\/categories?post=275160"},{"taxonomy":"post_tag","embeddable":true,"href":"https:\/\/www.europesays.com\/es\/wp-json\/wp\/v2\/tags?post=275160"}],"curies":[{"name":"wp","href":"https:\/\/api.w.org\/{rel}","templated":true}]}}