{"id":275164,"date":"2025-12-07T01:54:10","date_gmt":"2025-12-07T01:54:10","guid":{"rendered":"https:\/\/www.europesays.com\/es\/275164\/"},"modified":"2025-12-07T01:54:10","modified_gmt":"2025-12-07T01:54:10","slug":"alba-y-busquets-se-retiran-con-la-mls-cup-bajo-el-brazo-tras-la-victoria-del-inter-miami","status":"publish","type":"post","link":"https:\/\/www.europesays.com\/es\/275164\/","title":{"rendered":"Alba y Busquets se retiran con la MLS Cup bajo el brazo tras la victoria del Inter Miami"},"content":{"rendered":"<p class=\"mb-4 text-lg md:leading-8 break-words\">Fort Lauderdale (EE.UU.), 6 dic (EFE).- Jordi Alba y Sergio Busquets pusieron este s\u00e1bado la \u00faltima piedra a su exitosa trayectoria deportiva haciendo lo que mejor saben: ganar un trofeo.<\/p>\n<p class=\"mb-4 text-lg md:leading-8 break-words\">La victoria del Inter Miami este s\u00e1bado en la final de la MLS Cup, ante el Vancouver Whitecaps, supuso el cierre de dos carreras repletas de t\u00edtulos para los dos jugadores catalanes, que se retiran como figuras fundamentales en la historia reciente del Barcelona y de la selecci\u00f3n espa\u00f1ola.<\/p>\n<p class=\"mb-4 text-lg md:leading-8 break-words\">Alba, de 36 a\u00f1os, y Busquets, de 37, hab\u00edan anunciado que se retirar\u00edan del f\u00fatbol al finalizar esta temporada, y marcaron en el calendario este 6 de diciembre como la fecha deseada para ello.<\/p>\n<p class=\"mb-4 text-lg md:leading-8 break-words\">La MLS Cup era el t\u00edtulo m\u00e1s relevante a nivel dom\u00e9stico que faltaba en sus vitrinas, y la celebraci\u00f3n es todav\u00eda m\u00e1s alegre despu\u00e9s del varapalo que el Inter Miami se llev\u00f3 hace un a\u00f1o, cuando cay\u00f3 en primera ronda de &#8216;playoffs&#8217; tras quedar campe\u00f3n de la fase regular.<\/p>\n<p class=\"mb-4 text-lg md:leading-8 break-words\">Como si los jugadores hubieran querido regalarle a Alba y a Busquets una despedida so\u00f1ada, el Inter Miami se mostr\u00f3 casi intratable en las eliminatorias por el t\u00edtulo, con cinco victorias de gran contundencia y una derrota.<\/p>\n<p class=\"mb-4 text-lg md:leading-8 break-words\">El triunfo de este s\u00e1bado tambi\u00e9n conlleva un aroma a venganza, puesto que los Vancouver Whitecaps eliminaron al Inter Miami el pasado mayo en semifinales de la Copa de Campeones de la Concacaf.<\/p>\n<p class=\"mb-4 text-lg md:leading-8 break-words\">Salvados sobre la bocina<\/p>\n<p class=\"mb-4 text-lg md:leading-8 break-words\">La final de la MLS Cup era un todo o nada para el Inter Miami, que no hab\u00eda conquistado ning\u00fan t\u00edtulo en la temporada pese al fara\u00f3nico proyecto que comenz\u00f3 en 2023 con la llegada de Lionel Messi.<\/p>\n<p class=\"mb-4 text-lg md:leading-8 break-words\">En mayo lleg\u00f3 la eliminaci\u00f3n en las semifinales de la Copa de Campeones de la Concacaf, y en agosto el Inter Miami fue derrotado por 3-0 en la final de la Leagues Cup ante los Seattle Sounders.<\/p>\n<p class=\"mb-4 text-lg md:leading-8 break-words\">Pero la conquista de la MLS supone un broche de oro para las carreras de Busquets, que se retira con 37 t\u00edtulos, y de Alba, que suma 23 antes de colgar las botas.<\/p>\n<p class=\"mb-4 text-lg md:leading-8 break-words\">Ambos ficharon por el Inter Miami unos d\u00edas despu\u00e9s de que lo hiciera Messi y juntos lograron la Leagues Cup al mes de su llegada. El a\u00f1o pasado se uni\u00f3 Luis Su\u00e1rez, quien ser\u00eda part\u00edcipe de la conquista del MLS Supporters&#8217; Shield 2024, el trofeo que reconoci\u00f3 al Inter Miami como el equipo con m\u00e1s puntos de la temporada regular de la MLS.<\/p>\n<p class=\"mb-4 text-lg md:leading-8 break-words\">El fichaje del argentino Rodrigo De Paul este verano continu\u00f3 esta tendencia de estrellas procedentes de Europa que tocan metal a los meses de su llegada a Miami.<\/p>\n<p class=\"mb-4 text-lg md:leading-8 break-words\">La \u00fanica espina clavada es la de la Copa de Campeones de la Concacaf, un torneo que el proyecto del Inter Miami estaba llamado a lograr despu\u00e9s de semejante inversi\u00f3n.<\/p>\n<p><img alt=\"\" loading=\"lazy\" width=\"960\" height=\"660\" decoding=\"async\" data-nimg=\"1\" class=\"rounded-lg\" style=\"color:transparent\" src=\"https:\/\/www.europesays.com\/es\/wp-content\/uploads\/2025\/12\/f5c47f584f54b06d3fd072251a4518db.jpeg\"\/><\/p>\n<p class=\"mb-4 text-lg md:leading-8 break-words\">Siempre indiscutibles<\/p>\n<p class=\"mb-4 text-lg md:leading-8 break-words\">Tanto Alba como Busquets siempre fueron titulares indiscutibles para Gerardo &#8216;Tata&#8217; Martino, durante el primer a\u00f1o y medio en Miami, y posteriormente para Javier Mascherano.<\/p>\n<p class=\"mb-4 text-lg md:leading-8 break-words\">En dos temporadas y media en Miami, Busquets acumul\u00f3 116 partidos en los que anot\u00f3 un gol, pero sobre todo sirvi\u00f3 de pegamento entre un ataque arrollador y una defensa extraordinariamente fr\u00e1gil.<\/p>\n<p class=\"mb-4 text-lg md:leading-8 break-words\">Aunque su capacidad f\u00edsica no fue la misma que en el Barcelona, donde debut\u00f3 a las \u00f3rdenes de Pep Guardiola en 2008 procedente del filial y pas\u00f3 15 temporadas, su posicionamiento y su calidad t\u00e9cnica compensaron el paso de los a\u00f1os.<\/p>\n<p class=\"mb-4 text-lg md:leading-8 break-words\">Alba se qued\u00f3 en 103 partidos con el Inter Miami, en los que anot\u00f3 15 goles y reparti\u00f3 decenas de asistencias arrancando desde la banda izquierda. Su conexi\u00f3n con Messi, que se remonta a la \u00e9poca del Barcelona, propici\u00f3 incontables ocasiones y tantos para los de Miami.<\/p>\n<p class=\"mb-4 text-lg md:leading-8 break-words\">Adem\u00e1s, el desempe\u00f1o del lateral le permiti\u00f3 acabar la temporada 2024 en el once ideal de la MLS y ser votado para el Partido de las Estrellas de este a\u00f1o.<\/p>\n<p class=\"mb-4 text-lg md:leading-8 break-words\">Futuro en el banquillo y en la directiva<\/p>\n<p class=\"mb-4 text-lg md:leading-8 break-words\">Busquets y Alba seguir\u00e1n ligados al f\u00fatbol tras su retirada, aunque cada uno desde una posici\u00f3n distinta. Mientras el volante dijo que se tomar\u00e1 un a\u00f1o sab\u00e1tico antes de lanzarse hacia una carrera como entrenador, el lateral se centrar\u00e1 en el proyecto del CE L&#8217;Hospitalet, equipo de su ciudad natal y del que forma parte de la directiva junto a su excompa\u00f1ero en el Barcelona Thiago Hern\u00e1ndez.<\/p>\n<p class=\"mb-4 text-lg md:leading-8 break-words\">Ambos dejan dos carreras brillantes y casi paralelas. Busquets form\u00f3 junto a Xavi Hern\u00e1ndez y Andr\u00e9s Iniesta uno de los centros del campo m\u00e1s victoriosos en la historia del f\u00fatbol, tanto con el Barcelona como con Espa\u00f1a.<\/p>\n<p class=\"mb-4 text-lg md:leading-8 break-words\">Tres Champions, nueve Ligas, siete Copas del Rey, siete Supercopas de Espa\u00f1a, tres Supercopas de Europa y tres Mundiales de Clubes con el Barcelona, adem\u00e1s de un Mundial y una Eurocopa con la selecci\u00f3n espa\u00f1ola, junto a los tres t\u00edtulos con Inter Miami, son el balance de Busquets, en casi veinte a\u00f1os de carrera.<\/p>\n<p class=\"mb-4 text-lg md:leading-8 break-words\">Alba jug\u00f3 siete a\u00f1os en las categor\u00edas inferiores del Bar\u00e7a, pero debut\u00f3 en primera divisi\u00f3n con el Valencia. No fue hasta 2012 cuando fich\u00f3 por el equipo cul\u00e9, con el que conquist\u00f3 seis Ligas, cinco Copas del Rey, cuatro Supercopas de Espa\u00f1a, una Liga de Campeones, un Mundial de Clubes y una Supercopa de Europa.<\/p>\n<p class=\"mb-4 text-lg md:leading-8 break-words\">Adem\u00e1s de los tres trofeos con el Inter Miami, el palmar\u00e9s de Alba tambi\u00e9n cuenta con la Eurocopa de 2012, en la que anot\u00f3 un gol en la final contra Italia, y con una Liga de Naciones con Espa\u00f1a.<\/p>\n<p class=\"mb-4 text-lg md:leading-8 break-words\">Por Hugo Barcia<\/p>\n<p><img alt=\"\" loading=\"lazy\" width=\"960\" height=\"660\" decoding=\"async\" data-nimg=\"1\" class=\"rounded-lg\" style=\"color:transparent\" src=\"https:\/\/www.europesays.com\/es\/wp-content\/uploads\/2025\/12\/58d1770ad55feb0c8edc81aecca0f64a.jpeg\"\/><\/p>\n<p class=\"mb-4 text-lg md:leading-8 break-words\">(c) Agencia EFE<\/p>\n","protected":false},"excerpt":{"rendered":"Fort Lauderdale (EE.UU.), 6 dic (EFE).- Jordi Alba y Sergio Busquets pusieron este s\u00e1bado la \u00faltima piedra a&hellip;\n","protected":false},"author":2,"featured_media":275165,"comment_status":"","ping_status":"","sticky":false,"template":"","format":"standard","meta":{"footnotes":""},"categories":[93],"tags":[67145,168,25,24,3413,24534,3411,6584,3328,3410,23,167],"class_list":{"0":"post-275164","1":"post","2":"type-post","3":"status-publish","4":"format-standard","5":"has-post-thumbnail","7":"category-deportes","8":"tag-copa-de-campeones-de-la-concacaf","9":"tag-deportes","10":"tag-es","11":"tag-espana","12":"tag-jordi-alba","13":"tag-la-temporada","14":"tag-lionel-messi","15":"tag-miami","16":"tag-mls","17":"tag-sergio-busquets","18":"tag-spain","19":"tag-sports"},"share_on_mastodon":{"url":"https:\/\/pubeurope.com\/@es\/115675795659174861","error":""},"_links":{"self":[{"href":"https:\/\/www.europesays.com\/es\/wp-json\/wp\/v2\/posts\/275164","targetHints":{"allow":["GET"]}}],"collection":[{"href":"https:\/\/www.europesays.com\/es\/wp-json\/wp\/v2\/posts"}],"about":[{"href":"https:\/\/www.europesays.com\/es\/wp-json\/wp\/v2\/types\/post"}],"author":[{"embeddable":true,"href":"https:\/\/www.europesays.com\/es\/wp-json\/wp\/v2\/users\/2"}],"replies":[{"embeddable":true,"href":"https:\/\/www.europesays.com\/es\/wp-json\/wp\/v2\/comments?post=275164"}],"version-history":[{"count":0,"href":"https:\/\/www.europesays.com\/es\/wp-json\/wp\/v2\/posts\/275164\/revisions"}],"wp:featuredmedia":[{"embeddable":true,"href":"https:\/\/www.europesays.com\/es\/wp-json\/wp\/v2\/media\/275165"}],"wp:attachment":[{"href":"https:\/\/www.europesays.com\/es\/wp-json\/wp\/v2\/media?parent=275164"}],"wp:term":[{"taxonomy":"category","embeddable":true,"href":"https:\/\/www.europesays.com\/es\/wp-json\/wp\/v2\/categories?post=275164"},{"taxonomy":"post_tag","embeddable":true,"href":"https:\/\/www.europesays.com\/es\/wp-json\/wp\/v2\/tags?post=275164"}],"curies":[{"name":"wp","href":"https:\/\/api.w.org\/{rel}","templated":true}]}}