{"id":275168,"date":"2025-12-07T01:56:15","date_gmt":"2025-12-07T01:56:15","guid":{"rendered":"https:\/\/www.europesays.com\/es\/275168\/"},"modified":"2025-12-07T01:56:15","modified_gmt":"2025-12-07T01:56:15","slug":"habia-dias-que-no-queria-salir-de-casa-sentia-rechazo","status":"publish","type":"post","link":"https:\/\/www.europesays.com\/es\/275168\/","title":{"rendered":"\u201cHab\u00eda d\u00edas que no quer\u00eda salir de casa, sent\u00eda rechazo\u201d"},"content":{"rendered":"<p id=\"e2QJ7_ARGF\" data-wc=\"212\">El pasado mes de septiembre, la reaparici\u00f3n televisiva de Jorge Javier V\u00e1zquez con el estreno de Gran Hermano no dej\u00f3 a nadie indiferente. Su nueva imagen se viraliz\u00f3 en minutos, catapult\u00e1ndolo como uno de los temas m\u00e1s comentados en redes sociales. Tras semanas de especulaciones, el presentador de 55 a\u00f1os ha decidido sentarse en el plat\u00f3 de \u00a1De Viernes!, ante Bea Archidona y Santi Acosta, para compartir la verdadera raz\u00f3n detr\u00e1s de su decisi\u00f3n de pasar por el quir\u00f3fano y, sobre todo, el inesperado calvario que vivi\u00f3 en el postoperatorio. La sinceridad del presentador fue rotunda al explicar los motivos que lo llevaron a buscar un rejuvenecimiento. Jorge Javier desvel\u00f3 que no aceptaba el paso del tiempo, y el reflejo que le devolv\u00eda el espejo le sum\u00eda en una profunda tristeza. \u00abSinceramente, <strong>no aguanto verme todos los d\u00edas en un plasma y sobre todo a una determinada edad<\/strong>\u00ab, confes\u00f3. Y ahond\u00f3 en este sentimiento: \u00abHay un baj\u00f3n f\u00edsico importante y creo que no es lo mismo cuando trabajas en un medio donde no te tienes que ver, que en que s\u00ed. Yo me veo todos los d\u00edas ampliado y no me gustaba. Incluso hab\u00eda d\u00edas que llegaba a pensar; &#8216;prefiero quedarme en casa que verme as\u00ed&#8217;. Me produc\u00eda rechazo&#8230;la edad no perdona\u00bb.<\/p>\n<p> <img src=\"https:\/\/www.europesays.com\/es\/wp-content\/uploads\/2025\/12\/b7556d583f5e-captura-de-pantalla-58.png\"   width=\"1024\" height=\"573\" loading=\"lazy\" decoding=\"async\" alt=\"Mostr\u00f3 c\u00f3mo fue su postoperatorio\" fetchpriority=\"auto\" class=\"image ho-image\"\/>\u00a9 TelecincoMostr\u00f3 c\u00f3mo fue su postoperatorio<\/p>\n<p id=\"eOd02g31yHa\" data-wc=\"126\">Motivado por este \u00abrechazo\u00bb y decidido a restarse unos a\u00f1os, Jorge Javier visit\u00f3 al cirujano con una idea muy clara: \u00abMi idea era hacerme \u00fanicamente el cuello\u00bb, explic\u00f3. Sin embargo, el especialista le sugiri\u00f3 ir m\u00e1s all\u00e1. \u00abMe dijo que era claro candidato porque al llegar all\u00ed, te ponen en un espejo y te dicen que hagas gestos\u00bb, detall\u00f3 el periodista. Tras esta valoraci\u00f3n, la decisi\u00f3n se expandi\u00f3: \u00abMe dijo que hab\u00eda otro tipo de cosas que me pod\u00eda hacer para rejuvenecer m\u00e1s la cara y ah\u00ed dije &#8216;<strong>mira, estoy en un momento de mi vida que me encuentro bien f\u00edsicamente<\/strong>&#8216;. Pens\u00e9 que estaba bien de salud y <strong>creo que estas operaciones hay que hacerlas cuando eres m\u00e1s o menos joven<\/strong> y pens\u00e9 &#8216;<strong>me lo hago<\/strong>&#8216;\u00bb.<\/p>\n<p> <img src=\"https:\/\/www.europesays.com\/es\/wp-content\/uploads\/2025\/12\/962f822dd6fd-captura-de-pantalla-68.png\"   width=\"1024\" height=\"561\" loading=\"lazy\" decoding=\"async\" alt=\"As\u00ed fue su reencuentro tras a\u00f1os\" fetchpriority=\"auto\" class=\"image ho-image\"\/>\u00a9 TelecincoAs\u00ed fue su reencuentro tras a\u00f1os<\/p>\n<p id=\"eTUpZO31IudD\" data-wc=\"135\">El presentador se someti\u00f3 a dos operaciones distintas, la primera de las cuales tuvo lugar en el mes de julio. \u00abEl 29 de julio me hice los ojos y luego me he hecho el lifting de la cola de la ceja, que te levantan un poco\u00bb, desvel\u00f3. Esta primera intervenci\u00f3n, que tambi\u00e9n incluy\u00f3 un &#8216;lip lift&#8217; (una reducci\u00f3n de piel debajo de la nariz para levantar el labio), sum\u00f3 un total de seis horas en el quir\u00f3fano. \u00abMe cort\u00e9 un poco de piel debajo del labio y te lo levantan, parece que te has puesto labios, pero no es as\u00ed. <strong>Yo no ten\u00eda labio y es que con el envejecimiento, uno de los s\u00edntomas es que te crece la zona entre la nariz y el labio inferior.\u00a0<\/strong>La nariz no me la he tocado\u00bb, aclar\u00f3.<\/p>\n<p> <img src=\"https:\/\/www.europesays.com\/es\/wp-content\/uploads\/2025\/12\/5ef9f93c0be9-captura-de-pantalla-59.png\"   width=\"1024\" height=\"581\" loading=\"lazy\" decoding=\"async\" alt=\"El presentador relat\u00f3 con sinceridad el dif\u00edcil proceso\" fetchpriority=\"auto\" class=\"image ho-image\"\/>\u00a9 TelecincoEl presentador relat\u00f3 con sinceridad el dif\u00edcil proceso<\/p>\n<p id=\"e3ynBR2A_oB2\" data-wc=\"94\">La segunda intervenci\u00f3n, la \u00abm\u00e1s importante\u00bb seg\u00fan \u00e9l, se centr\u00f3 en el cuello y la mand\u00edbula, y se extendi\u00f3 durante diez largas horas. El presentador fue muy claro al desmentir rumores: \u00abNo es una masculinizaci\u00f3n, como han dicho, es un rejuvenecimiento, una reconstrucci\u00f3n muscular\u00bb. A pesar de que el cirujano le hab\u00eda recomendado tomarse las cosas con calma, Jorge Javier confes\u00f3 su prisa por disfrutar del verano: \u00ab<strong>Yo como lo quiero todo, pues no quise perderme las vacaciones, me iba 15 d\u00edas en julio y ya despu\u00e9s solo me quedaba un mes para recuperarme<\/strong>\u00ab.<\/p>\n<p> <img src=\"https:\/\/www.europesays.com\/es\/wp-content\/uploads\/2025\/12\/476b3896bbf0-captura-de-pantalla-60.png\"   width=\"1024\" height=\"675\" loading=\"lazy\" decoding=\"async\" alt=\"Jorge Javier, durante su esperada conversaci\u00f3n\" fetchpriority=\"auto\" class=\"image ho-image\"\/>\u00a9 TelecincoJorge Javier, durante su esperada conversaci\u00f3n<\/p>\n<p id=\"e7W4ecaTVpkf\" data-wc=\"92\">No obstante, su historial m\u00e9dico complic\u00f3 el proceso. El presentador, que sufri\u00f3 un ictus en 2019, toma una medicaci\u00f3n diaria que facilitaba el sangrado. \u00abYo ten\u00eda dos problemas, el tiempo y la m\u00e1s importante es que desde el 19 que me dio el ictus pues yo me tomo una pastilla todos los d\u00edas; <a class=\"hm-link ho-link\" href=\"https:\/\/www.hola.com\/actualidad\/20250905854049\/jorge-javier-vazquez-nueva-cara-supervivientes-all-stars\/\" rel=\"noopener nofollow\" target=\"_blank\" data-mrf-recirculation=\"article-body-link\">esto para las operaciones es complicado\u00bb<\/a>, revel\u00f3. El verdadero drama comenz\u00f3 tras la primera intervenci\u00f3n. \u00abMe subi\u00f3 mucho la tensi\u00f3n la primera noche tras la operaci\u00f3n y no pod\u00edan bajarla. Fue una noche terrible, con unos dolores tremendos\u00bb, recuerda.<\/p>\n<p> <img src=\"https:\/\/www.europesays.com\/es\/wp-content\/uploads\/2025\/12\/eb4c776c0c84-captura-de-pantalla-62.png\"   width=\"1024\" height=\"557\" loading=\"lazy\" decoding=\"async\" alt=\"Jorge Javier no esquiv\u00f3 ning\u00fan detalle y comparti\u00f3 c\u00f3mo se sinti\u00f3\" fetchpriority=\"auto\" class=\"image ho-image\"\/>\u00a9 TelecincoJorge Javier no esquiv\u00f3 ning\u00fan detalle y comparti\u00f3 c\u00f3mo se sinti\u00f3<\/p>\n<p id=\"eFSwhdXQJAWv\" data-wc=\"132\">Pero la situaci\u00f3n se agrav\u00f3 una vez en casa. \u00abMe dieron el alta y un d\u00eda despu\u00e9s not\u00e9 que la cara se me llenaba de l\u00edquido y pens\u00e9 que iba a estallar. Tuve que volver al hospital y al quir\u00f3fano para drenar\u00bb, desvel\u00f3 el periodista. La subida de tensi\u00f3n sufrida le desfigur\u00f3 el rostro de manera dram\u00e1tica: \u00abNo pod\u00eda cerrar el ojo, estaba como el hombre elefante y se me hizo un derrame terrible\u00bb. Pese al calvario, Jorge Javier se muestra satisfecho con el resultado: \u00ab<strong>Estoy m\u00e1s c\u00f3modo con esta nueva cara, me veo bien,\u00a0<\/strong>y hay que tener en cuenta que todav\u00eda estoy inflamado. Estas operaciones tardan entre 6 meses y un a\u00f1o en asentarse\u00bb. El proceso, adem\u00e1s, le ha servido para valorarse: \u00abFue complicado para m\u00ed reaparecer tras la intervenci\u00f3n\u00bb.<\/p>\n<p> <img src=\"https:\/\/www.europesays.com\/es\/wp-content\/uploads\/2025\/12\/6147ad46c14c-captura-de-pantalla-66.png\"   width=\"1024\" height=\"594\" loading=\"lazy\" decoding=\"async\" alt=\"El presentador mostr\u00f3 su faceta m\u00e1s vulnerable al explicar las complicaciones\" fetchpriority=\"auto\" class=\"image ho-image\"\/>\u00a9 TelecincoEl presentador mostr\u00f3 su faceta m\u00e1s vulnerable al explicar las complicaciones<br \/>\nEl reencuentro m\u00e1s esperado: Jorge Javier y Lydia Lozano<\/p>\n<p id=\"eh0Om7_UePFA\" data-wc=\"159\">La noche de confesiones tuvo un interludio cargado de nostalgia y emoci\u00f3n: el reencuentro con Lydia Lozano. Los que fueran reyes indiscutibles de la audiencia durante 14 a\u00f1os en S\u00e1lvame llevaban dos a\u00f1os y medio sin verse en el plat\u00f3 de Telecinco. Lydia volv\u00eda al programa tras semanas dif\u00edciles por el delicado estado de salud de su marido, Charly. \u00abQue no haya noticias es una buena noticia. Hay gente que me dice, no llores delante de \u00e9l, pero Charlie me lo nota siempre\u00bb, confesaba Lydia, visiblemente emocionada. La sorpresa lleg\u00f3 cuando Jorge Javier irrumpi\u00f3 en la sala donde se encontraba Lydia. Sin previo aviso, los dos se fundieron en un abrazo largu\u00edsimo y sincero, demostrando que su complicidad sigue intacta. La primera reacci\u00f3n de Lydia, fiel a su humor caracter\u00edstico, fue directamente al aspecto de su amigo: \u00ab<strong>Est\u00e1s de lujo. Ya no eres un meme. Se te ha bajado todo ya<\/strong>\u00ab. Jorge Javier, entre risas, respondi\u00f3: \u00ab<strong>Bueno, todav\u00eda queda<\/strong>\u00ab.<\/p>\n<p> <img src=\"https:\/\/www.europesays.com\/es\/wp-content\/uploads\/2025\/12\/25bf44b0819e-captura-de-pantalla-64.png\"   width=\"1024\" height=\"648\" loading=\"lazy\" decoding=\"async\" alt=\"V\u00e1zquez narr\u00f3 con detalle su experiencia en el quir\u00f3fano\" fetchpriority=\"auto\" class=\"image ho-image\"\/>\u00a9 TelecincoV\u00e1zquez narr\u00f3 con detalle su experiencia en el quir\u00f3fano<\/p>\n<p> <img src=\"https:\/\/www.europesays.com\/es\/wp-content\/uploads\/2025\/12\/ab9d6ec48069-captura-de-pantalla-63.png\"   width=\"1024\" height=\"496\" loading=\"lazy\" decoding=\"async\" alt=\"Con emoci\u00f3n y humor, Jorge Javier record\u00f3 la reacci\u00f3n del p\u00fablico\" fetchpriority=\"auto\" class=\"image ho-image\"\/>\u00a9 TelecincoCon emoci\u00f3n y humor, Jorge Javier record\u00f3 la reacci\u00f3n del p\u00fablico<\/p>\n<p id=\"eRKeS8Ybk4Ju\" data-wc=\"117\">El reencuentro estuvo lleno de gui\u00f1os a su pasado. \u00ab<strong>Qu\u00e9 alegr\u00eda verte. Hija, nos han pasado cosas<\/strong>\u00ab, abri\u00f3 la veda Jorge Javier, a lo que Lydia respondi\u00f3 con un lac\u00f3nico \u00ab<strong>de todo<\/strong>\u00ab, resumiendo las vueltas que ha dado su vida profesional. Lydia reconoci\u00f3: \u00ab<strong>\u00a1Mogoll\u00f3n!<\/strong>\u00bb al preguntarle Jorge si echaba de menos volver a Mediaset, y admiti\u00f3 que no esperaba regresar. La conversaci\u00f3n dio un giro jugoso cuando Jorge Javier desvel\u00f3 que Lydia estaba \u00abigual de guapa\u00bb que siempre y que su relaci\u00f3n nunca se hab\u00eda roto, pues hab\u00edan seguido hablando \u00abpor tel\u00e9fono\u00bb. No obstante, el presentador confes\u00f3 que durante el verano hab\u00eda evitado verla, inventando excusas para que Lydia no se diera cuenta de su reciente operaci\u00f3n.<\/p>\n<p> <img src=\"https:\/\/www.europesays.com\/es\/wp-content\/uploads\/2025\/12\/973d396eccf3-captura-de-pantalla-65.png\"   width=\"1024\" height=\"460\" loading=\"lazy\" decoding=\"async\" alt=\"El presentador asegur\u00f3 sentirse hoy m\u00e1s c\u00f3modo con su imagen y satisfecho\" fetchpriority=\"auto\" class=\"image ho-image\"\/>\u00a9 TelecincoEl presentador asegur\u00f3 sentirse hoy m\u00e1s c\u00f3modo con su imagen y satisfecho<\/p>\n<p> <img src=\"https:\/\/www.europesays.com\/es\/wp-content\/uploads\/2025\/12\/a3afef608731-captura-de-pantalla-67.png\"   width=\"1024\" height=\"627\" loading=\"lazy\" decoding=\"async\" alt=\"orge Javier destac\u00f3 la importancia de la terapia y del autocuidado\" fetchpriority=\"auto\" class=\"image ho-image\"\/>\u00a9 Telecincoorge Javier destac\u00f3 la importancia de la terapia y del autocuidado<\/p>\n<p id=\"eJqm7HstflEP\" data-wc=\"172\">Sin embargo, la tertuliana le devolvi\u00f3 la jugada: \u00abEn verano yo te dec\u00eda &#8216;no, no puedo quedar&#8217;. Est\u00e1s descubriendo a quien te lo cont\u00f3. Acabas de meter la pata. Eres una metepatas, una bocachancla, porque te lo cont\u00f3 una persona conocida por los dos. Mira, ya te he pillado. Si es que es m\u00e1s f\u00e1cil pillarte&#8230; As\u00ed que alguien me traicion\u00f3\u00bb, solt\u00f3 Lydia a un sorprendido Jorge Javier. \u00c9l, entre carcajadas c\u00f3mplices, replic\u00f3: \u00abEntonces ya s\u00e9 qui\u00e9n te lo ha dicho. \u00a1Lo has traicionado, eh! Porque es alguien que tenemos en com\u00fan, con quien \u00edbamos a comer los tres juntos. Es que sigues igual de bocachancla, t\u00fa no cambias.\u00bb Ambos cerraron este emotivo reencuentro viendo un v\u00eddeo de sus mejores momentos en S\u00e1lvame.\u00a0\u00abHan sido 15 a\u00f1os todos los d\u00edas. <strong>15 a\u00f1os todos los d\u00edas 4 horas&#8230; \u00a1Y los viernes 8!<\/strong>\u00ab, se\u00f1al\u00f3 Jorge Javier, recordando la larga e intensa etapa profesional que compartieron, demostrando que, m\u00e1s all\u00e1 de las operaciones y las ausencias, la qu\u00edmica y el cari\u00f1o entre ellos sigue intacto.<\/p>\n","protected":false},"excerpt":{"rendered":"El pasado mes de septiembre, la reaparici\u00f3n televisiva de Jorge Javier V\u00e1zquez con el estreno de Gran Hermano&hellip;\n","protected":false},"author":2,"featured_media":275169,"comment_status":"","ping_status":"","sticky":false,"template":"","format":"standard","meta":{"footnotes":""},"categories":[91],"tags":[517,146,147,25,24,6063,23,692,807],"class_list":{"0":"post-275168","1":"post","2":"type-post","3":"status-publish","4":"format-standard","5":"has-post-thumbnail","7":"category-entretenimiento","8":"tag-actualidad","9":"tag-entertainment","10":"tag-entretenimiento","11":"tag-es","12":"tag-espana","13":"tag-jorge-javier-vazquez","14":"tag-spain","15":"tag-telecinco","16":"tag-television"},"share_on_mastodon":{"url":"https:\/\/pubeurope.com\/@es\/115675804149842207","error":""},"_links":{"self":[{"href":"https:\/\/www.europesays.com\/es\/wp-json\/wp\/v2\/posts\/275168","targetHints":{"allow":["GET"]}}],"collection":[{"href":"https:\/\/www.europesays.com\/es\/wp-json\/wp\/v2\/posts"}],"about":[{"href":"https:\/\/www.europesays.com\/es\/wp-json\/wp\/v2\/types\/post"}],"author":[{"embeddable":true,"href":"https:\/\/www.europesays.com\/es\/wp-json\/wp\/v2\/users\/2"}],"replies":[{"embeddable":true,"href":"https:\/\/www.europesays.com\/es\/wp-json\/wp\/v2\/comments?post=275168"}],"version-history":[{"count":0,"href":"https:\/\/www.europesays.com\/es\/wp-json\/wp\/v2\/posts\/275168\/revisions"}],"wp:featuredmedia":[{"embeddable":true,"href":"https:\/\/www.europesays.com\/es\/wp-json\/wp\/v2\/media\/275169"}],"wp:attachment":[{"href":"https:\/\/www.europesays.com\/es\/wp-json\/wp\/v2\/media?parent=275168"}],"wp:term":[{"taxonomy":"category","embeddable":true,"href":"https:\/\/www.europesays.com\/es\/wp-json\/wp\/v2\/categories?post=275168"},{"taxonomy":"post_tag","embeddable":true,"href":"https:\/\/www.europesays.com\/es\/wp-json\/wp\/v2\/tags?post=275168"}],"curies":[{"name":"wp","href":"https:\/\/api.w.org\/{rel}","templated":true}]}}