{"id":275172,"date":"2025-12-07T01:58:12","date_gmt":"2025-12-07T01:58:12","guid":{"rendered":"https:\/\/www.europesays.com\/es\/275172\/"},"modified":"2025-12-07T01:58:12","modified_gmt":"2025-12-07T01:58:12","slug":"el-ibex-acecha-nuevos-maximos-ante-la-prevision-de-bajadas-de-tipos-en-ee-uu","status":"publish","type":"post","link":"https:\/\/www.europesays.com\/es\/275172\/","title":{"rendered":"El Ibex acecha nuevos m\u00e1ximos ante la previsi\u00f3n de bajadas de tipos en EE UU"},"content":{"rendered":"<p>            El Ibex acecha nuevos m\u00e1ximos ante la previsi\u00f3n de bajadas de tipos en EE UU                <\/p>\n<p>El Ibex acecha nuevos m\u00e1ximos ante la previsi\u00f3n de bajadas de tipos en EE UU<\/p>\n<p class=\"epigraph\">Pese a la ligera ca\u00edda del 0,3% del viernes, el selectivo lidera las subidas en Europa con un alza del 2% en la semana.<\/p>\n<p class=\"paragraph\">Nueva semana de ganancias para el <a href=\"https:\/\/www.heraldo.es\/noticias\/economia\/2025\/11\/19\/burbuja-ia-ibex-caidas-cuatro-dias-resultados-nvidia-1871581.html\" title=\"El riesgo de la burbuja en la IA intimida al mercado y el Ibex pierde casi un 5% en cuatro d\u00edas\" target=\"_blank\" rel=\"nofollow noopener\">Ibex-35<\/a>, que repite como el mejor de Europa con otra escalada acumulada cercana al 2% que acerca al selectivo a nuevos m\u00e1ximos hist\u00f3ricos. El pleno al verde habr\u00eda sido completo de no ser por<b> la ca\u00edda del 0,3% del viernes que puso fin a nueve jornadas consecutivas de subidas, en las que el indicador ha ganado un 5,5%. <\/b>Una racha casi hist\u00f3rica que eleva la revalorizaci\u00f3n anual a un espectacular 43%, consolidando a la Bolsa espa\u00f1ola como uno de los mejores activos de inversi\u00f3n de este 2025.<\/p>\n<p>            Conforme a los criterios de<br \/>\n            <a class=\"trustproject_img\" id=\"trustproject_img\" href=\"https:\/\/thetrustproject.org\/\" target=\"_blank\" rel=\"nofollow noopener\" aria-label=\"Trust Project\"><img decoding=\"async\" loading=\"lazy\" src=\"https:\/\/www.heraldo.es\/images\/Trust-Logo-Horizontal.svg\" alt=\"Logo Trust Project\" width=\"200\" height=\"34\"\/><\/a><\/p>\n<p>        <a href=\"https:\/\/www.henneo.com\/\" title=\"Grupo Henneo\" class=\"logo\" rel=\"nofollow noopener\" target=\"_blank\"><br \/>\n            <img decoding=\"async\" src=\"https:\/\/www.heraldo.es\/images\/logo_henneo_gris.svg\" alt=\"Logo Henneo\" width=\"559\" height=\"389\" loading=\"lazy\"\/><br \/>\n        <\/a><\/p>\n<p>\u00a9 HERALDO DE ARAGON EDITORA, S.L.U.<br \/>Tel\u00e9fono 976 765 000 \/ &#8211; P\u00ba. Independencia, 29, 50001 Zaragoza &#8211; CIF: B99288763 &#8211; Inscrita en el Registro Mercantil de Zaragoza al Tomo 3796, Libro 0, Folio 177, Secci\u00f3n 8, Hoja Z-50564<br \/>Queda prohibida toda reproducci\u00f3n sin permiso escrito de la empresa a los efectos del art\u00edculo 32.1, p\u00e1rrafo segundo, de la Ley de Propiedad Intelectual<\/p>\n<p>\n                P\u00ba Independencia, 29, 50001 Zaragoza<br \/> Tel\u00e9fono 976 765 000\n            <\/p>\n<p>                    Actualmente tu navegador no permite ejecutar JavaScript. Para poder disfrutar de nuestro contenido es necesario que lo permita.<br \/>\n                                        <img decoding=\"async\" loading=\"lazy\" alt=\"Heraldo logo\" src=\"https:\/\/dkumiip2e9ary.cloudfront.net\/xalok\/heraldo\/especiales\/hola-de-nuevo\/logo-heraldo.svg\" width=\"215\" height=\"43\"\/><\/p>\n","protected":false},"excerpt":{"rendered":"El Ibex acecha nuevos m\u00e1ximos ante la previsi\u00f3n de bajadas de tipos en EE UU El Ibex acecha&hellip;\n","protected":false},"author":2,"featured_media":275173,"comment_status":"","ping_status":"","sticky":false,"template":"","format":"standard","meta":{"footnotes":""},"categories":[80],"tags":[57527,45496,82,95,94,25,24,11039,5024,21381,23],"class_list":{"0":"post-275172","1":"post","2":"type-post","3":"status-publish","4":"format-standard","5":"has-post-thumbnail","7":"category-economia","8":"tag-acecha","9":"tag-bajadas","10":"tag-business","11":"tag-economia","12":"tag-economy","13":"tag-es","14":"tag-espana","15":"tag-maximos","16":"tag-nuevos","17":"tag-prevision","18":"tag-spain"},"share_on_mastodon":{"url":"https:\/\/pubeurope.com\/@es\/115675811924162408","error":""},"_links":{"self":[{"href":"https:\/\/www.europesays.com\/es\/wp-json\/wp\/v2\/posts\/275172","targetHints":{"allow":["GET"]}}],"collection":[{"href":"https:\/\/www.europesays.com\/es\/wp-json\/wp\/v2\/posts"}],"about":[{"href":"https:\/\/www.europesays.com\/es\/wp-json\/wp\/v2\/types\/post"}],"author":[{"embeddable":true,"href":"https:\/\/www.europesays.com\/es\/wp-json\/wp\/v2\/users\/2"}],"replies":[{"embeddable":true,"href":"https:\/\/www.europesays.com\/es\/wp-json\/wp\/v2\/comments?post=275172"}],"version-history":[{"count":0,"href":"https:\/\/www.europesays.com\/es\/wp-json\/wp\/v2\/posts\/275172\/revisions"}],"wp:featuredmedia":[{"embeddable":true,"href":"https:\/\/www.europesays.com\/es\/wp-json\/wp\/v2\/media\/275173"}],"wp:attachment":[{"href":"https:\/\/www.europesays.com\/es\/wp-json\/wp\/v2\/media?parent=275172"}],"wp:term":[{"taxonomy":"category","embeddable":true,"href":"https:\/\/www.europesays.com\/es\/wp-json\/wp\/v2\/categories?post=275172"},{"taxonomy":"post_tag","embeddable":true,"href":"https:\/\/www.europesays.com\/es\/wp-json\/wp\/v2\/tags?post=275172"}],"curies":[{"name":"wp","href":"https:\/\/api.w.org\/{rel}","templated":true}]}}