{"id":275174,"date":"2025-12-07T01:59:09","date_gmt":"2025-12-07T01:59:09","guid":{"rendered":"https:\/\/www.europesays.com\/es\/275174\/"},"modified":"2025-12-07T01:59:09","modified_gmt":"2025-12-07T01:59:09","slug":"venezolanos-en-decenas-de-paises-marchan-tras-convocatoria-de-maria-corina-machado-a-pocos-dias-de-recibir-el-nobel-de-la-paz","status":"publish","type":"post","link":"https:\/\/www.europesays.com\/es\/275174\/","title":{"rendered":"Venezolanos en decenas de pa\u00edses marchan tras convocatoria de Mar\u00eda Corina Machado a pocos d\u00edas de recibir el Nobel de la Paz"},"content":{"rendered":"<p>      CNN Espa\u00f1ol<br \/>\n        \u00a0\u2014\u00a0<\/p>\n<p class=\"paragraph inline-placeholder vossi-paragraph\" data-uri=\"es.cms.cnn.com\/_components\/paragraph\/instances\/cmiujhkpz000r26nn95uzb6ha@published\" data-editable=\"text\" data-component-name=\"paragraph\" data-article-gutter=\"true\">\n            Venezolanos en distintas partes del mundo acudieron este s\u00e1bado a una Marcha \u201cPor la Paz y la Libertad <a href=\"https:\/\/x.com\/ConVzlaComando\/status\/1996700949440524335\" target=\"_blank\" rel=\"nofollow\">convocada<\/a> por la l\u00edder opositora Mar\u00eda Corina Machado, galardonada con el Premio Nobel de la Paz 2025, a pocos d\u00edas de que se lleve a cabo la entrega del prestigioso reconocimiento en Oslo, Noruega.\n    <\/p>\n<p class=\"paragraph inline-placeholder vossi-paragraph\" data-uri=\"es.cms.cnn.com\/_components\/paragraph\/instances\/cmiusn6fe0003356ngvqky1pr@published\" data-editable=\"text\" data-component-name=\"paragraph\" data-article-gutter=\"true\">\n            Hay registro de marchas en ciudades de Espa\u00f1a, Argentina, Noruega y Per\u00fa, seg\u00fan informes de la agencia Reuters. Por su parte, Comando con Venezuela, la organizaci\u00f3n pol\u00edtica que encabeza Machado, <a href=\"https:\/\/x.com\/MundoConVzla\/status\/1997292755907903744\" target=\"_blank\" rel=\"nofollow\">inform\u00f3<\/a> de marchas en Tailandia, Australia, Alemania, B\u00e9lgica, Pa\u00edses Bajos, Suiza, Francia, Barbados, Italia, Reino Unido, Suecia.\n    <\/p>\n<p class=\"paragraph inline-placeholder vossi-paragraph\" data-uri=\"es.cms.cnn.com\/_components\/paragraph\/instances\/cmiusn6fe0004356nhflpa7ou@published\" data-editable=\"text\" data-component-name=\"paragraph\" data-article-gutter=\"true\">\n            En un <a href=\"https:\/\/x.com\/ConVzlaComando\/status\/1996700949440524335\" target=\"_blank\" rel=\"nofollow\">video<\/a> publicado en redes sociales el jueves, Machado anunci\u00f3 la movilizaci\u00f3n.\n    <\/p>\n<p class=\"paragraph inline-placeholder vossi-paragraph\" data-uri=\"es.cms.cnn.com\/_components\/paragraph\/instances\/cmiusn6fe0005356ntn2a47ws@published\" data-editable=\"text\" data-component-name=\"paragraph\" data-article-gutter=\"true\">\n            \u201cEste pr\u00f3ximo s\u00e1bado 6 de diciembre, en familia, con la fuerza que nos caracteriza, a pocos d\u00edas de la entrega del Nobel en Oslo, nos vamos a concentrar en m\u00e1s de 20 pa\u00edses y 80 ciudades del mundo para elevar nuestra voz y marchar por la paz\u201d, dijo la opositora venezolana en el video.\n    <\/p>\n<p class=\"paragraph inline-placeholder vossi-paragraph\" data-uri=\"es.cms.cnn.com\/_components\/paragraph\/instances\/cmiusn6fe0006356nk9i2ffay@published\" data-editable=\"text\" data-component-name=\"paragraph\" data-article-gutter=\"true\">\n            Machado a\u00f1adi\u00f3 que en el <a href=\"https:\/\/elnobelesnuestro.com\/\" target=\"_blank\" rel=\"nofollow noopener\">sitio web<\/a> \u201cEl Nobel es Nuestro\u201d se pueden ubicar los puntos de movilizaci\u00f3n en cada pa\u00eds.\n    <\/p>\n<p class=\"paragraph inline-placeholder vossi-paragraph\" data-uri=\"es.cms.cnn.com\/_components\/paragraph\/instances\/cmiusn6fe0007356nq2udmgwr@published\" data-editable=\"text\" data-component-name=\"paragraph\" data-article-gutter=\"true\">\n            El Premio Nobel de la Paz, <a href=\"https:\/\/cnnespanol.cnn.com\/2025\/10\/10\/mundo\/premio-nobel-paz-maria-corina-machado-lider-opositora-venezolana-trax\" rel=\"nofollow noopener\" target=\"_blank\">otorgado<\/a> a Mar\u00eda Corina Machado en octubre, se entrega en una ceremonia oficial el pr\u00f3ximo mi\u00e9rcoles 10 de diciembre en la ciudad de Oslo, en Noruega.\n    <\/p>\n<p class=\"paragraph inline-placeholder vossi-paragraph\" data-uri=\"es.cms.cnn.com\/_components\/paragraph\/instances\/cmiusn6fe0008356n9def59ke@published\" data-editable=\"text\" data-component-name=\"paragraph\" data-article-gutter=\"true\">\n            Un vocero del Instituto Nobel afirm\u00f3 a CNN que este viernes Machado confirm\u00f3 <a href=\"https:\/\/cnnespanol.cnn.com\/2025\/11\/18\/venezuela\/maria-corina-machado-manifiesto-clandestinidad-orix\" rel=\"nofollow noopener\" target=\"_blank\">nuevamente<\/a> su asistencia a la entrega del premio, aunque a\u00fan no hay detalles sobre c\u00f3mo o cu\u00e1ndo llegar\u00e1 a Noruega.\n    <\/p>\n<p class=\"paragraph inline-placeholder vossi-paragraph\" data-uri=\"es.cms.cnn.com\/_components\/paragraph\/instances\/cmiusn6fe0009356n9ixbw17n@published\" data-editable=\"text\" data-component-name=\"paragraph\" data-article-gutter=\"true\">\n            En noviembre, el l\u00edder del Comit\u00e9 Nobel, J\u00f8rgen Watne Frydnes, se\u00f1al\u00f3 a la Corporaci\u00f3n Noruega de Radiodifusi\u00f3n que se trata de un viaje que calific\u00f3 de peligroso, y agreg\u00f3 que espera que se garantice la seguridad de Machado para llegar a Noruega y volver a su pa\u00eds.\n    <\/p>\n<p class=\"paragraph inline-placeholder vossi-paragraph\" data-uri=\"es.cms.cnn.com\/_components\/paragraph\/instances\/cmiusn6fe000a356nbdgsaw0q@published\" data-editable=\"text\" data-component-name=\"paragraph\" data-article-gutter=\"true\">\n            Machado dijo en el video del jueves que el Nobel es \u201cun reconocimiento que nos convoca a\u00fan m\u00e1s firmes para completar la tarea, para lograr la libertad de Venezuela\u201d.\n    <\/p>\n<p class=\"paragraph inline-placeholder vossi-paragraph\" data-uri=\"es.cms.cnn.com\/_components\/paragraph\/instances\/cmiusn6fe000b356nokwv195v@published\" data-editable=\"text\" data-component-name=\"paragraph\" data-article-gutter=\"true\">\n            Previamente, la opositora venezolana <a href=\"https:\/\/cnnespanol.cnn.com\/2025\/10\/15\/venezuela\/maria-corina-machado-entrevista-amanpour-orix\" rel=\"nofollow noopener\" target=\"_blank\">indic\u00f3<\/a> a CNN que consider\u00f3 el galard\u00f3n \u201cuna confirmaci\u00f3n de que el mundo est\u00e1 apoyando la causa de la democracia y la libertad en nuestra regi\u00f3n\u201d.\n    <\/p>\n<p class=\"paragraph inline-placeholder vossi-paragraph\" data-uri=\"es.cms.cnn.com\/_components\/paragraph\/instances\/cmiusn6fe000c356ndncbdevv@published\" data-editable=\"text\" data-component-name=\"paragraph\" data-article-gutter=\"true\">\n            Dos d\u00edas despu\u00e9s de que se otorgara el premio, Maduro descalific\u00f3 a Machado sin nombrarla. Adem\u00e1s, sin hablar del Nobel, Venezuela decidi\u00f3 cerrar su embajada en Noruega. Por su parte, Tarek William Saab, fiscal general de Venezuela, <a href=\"https:\/\/www.france24.com\/en\/live-news\/20251206-venezuela-s-machado-to-receive-peace-prize-in-oslo-nobel-institute\" target=\"_blank\" rel=\"nofollow noopener\">dijo<\/a> a la agencia de noticias AFP que Machado ser\u00eda considerada \u201cfugitiva\u201d en caso de que viajara a Noruega.\n    <\/p>\n<p class=\"paragraph inline-placeholder vossi-paragraph\" data-uri=\"es.cms.cnn.com\/_components\/paragraph\/instances\/cmiusn6fe000d356nn1hc43hj@published\" data-editable=\"text\" data-component-name=\"paragraph\" data-article-gutter=\"true\">\n            <a href=\"https:\/\/cnnespanol.cnn.com\/2025\/10\/15\/venezuela\/maria-corina-machado-entrevista-amanpour-orix#:~:text=Machado%20gan%C3%B3%20las,su%20c%C3%ADrculo%20cercano.\" rel=\"nofollow noopener\" target=\"_blank\">Machado<\/a> gan\u00f3 las primarias de la oposici\u00f3n de Venezuela realizadas en octubre de 2023, pero no pudo registrarse como candidata por cuestionadas resoluciones judiciales. La exdiputada se sum\u00f3 entonces a la candidatura presidencial del exembajador Edmundo Gonz\u00e1lez Urrutia, quien junto con la Plataforma Unitaria Democr\u00e1tica (PUD) afirma que gan\u00f3 los comicios del 28 de julio de 2024. El Consejo Nacional Electoral (CNE) declar\u00f3 vencedor al presidente Nicol\u00e1s Maduro, sin que hasta ahora se hayan publicado las actas detalladas de votaci\u00f3n. El Tribunal Supremo de Justicia (TSJ), una instituci\u00f3n af\u00edn al oficialismo igual que el CNE, ratific\u00f3 los resultados.\n    <\/p>\n<p class=\"paragraph inline-placeholder vossi-paragraph\" data-uri=\"es.cms.cnn.com\/_components\/paragraph\/instances\/cmiusn6fe000e356ncx2oq60n@published\" data-editable=\"text\" data-component-name=\"paragraph\" data-article-gutter=\"true\">\n            La l\u00edder opositora se mantiene en la clandestinidad, dice temer por su integridad y afirma que el Gobierno ha buscado intimidar a sus familiares y colaboradores en el movimiento opositor Vente Venezuela.\n    <\/p>\n<p class=\"paragraph inline-placeholder vossi-paragraph\" data-uri=\"es.cms.cnn.com\/_components\/paragraph\/instances\/cmiusn6fe000f356ngma9eu6w@published\" data-editable=\"text\" data-component-name=\"paragraph\" data-article-gutter=\"true\">\n            Anteriormente, el Gobierno de Venezuela <a href=\"https:\/\/cnnespanol.cnn.com\/2025\/10\/15\/venezuela\/maria-corina-machado-entrevista-amanpour-orix#:~:text=Machado%20gan%C3%B3%20las,su%20c%C3%ADrculo%20cercano.\" rel=\"nofollow noopener\" target=\"_blank\">ha negado<\/a> que realice acciones contra Machado o su c\u00edrculo cercano.\n    <\/p>\n","protected":false},"excerpt":{"rendered":"CNN Espa\u00f1ol \u00a0\u2014\u00a0 Venezolanos en distintas partes del mundo acudieron este s\u00e1bado a una Marcha \u201cPor la Paz&hellip;\n","protected":false},"author":2,"featured_media":275175,"comment_status":"","ping_status":"","sticky":false,"template":"","format":"standard","meta":{"footnotes":""},"categories":[42],"tags":[17,18,13,14,11,61,62,63,64,19,20,9,10,15,16,12,21,22,1192,65,66,67],"class_list":{"0":"post-275174","1":"post","2":"type-post","3":"status-publish","4":"format-standard","5":"has-post-thumbnail","7":"category-internacional","8":"tag-breaking-news","9":"tag-breakingnews","10":"tag-featured-news","11":"tag-featurednews","12":"tag-headlines","13":"tag-internacional","14":"tag-international","15":"tag-international-news","16":"tag-internationalnews","17":"tag-latest-news","18":"tag-latestnews","19":"tag-news","20":"tag-noticias","21":"tag-noticias-destacadas","22":"tag-noticiasdestacadas","23":"tag-titulares","24":"tag-ultimas-noticias","25":"tag-ultimasnoticias","26":"tag-venezuela","27":"tag-world","28":"tag-world-news","29":"tag-worldnews"},"share_on_mastodon":{"url":"https:\/\/pubeurope.com\/@es\/115675815301196683","error":""},"_links":{"self":[{"href":"https:\/\/www.europesays.com\/es\/wp-json\/wp\/v2\/posts\/275174","targetHints":{"allow":["GET"]}}],"collection":[{"href":"https:\/\/www.europesays.com\/es\/wp-json\/wp\/v2\/posts"}],"about":[{"href":"https:\/\/www.europesays.com\/es\/wp-json\/wp\/v2\/types\/post"}],"author":[{"embeddable":true,"href":"https:\/\/www.europesays.com\/es\/wp-json\/wp\/v2\/users\/2"}],"replies":[{"embeddable":true,"href":"https:\/\/www.europesays.com\/es\/wp-json\/wp\/v2\/comments?post=275174"}],"version-history":[{"count":0,"href":"https:\/\/www.europesays.com\/es\/wp-json\/wp\/v2\/posts\/275174\/revisions"}],"wp:featuredmedia":[{"embeddable":true,"href":"https:\/\/www.europesays.com\/es\/wp-json\/wp\/v2\/media\/275175"}],"wp:attachment":[{"href":"https:\/\/www.europesays.com\/es\/wp-json\/wp\/v2\/media?parent=275174"}],"wp:term":[{"taxonomy":"category","embeddable":true,"href":"https:\/\/www.europesays.com\/es\/wp-json\/wp\/v2\/categories?post=275174"},{"taxonomy":"post_tag","embeddable":true,"href":"https:\/\/www.europesays.com\/es\/wp-json\/wp\/v2\/tags?post=275174"}],"curies":[{"name":"wp","href":"https:\/\/api.w.org\/{rel}","templated":true}]}}