{"id":275176,"date":"2025-12-07T02:00:24","date_gmt":"2025-12-07T02:00:24","guid":{"rendered":"https:\/\/www.europesays.com\/es\/275176\/"},"modified":"2025-12-07T02:00:24","modified_gmt":"2025-12-07T02:00:24","slug":"el-narco-vuelve-a-revolverse-contra-la-guardia-civil-embisten-y-atropellan-a-varios-agentes-en-una-persecucion-en-los-barrios-el-mundo","status":"publish","type":"post","link":"https:\/\/www.europesays.com\/es\/275176\/","title":{"rendered":"El narco vuelve a revolverse contra la Guardia Civil: Embisten y atropellan a varios agentes en una persecuci\u00f3n en Los Barrios &#8211; El Mundo"},"content":{"rendered":"<ol>\n<li><a href=\"https:\/\/news.google.com\/rss\/articles\/CBMifkFVX3lxTE55OTBkQ0tiOFlDQTh3cks2UFpjcmJQTzdXanoyVEtOSm9TYWNTNWhmZThBaDdDTFo0Ynp3enN1aW1QWmQtNUtSX0xEZjVIVkZEdkdlZ3hLbWxxTDFkdEpwUllXRGp0ZlBKYjYwYTlVTVJ4cjg3NGM1TUJ2amstUdIBfkFVX3lxTFBpUnN3aUlGZDdXUG1RdC1yenJ4QUtqNkhqa2pHdVoxbW0wd3RWM1JSdGVwNXoxZGJqb1VGTnJERm04LXdEOWpzQlYxTjM3ZUNsdUhBbWdOUUtoaG4wd0owaFZ5dkppN1pTdW90akEwcEVTVENGdXk1cU5RdE52UQ?oc=5\" target=\"_blank\" rel=\"nofollow noopener\">El narco vuelve a revolverse contra la Guardia Civil: Embisten y atropellan a varios agentes en una persecuci\u00f3n en Los Barrios<\/a>&nbsp;&nbsp;El Mundo<\/li>\n<li><a href=\"https:\/\/news.google.com\/rss\/articles\/CBMi9gFBVV95cUxQcjZoTGdhb0lkLWhZWk9RSDhQZjk1Ynl1Z0FHTUtlWmZ2cnROSXJoUjdacGxXT1k4V2NKWlBhWl9kYVpsTlJWQmhNZC1UUEtwaEduQklZdGhhbTZDZHk2bXZVcW1TY1JRVkFva1U0Q3VzdmZCRHEtN0p0S2xwUS0tRHVLdnJqTTFKYkFadHdNa253cHFWejFLSm9XdUREYlNLM2VpeWdMVlZFMmJ2cmg1eGNldTNjTzVZNjYtdXI4QWY0ekxSZHdQWk5ta1RsczFZNlczdHRQeGpnVUpGVm9SZUs0c0M1cWphVFZSQ1pLOTE1MTlpc2fSAfYBQVVfeXFMTk9OOEx3R3lIMDFOdVZZNm8tazZiNk5seWhFRjdyWnAwbkZfQVpRNnoyS2NDZExHaVJtaG5KRkU5aWlDRWNpNGV3N3hYbmk0dTM1WGRuWUdETmZhN0RaVkJicllsSVB0Um1YazVjV0pvSVdUTGtGOGZYZ2NoLXc5a2lsdzRkVWxVQVdvT2ZxTVRtMl85VnVsUVRLSzZnWFh2SW5tc2V3M21kM0V0RGNFejctOXlZUjgtTWJNN2NMRVZkTDdwUEwyWE54STF5SnZCMVlSYWRiRXd1RWlaeVkteE1LSTFuUml6WktCN0tXamtaYU1sRVdn?oc=5\" target=\"_blank\" rel=\"nofollow noopener\">Heridos cuatro guardias civiles tras ser embestidos por un coche en Los Barrios (C\u00e1diz)<\/a>&nbsp;&nbsp;LaSexta<\/li>\n<li><a href=\"https:\/\/news.google.com\/rss\/articles\/CBMiqAFBVV95cUxPZ29oSGZVRldQMm56QWNEY1RqbFNKTHZUUzM1TUNQZTN6RDJ2R3BrRnl6SDlEZ2N3T1lJRWpQNUt4OXppR1NXa2RsbzQ5dmhiM3g3SFNOcVZVc2Vzekh2T1FIY1pJN3Z2Znp2MWR5dXdpdmZJWktfUXpYa041VGltX3BmWXhJMk90N1ltNllzampJUmdpdFpFSWdHc2JERFdBaDNGMW1fcXLSAa4BQVVfeXFMUG9yVVVVcElSQjF5M0RfQWo3UFZ1VUIycHpsX0VKaFhlMjNncWxFNXZEZ3I0ZzJFZGRyVmpfbnhVTG1YWGJzNkViSGk0SFdNQnJQMkV3akphVlROdWdnYzlzcUR5N0NhZV83U3h6a1kyLXduMjViZTIyYnRCV3d3REVaU09SOTdQUmlOTUx6MXR4NUVRWTY5aDl0YkpGbkNBaVVvZlJ0cmhjM1Nwd2pB?oc=5\" target=\"_blank\" rel=\"nofollow noopener\">Brutal persecuci\u00f3n en Los Barrios: un contrabandista intenta atropellar a un guardia civil y provoca varios heridos<\/a>&nbsp;&nbsp;Europa Sur<\/li>\n<li><a href=\"https:\/\/news.google.com\/rss\/articles\/CBMiygFBVV95cUxQM09BWmZxaGZzd05iTkNGR2V4ZlNwVGtEeTFHSHpzUGRKQk9ENlc5M2ZORGJSd1p4UGg3a0o2NlBtMHhhc21JWE1LcjN4aXJQNkJVNGMzVzE1RWFtMkwteTVMNXJIUEtRRnh5dGZCemItWEdpQ081UDRhQ1BJWUQzeHc2YkVUNGJJRGRmTmxRa01mN0NxdjYxLVh4OTFDa3JmZ0xJUEFDbGxzaXFIZDNIT3hfc2lZc0tUOHhMUWVEVVFlX0JzbWw0VUZ30gHPAUFVX3lxTE56bUdsOVJ4RmRraEFxaXZoNHBjUHlPZEFmWFBYTW8wellYSDVGak1ET0NORGhxUFJFR0ZKZTBZUE4xTlgwUmp4THl2WHpvcUJXTGM4dkFSTEw5c29hUlVyMjJadm1OczRCZ05RTS02akc4emdLVjJoUWZucGJkdVBQZl9Jd0ZKNlBjUjlPR2RiaC12WFowN25TVTlRRzVLUVo5NV9TcVNsdVFUVmd2cTlwckVMZ0VYQkw1ZjRCb3FrTVlUSGRZanltbVVGb3ZZQQ?oc=5\" target=\"_blank\" rel=\"nofollow noopener\">Cuatro agentes heridos en C\u00e1diz: \u00abLa violencia contra la Guardia Civil se dispara\u00bb<\/a>&nbsp;&nbsp;COPE<\/li>\n<li><a href=\"https:\/\/news.google.com\/rss\/articles\/CBMi2AFBVV95cUxQaW1JM1F1a1F6bElsYm53UTdxdzN5YTBVOEptWnJ0NWRxY19Nd3o4eGNFalZZUFZtY3BPSEp4MEUwSEJxQUtVbTYyVHdVZFBHNjhUVlJuYk1VcFNyZlBMejRNeF9RM2tfVTgyNjhSa01aWXRqelFGOWhSYXhzNTExX1lMNjRBTkticXAxMGR2b2dpb0JxMWZZMHVYUFgwdi03a0FqaGtSN3NxdVgtc3Rodk9zUGd0V1lrNTQ4Ukk3c3NQcGtFWjM5RVJkZU4wWG82YjViLVhPWE7SAfMBQVVfeXFMTS1Lbkh1TXgwbFBJdldudXRLQ2Rkb3hpeWdxRVRTZDRlTmhGWWtTRzB6QTBCRzlOYklOSURrN2NRWFh0MnRsNGpVN3U0UjRJUXhyMzJ6a0RjcVdtSUtYamViWnhUbjRPa2NubzUzZE9lTGxIdzVvS2kyaU1hUi1kWm9VSHJpVUJYR2NDX0RzLS1GMGU2Q01QTkV3ZXdPbGpINVVINC1WbHc0bVVWckVEZDZncVF6NGlERF9tNi1JY3lvMkFMWi1HNVEwZFlFVThid2Zyc1lGR3pwSm1WT013dlVFTUo4NFhYVUJuUmpJbi1hVDhn?oc=5\" target=\"_blank\" rel=\"nofollow noopener\">La asociaci\u00f3n Jucil reclama m\u00e1s medios tras otra agresi\u00f3n a agentes en Campo de Gibraltar<\/a>&nbsp;&nbsp;Infobae<\/li>\n<\/ol>\n","protected":false},"excerpt":{"rendered":"El narco vuelve a revolverse contra la Guardia Civil: Embisten y atropellan a varios agentes en una persecuci\u00f3n&hellip;\n","protected":false},"author":2,"featured_media":275177,"comment_status":"","ping_status":"","sticky":false,"template":"","format":"standard","meta":{"footnotes":""},"categories":[8],"tags":[259,17,18,2193,25,24,13,14,11,19,20,7337,9,10,15,16,23,12,21,22],"class_list":{"0":"post-275176","1":"post","2":"type-post","3":"status-publish","4":"format-standard","5":"has-post-thumbnail","7":"category-espana","8":"tag-andalucia","9":"tag-breaking-news","10":"tag-breakingnews","11":"tag-cadiz","12":"tag-es","13":"tag-espana","14":"tag-featured-news","15":"tag-featurednews","16":"tag-headlines","17":"tag-latest-news","18":"tag-latestnews","19":"tag-narcotrafico","20":"tag-news","21":"tag-noticias","22":"tag-noticias-destacadas","23":"tag-noticiasdestacadas","24":"tag-spain","25":"tag-titulares","26":"tag-ultimas-noticias","27":"tag-ultimasnoticias"},"share_on_mastodon":{"url":"https:\/\/pubeurope.com\/@es\/115675819138713621","error":""},"_links":{"self":[{"href":"https:\/\/www.europesays.com\/es\/wp-json\/wp\/v2\/posts\/275176","targetHints":{"allow":["GET"]}}],"collection":[{"href":"https:\/\/www.europesays.com\/es\/wp-json\/wp\/v2\/posts"}],"about":[{"href":"https:\/\/www.europesays.com\/es\/wp-json\/wp\/v2\/types\/post"}],"author":[{"embeddable":true,"href":"https:\/\/www.europesays.com\/es\/wp-json\/wp\/v2\/users\/2"}],"replies":[{"embeddable":true,"href":"https:\/\/www.europesays.com\/es\/wp-json\/wp\/v2\/comments?post=275176"}],"version-history":[{"count":0,"href":"https:\/\/www.europesays.com\/es\/wp-json\/wp\/v2\/posts\/275176\/revisions"}],"wp:featuredmedia":[{"embeddable":true,"href":"https:\/\/www.europesays.com\/es\/wp-json\/wp\/v2\/media\/275177"}],"wp:attachment":[{"href":"https:\/\/www.europesays.com\/es\/wp-json\/wp\/v2\/media?parent=275176"}],"wp:term":[{"taxonomy":"category","embeddable":true,"href":"https:\/\/www.europesays.com\/es\/wp-json\/wp\/v2\/categories?post=275176"},{"taxonomy":"post_tag","embeddable":true,"href":"https:\/\/www.europesays.com\/es\/wp-json\/wp\/v2\/tags?post=275176"}],"curies":[{"name":"wp","href":"https:\/\/api.w.org\/{rel}","templated":true}]}}