{"id":275183,"date":"2025-12-07T02:10:10","date_gmt":"2025-12-07T02:10:10","guid":{"rendered":"https:\/\/www.europesays.com\/es\/275183\/"},"modified":"2025-12-07T02:10:10","modified_gmt":"2025-12-07T02:10:10","slug":"de-los-mas-grandes-de-la-historia","status":"publish","type":"post","link":"https:\/\/www.europesays.com\/es\/275183\/","title":{"rendered":"De los m\u00e1s grandes de la historia"},"content":{"rendered":"<p data-gtm-element-container=\"modulo-texto-link\" class=\"paragraph\"><strong>Leo Messi <\/strong>fue nombrado <strong>MVP <\/strong>de la final que Inter Miami se llev\u00f3 ante <strong>Vancouver Whitecaps<\/strong> tras firmar dos asistencias fundamentales para el triunfo (3-1).\u00a0<\/p>\n<p data-gtm-element-container=\"modulo-texto-link\" class=\"paragraph\">El argentino, que ser\u00e1 nombrado tambi\u00e9n MVP de la temporada, sabore\u00f3 de forma distinta el 48 trofeo colectivo de toda su carrera (nadie ha levantado m\u00e1s en toda la historia). Y es que fue el \u00faltimo junto a<strong> Jordi Alba<\/strong> y <strong>Sergio Busquets<\/strong>, que pusieron el broche a su carrera de la forma m\u00e1s dulce y entre l\u00e1grimas de alegr\u00eda y tristeza se despidieron de los terrenos de juego.\u00a0<\/p>\n<p data-gtm-element-container=\"modulo-texto-link\" class=\"paragraph\"><strong>\u00abMe siento feliz por lo que conseguimos, por ellos. Que terminen as\u00ed su carrera es muy lindo, se lo merec\u00edan por lo que han sido, de los m\u00e1s grandes de la historia en su posici\u00f3n\u00bb<\/strong>, indic\u00f3 <strong>Messi<\/strong>, ensalzando su \u00abgran carrera y los t\u00edtulos que ganaron. No son conscientes a d\u00eda de hoy de lo que est\u00e1n viviendo. Se termina algo muy hermoso en lo que dedicaron toda su vida. <strong>Empieza otra vida y les deseo siempre lo mejor. Son dos amigos que quiero mucho\u00bb.<\/strong>\u00a0<\/p>\n<p>    Lee tambi\u00e9n<\/p>\n<p data-gtm-element-container=\"modulo-texto-link\" class=\"paragraph\"><strong>Messi <\/strong>valor\u00f3 tambi\u00e9n el triunfo de la MLS, motivo por el que fue tra\u00eddo a Miami por David Beckham. \u00abEra uno de nuestros objetivos cuando llegamos. Hicimos un gran a\u00f1o en todas las competiciones. Una final de League Cup, semis de Champions League Concacaf.. El a\u00f1o pasado ganamos la liga regular pero ca\u00edmos en primera ronda. <strong>Era el objetivo, el equipo hizo un esfuerzo muy grande y estuvo a la altura<\/strong>\u00ab, recalc\u00f3.\u00a0<\/p>\n","protected":false},"excerpt":{"rendered":"Leo Messi fue nombrado MVP de la final que Inter Miami se llev\u00f3 ante Vancouver Whitecaps tras firmar&hellip;\n","protected":false},"author":2,"featured_media":275184,"comment_status":"","ping_status":"","sticky":false,"template":"","format":"standard","meta":{"footnotes":""},"categories":[268],"tags":[168,25,24,280,282,281,23,167],"class_list":{"0":"post-275183","1":"post","2":"type-post","3":"status-publish","4":"format-standard","5":"has-post-thumbnail","7":"category-futbol","8":"tag-deportes","9":"tag-es","10":"tag-espana","11":"tag-football","12":"tag-futbol","13":"tag-soccer","14":"tag-spain","15":"tag-sports"},"share_on_mastodon":{"url":"https:\/\/pubeurope.com\/@es\/115675858527265822","error":""},"_links":{"self":[{"href":"https:\/\/www.europesays.com\/es\/wp-json\/wp\/v2\/posts\/275183","targetHints":{"allow":["GET"]}}],"collection":[{"href":"https:\/\/www.europesays.com\/es\/wp-json\/wp\/v2\/posts"}],"about":[{"href":"https:\/\/www.europesays.com\/es\/wp-json\/wp\/v2\/types\/post"}],"author":[{"embeddable":true,"href":"https:\/\/www.europesays.com\/es\/wp-json\/wp\/v2\/users\/2"}],"replies":[{"embeddable":true,"href":"https:\/\/www.europesays.com\/es\/wp-json\/wp\/v2\/comments?post=275183"}],"version-history":[{"count":0,"href":"https:\/\/www.europesays.com\/es\/wp-json\/wp\/v2\/posts\/275183\/revisions"}],"wp:featuredmedia":[{"embeddable":true,"href":"https:\/\/www.europesays.com\/es\/wp-json\/wp\/v2\/media\/275184"}],"wp:attachment":[{"href":"https:\/\/www.europesays.com\/es\/wp-json\/wp\/v2\/media?parent=275183"}],"wp:term":[{"taxonomy":"category","embeddable":true,"href":"https:\/\/www.europesays.com\/es\/wp-json\/wp\/v2\/categories?post=275183"},{"taxonomy":"post_tag","embeddable":true,"href":"https:\/\/www.europesays.com\/es\/wp-json\/wp\/v2\/tags?post=275183"}],"curies":[{"name":"wp","href":"https:\/\/api.w.org\/{rel}","templated":true}]}}