{"id":275185,"date":"2025-12-07T02:11:10","date_gmt":"2025-12-07T02:11:10","guid":{"rendered":"https:\/\/www.europesays.com\/es\/275185\/"},"modified":"2025-12-07T02:11:10","modified_gmt":"2025-12-07T02:11:10","slug":"alejandro-sanz-sobre-jarandilla-de-la-vera-aqui-he-encontrado-un-remanso-de-paz-y-un-monton-de-amigos","status":"publish","type":"post","link":"https:\/\/www.europesays.com\/es\/275185\/","title":{"rendered":"Alejandro Sanz sobre Jarandilla de la Vera: \u00abAqu\u00ed he encontrado un remanso de paz y un mont\u00f3n de amigos\u00bb"},"content":{"rendered":"<p class=\"v-mdl-ath__p v-mdl-ath__p--6\">\nS\u00e1bado, 6 de diciembre 2025, 18:45<\/p>\n<p>| Actualizado 18:55h.<\/p>\n<p class=\"v-p\">\u00abQuerida familia de Jarandilla de la Vera, quer\u00eda agradeceros este honor&#8230;\u00bb. As\u00ed empieza <strong>Alejandro Sanz<\/strong> un v\u00eddeo dirigido a los vecinos del municipio por su galard\u00f3n del <a href=\"https:\/\/www.hoy.es\/extremadura\/alejandro-sanz-vuelve-extremadura-fin-semana-jarandilla-vera-escobazos-20251204151242-nt.html\" title=\"www.hoy.es\" data-voc-vtm-id=\"in-text-traffic\" data-mrf-link=\"www.hoy.es\" rel=\"nofollow noopener\" target=\"_blank\">Escob\u00f3n de Oro<\/a>,\u00a0en la Feria de Inter\u00e9s Tur\u00edstico Nacional de\u00a0&#8216;Los Escobazos&#8217;, que se celebra en la noche de este pr\u00f3ximo domingo, 7 de diciembre.<\/p>\n<p class=\"v-p\">El cantante ha sido galardonado con la mayor distinci\u00f3n que otorga el ayuntamiento de la localidad y que se concede a personas o instituciones que promocionan la fiesta de Los Escobazos y llevan con orgullo el nombre de Jarandilla por Espa\u00f1a y el mundo. El Ayuntamiento de Jarandilla de la Vera ha compartido en sus redes sociales un v\u00eddeo del artista, que ahora mismo se encuentra inmerso en la promoci\u00f3n de su nueva gira \u00bfY ahora qu\u00e9?, donde solo tiene palabras de gratitud para el pueblo y sus vecinos.<\/p>\n<p class=\"v-p\">Alejandro Sanz encontr\u00f3 hace m\u00e1s de 20 a\u00f1os en este rinc\u00f3n extreme\u00f1o \u00abun remanso de paz y un mont\u00f3n de amigos\u00bb, como \u00e9l mismo cuenta en el v\u00eddeo de agradecimiento por el reconocimiento. Para el artista, este pueblo se convirti\u00f3 en uno de sus destinos favoritos en Extremadura, donde posee su finca privada conocida como <a href=\"https:\/\/www.hoy.es\/gente-estilo\/rincon-extremadura-alejandro-sanz-considera-toscana-espanola-20250730103339-nt.html\" title=\"www.hoy.es\" data-voc-vtm-id=\"in-text-traffic\" data-mrf-link=\"www.hoy.es\" rel=\"nofollow noopener\" target=\"_blank\">El Sue\u00f1o de los Parrales<\/a>. Este entorno natural se ha convertido en su refugio habitual. <\/p>\n<p class=\"v-p\">El cantante se despide animando a los vecinos a \u00abdisfrutar mucho de sus fiesta, que es \u00fanica en el mundo\u00bb, presume el cantante. <\/p>\n<p>Feria de Inter\u00e9s Tur\u00edstico Nacional de &#8216;Los Escobazos&#8217;<\/p>\n<p class=\"v-p\">Esta nueva edici\u00f3n espera reunir a m\u00e1s de 12.000 personas en torno a la magia y al poder del fuego, de los escobones, de las danzas y los c\u00e1nticos, que resuenan con un poder tal que propicia el hermanamiento entre unos y otros, al menos as\u00ed lo relatan quienes han vivido esta fiesta.<\/p>\n<p class=\"v-p\">As\u00ed, el domingo ser\u00e1 el gran d\u00eda, a partir de las 12 horas, que ser\u00e1 cuando se entregue este galard\u00f3n. Despu\u00e9s ir\u00e1n desarroll\u00e1ndose actos como la tradicional Petici\u00f3n de la Rosca, la Santa Misa y Novena, la representaci\u00f3n de la bajada de los caberos de la sierra\u2026 as\u00ed hasta que comience, en torno a las 19:00 horas, la quema de Los Escobazos, seguida de la procesi\u00f3n.<\/p>\n<p>As\u00ed ser\u00e1 la gira de Alejandro Sanz en 2026<\/p>\n<p class=\"v-p\">Alejandro Sanz recorrer\u00e1 once ciudades espa\u00f1olas con su <a href=\"https:\/\/www.hoy.es\/gente-estilo\/gira-alejandro-sanz-2026-recorrera-ciudades-espanolas-20250925114512-vi.html\" title=\"www.hoy.es\" data-voc-vtm-id=\"in-text-traffic\" data-mrf-link=\"www.hoy.es\" rel=\"nofollow noopener\" target=\"_blank\">gira &#8216;\u00bfY Ahora Qu\u00e9?&#8217;<\/a> durante 2026, despu\u00e9s de haber recalado en Latinoam\u00e9rica. As\u00ed, el cantante actuar\u00e1 en grandes recintos: el 6 de junio comenzar\u00e1 en el Estadio La Cartuja de Sevilla y llegar\u00e1 al Riyadh Air Metropolitano de Madrid el 20 del mismo mes, mientras que en Barcelona parar\u00e1 en el estadio del Real Club Deportivo Espanyol el 27.(Fuente: Alejandro Sanz y Europa Press)<\/p>\n<p>Reporta un error<\/p>\n","protected":false},"excerpt":{"rendered":"S\u00e1bado, 6 de diciembre 2025, 18:45 | Actualizado 18:55h. \u00abQuerida familia de Jarandilla de la Vera, quer\u00eda agradeceros&hellip;\n","protected":false},"author":2,"featured_media":275186,"comment_status":"","ping_status":"","sticky":false,"template":"","format":"standard","meta":{"footnotes":""},"categories":[174],"tags":[10114,19156,255,37848,146,147,25,24,256,67146,67148,11506,67147,7457,57,23,7733],"class_list":{"0":"post-275185","1":"post","2":"type-post","3":"status-publish","4":"format-standard","5":"has-post-thumbnail","7":"category-famosos","8":"tag-alejandro","9":"tag-amigos","10":"tag-celebrities","11":"tag-encontrado","12":"tag-entertainment","13":"tag-entretenimiento","14":"tag-es","15":"tag-espana","16":"tag-famosos","17":"tag-jarandilla","18":"tag-monton","19":"tag-paz","20":"tag-remanso","21":"tag-sanz","22":"tag-sobre","23":"tag-spain","24":"tag-vera"},"share_on_mastodon":{"url":"https:\/\/pubeurope.com\/@es\/115675862340206671","error":""},"_links":{"self":[{"href":"https:\/\/www.europesays.com\/es\/wp-json\/wp\/v2\/posts\/275185","targetHints":{"allow":["GET"]}}],"collection":[{"href":"https:\/\/www.europesays.com\/es\/wp-json\/wp\/v2\/posts"}],"about":[{"href":"https:\/\/www.europesays.com\/es\/wp-json\/wp\/v2\/types\/post"}],"author":[{"embeddable":true,"href":"https:\/\/www.europesays.com\/es\/wp-json\/wp\/v2\/users\/2"}],"replies":[{"embeddable":true,"href":"https:\/\/www.europesays.com\/es\/wp-json\/wp\/v2\/comments?post=275185"}],"version-history":[{"count":0,"href":"https:\/\/www.europesays.com\/es\/wp-json\/wp\/v2\/posts\/275185\/revisions"}],"wp:featuredmedia":[{"embeddable":true,"href":"https:\/\/www.europesays.com\/es\/wp-json\/wp\/v2\/media\/275186"}],"wp:attachment":[{"href":"https:\/\/www.europesays.com\/es\/wp-json\/wp\/v2\/media?parent=275185"}],"wp:term":[{"taxonomy":"category","embeddable":true,"href":"https:\/\/www.europesays.com\/es\/wp-json\/wp\/v2\/categories?post=275185"},{"taxonomy":"post_tag","embeddable":true,"href":"https:\/\/www.europesays.com\/es\/wp-json\/wp\/v2\/tags?post=275185"}],"curies":[{"name":"wp","href":"https:\/\/api.w.org\/{rel}","templated":true}]}}