{"id":275187,"date":"2025-12-07T02:14:21","date_gmt":"2025-12-07T02:14:21","guid":{"rendered":"https:\/\/www.europesays.com\/es\/275187\/"},"modified":"2025-12-07T02:14:21","modified_gmt":"2025-12-07T02:14:21","slug":"oscar-casas-descolocado-tras-el-error-cometido-por-el-hormiguero","status":"publish","type":"post","link":"https:\/\/www.europesays.com\/es\/275187\/","title":{"rendered":"\u00d3scar Casas, descolocado tras el &#8216;error&#8217; cometido por &#8216;El Hormiguero&#8217;"},"content":{"rendered":"<p>El pasado jueves 4 de diciembre, <a href=\"https:\/\/okdiario.com\/happyfm\/santiago-segura-hormiguero-torrente-presidente-que-teneis-sensibilidad-no-vayais-verla-15877260\" target=\"_blank\" rel=\"noopener noreferrer nofollow\"><strong>El Hormiguero<\/strong><\/a> pon\u00eda punto y final a su primera semana de diciembre con un invitado de lujo, como es<strong> \u00d3scar Casas.<\/strong> El actor acudi\u00f3 al plat\u00f3 del programa presentado por Pablo Motos para presentar <strong>Me has robado el coraz\u00f3n<\/strong>, una comedia rom\u00e1ntica que se estrena este viernes 5 de diciembre en todos los cines. Fue entonces cuando <strong>el joven aprovech\u00f3 la ocasi\u00f3n para dar detalles sobre esta pel\u00edcula<\/strong>, en la que reconoci\u00f3 que est\u00e1 basada en una historia real que sucedi\u00f3 en Estados Unidos. <strong>\u00abEric es un joven ingeniero que conoce a una chica a trav\u00e9s de una aplicaci\u00f3n de citas\u00bb<\/strong>, comenz\u00f3 explicando el actor, y a\u00f1adi\u00f3: \u00abEntonces, la enga\u00f1a para que la lleve en coche a Galicia porque acaba de robar un banco y ella no lo sabe. <strong>Es el plan perfecto para que no lo pillen, excepto que la chica le empieza a gustar un poco<\/strong>\u00bb.<\/p>\n<p>De esta forma, <strong>asegura que el protagonista de este filme no ten\u00eda en sus planes enamorarse de esa chica, ni mucho menos.<\/strong> Tras esta explicaci\u00f3n por parte del invitado, Pablo Motos hizo lo habitual en estos casos, que es dar paso al tr\u00e1iler para que los espectadores pudieran ver algunas im\u00e1genes del largometraje en cuesti\u00f3n. A pesar de todo, lo cierto es que <strong>\u00d3scar Casas no pudo evitar quedarse completamente descolocado, al no tener ni la menor idea de lo que estaba sucediendo.<\/strong> Y es que, en imagen, hab\u00eda aparecido el v\u00eddeo de un cami\u00f3n. Al ver la cara de su invitado, el de Requena no tard\u00f3 en explicarle qu\u00e9 estaba sucediendo: <strong>\u00abYo te he dicho un tr\u00e1iler y hemos puesto un tr\u00e1iler. A veces me cogen literal\u00bb<\/strong>, aclar\u00f3. El protagonista de la pel\u00edcula Me has robado el coraz\u00f3n no tard\u00f3 en reaccionar tras las palabras del presentador de El Hormiguero: <strong>\u00abCreo que se han equivocado, Pablo\u00bb<\/strong>.<\/p>\n<p><strong>Acto seguido, cay\u00f3 en la cuenta de que se trataba de una broma por parte del programa.<\/strong> Es por eso que no dud\u00f3 un solo segundo en sumarse a ella, haciendo el siguiente comentario: <strong>\u00abEste me ha gustado bastante, yo ir\u00eda a verla ma\u00f1ana\u00bb<\/strong>, coment\u00f3, entre risas. Poco despu\u00e9s, El Hormiguero emiti\u00f3 el tr\u00e1iler de la pel\u00edcula que el joven fue a presentar.<\/p>\n<p>\u00bfDe qu\u00e9 va \u2018Me has robado el coraz\u00f3n\u2019, la nueva pel\u00edcula de \u00d3scar Casas?<\/p>\n<p>La sinopsis nos anuncia que, en este filme, nos adentramos en la historia de Eric, un joven ingeniero que conoce a Vera a trav\u00e9s de una aplicaci\u00f3n de citas. <strong>Su objetivo no era otro que enga\u00f1arla para que fuese su conductora para escapar tras robar un banco en Madrid.<\/strong> Despu\u00e9s de dar ese paso, la pareja acaba meti\u00e9ndose de lleno en un camino repleto de peligro y tensi\u00f3n, puesto que la polic\u00eda sigue sus pasos.<\/p>\n<p><strong>Esto hace posible que el miedo y las decisiones apresuradas hagan acto de presencia durante toda esta aventura.<\/strong> Inevitablemente, Vera se ve atrapada en una situaci\u00f3n que cambia su d\u00eda a d\u00eda por completo. Puesto que cada vez es m\u00e1s consciente de que cada kil\u00f3metro de este viaje, podr\u00eda llegar a ser el \u00faltimo. <strong>Por lo tanto, estamos ante un filme que promete no dejar indiferente a nadie.<\/strong><\/p>\n","protected":false},"excerpt":{"rendered":"El pasado jueves 4 de diciembre, El Hormiguero pon\u00eda punto y final a su primera semana de diciembre&hellip;\n","protected":false},"author":2,"featured_media":275188,"comment_status":"","ping_status":"","sticky":false,"template":"","format":"standard","meta":{"footnotes":""},"categories":[171],"tags":[146,147,25,24,23,214],"class_list":{"0":"post-275187","1":"post","2":"type-post","3":"status-publish","4":"format-standard","5":"has-post-thumbnail","7":"category-tv","8":"tag-entertainment","9":"tag-entretenimiento","10":"tag-es","11":"tag-espana","12":"tag-spain","13":"tag-tv"},"share_on_mastodon":{"url":"https:\/\/pubeurope.com\/@es\/115675874131018321","error":""},"_links":{"self":[{"href":"https:\/\/www.europesays.com\/es\/wp-json\/wp\/v2\/posts\/275187","targetHints":{"allow":["GET"]}}],"collection":[{"href":"https:\/\/www.europesays.com\/es\/wp-json\/wp\/v2\/posts"}],"about":[{"href":"https:\/\/www.europesays.com\/es\/wp-json\/wp\/v2\/types\/post"}],"author":[{"embeddable":true,"href":"https:\/\/www.europesays.com\/es\/wp-json\/wp\/v2\/users\/2"}],"replies":[{"embeddable":true,"href":"https:\/\/www.europesays.com\/es\/wp-json\/wp\/v2\/comments?post=275187"}],"version-history":[{"count":0,"href":"https:\/\/www.europesays.com\/es\/wp-json\/wp\/v2\/posts\/275187\/revisions"}],"wp:featuredmedia":[{"embeddable":true,"href":"https:\/\/www.europesays.com\/es\/wp-json\/wp\/v2\/media\/275188"}],"wp:attachment":[{"href":"https:\/\/www.europesays.com\/es\/wp-json\/wp\/v2\/media?parent=275187"}],"wp:term":[{"taxonomy":"category","embeddable":true,"href":"https:\/\/www.europesays.com\/es\/wp-json\/wp\/v2\/categories?post=275187"},{"taxonomy":"post_tag","embeddable":true,"href":"https:\/\/www.europesays.com\/es\/wp-json\/wp\/v2\/tags?post=275187"}],"curies":[{"name":"wp","href":"https:\/\/api.w.org\/{rel}","templated":true}]}}