{"id":275197,"date":"2025-12-07T02:21:08","date_gmt":"2025-12-07T02:21:08","guid":{"rendered":"https:\/\/www.europesays.com\/es\/275197\/"},"modified":"2025-12-07T02:21:08","modified_gmt":"2025-12-07T02:21:08","slug":"santana-400-d-o-400-phev-el-nuevo-pick-up-de-linares","status":"publish","type":"post","link":"https:\/\/www.europesays.com\/es\/275197\/","title":{"rendered":"Santana 400 D o 400 PHEV, el nuevo pick up de Linares"},"content":{"rendered":"<p class=\"mt-NewsDetail-articleBodyParagraph\">La marca Santana renace con un pick up. El <b>Santana 400 debuta como su primer modelo<\/b> de esta nueva etapa y que <b>saldr\u00e1 de la hist\u00f3rica f\u00e1brica de Linares, en Ja\u00e9n<\/b>. Aqu\u00ed se ensamblar\u00e1 y se vender\u00e1 en Espa\u00f1a, Portugal, italia, Andorra y Gibraltar con el objetivo de ampliar su distribuci\u00f3n en otros pa\u00edses y tambi\u00e9n en Am\u00e9rica del Sur.<\/p>\n<p class=\"mt-NewsDetail-articleBodyParagraph\">Este primer modelo contin\u00faa con la filosof\u00eda de la marca de fabricar veh\u00edculos pr\u00e1cticos y robustos. <b>El Santana 400 marca el regreso de un nombre legendario al mundo del todoterreno<\/b>. Y como lo hiciera antes, nace gracias a un acuerdo de producci\u00f3n bajo licencia en una renovada Santana Factory. Y hasta all\u00ed nos hemos ido para ponernos <b>al volante del Santana 400<\/b> y asistir a la inauguraci\u00f3n de la planta.<\/p>\n<ul class=\"mt-NewsDetail-articleBodyUnorderedList\">\n<li>\n<p class=\"mt-NewsDetail-articleBodyParagraph\"><a class=\"mt-NewsDetail-articleBodyLink\" href=\"https:\/\/www.coches.net\/segunda-mano\/\" target=\"_blank\" rel=\"nofollow noopener\">Ofertas de coches de segunda mano en coches.net<\/a><\/p>\n<\/li>\n<li>\n<p class=\"mt-NewsDetail-articleBodyParagraph\"><a class=\"mt-NewsDetail-articleBodyLink\" href=\"https:\/\/www.coches.net\/nuevo\/km-0\" target=\"_blank\" rel=\"nofollow noopener\">Ofertas de coches nuevos en coches.net<\/a><\/p>\n<\/li>\n<\/ul>\n<p>Dos motores y hasta 429 CV<\/p>\n<p class=\"mt-NewsDetail-articleBodyParagraph\">El Santana 400 se ofrece con dos motorizaciones, el Santana 400 D di\u00e9sel con 190 CV y el Santana 400 PHEV con 429 CV, \u00e9ste \u00faltimo podr\u00e1 llegar a los 120 kil\u00f3metros de autonom\u00eda en modo el\u00e9ctrico (pendiente de homologaci\u00f3n). Se trata de un <b>veh\u00edculo desarrollado por Zhengzhou Nissan en China que se montar\u00e1 en la planta de Linares<\/b>. La l\u00ednea de producci\u00f3n tiene capacidad para montar hasta 5.000 veh\u00edculos al a\u00f1o en un turno de ocho horas con 60 o 70 trabajadores.<\/p>\n<p class=\"mt-NewsDetail-articleBodyParagraph\">Es un pick-up con homologaci\u00f3n europea, <b>basado en el Nissan Frontier Pro PHEV<\/b> presentado este a\u00f1o en el sal\u00f3n de Shanghai. <\/p>\n<ul class=\"mt-NewsDetail-articleBodyUnorderedList\">\n<li>\n<p class=\"mt-NewsDetail-articleBodyParagraph\"><a class=\"mt-NewsDetail-articleBodyLink\" href=\"https:\/\/www.coches.net\/noticias\/santana-motors-fabrica-acuerdo-baic\" target=\"_blank\" rel=\"nofollow noopener\">Santana Motors inicia un nuevo camino: primeras pickup y acuerdo con BAIC<\/a><\/p>\n<\/li>\n<li>\n<p class=\"mt-NewsDetail-articleBodyParagraph\"><a class=\"mt-NewsDetail-articleBodyLink\" href=\"https:\/\/www.coches.net\/noticias\/santana-motors-alianza-zhengzhou-nissan-anhui-coronet-fabricacion-todoterrenos\" target=\"_blank\" rel=\"nofollow noopener\">Santana Motors revela los planes estrat\u00e9gicos para regresar al mercado espa\u00f1ol<\/a><\/p>\n<\/li>\n<\/ul>\n<p class=\"mt-NewsDetail-articleBodyParagraph\">Es un gran pick up de <b>5,52 metros de largo<\/b>, una distancia entre ejes de 3,30 metros y una caja trasera de 1.165 litros. Superficie de la caja: 1. 520 x 1600 x 550 mm.<\/p>\n<p class=\"mt-NewsDetail-articleBodyParagraph\">Se vende \u00fanicamente con <b>carrocer\u00eda de doble cabina<\/b>, con espacio para 5 ocupantes. La gama se ofrece con <b>dos niveles de acabado<\/b>. En total hay cuatro versiones que se adaptan a todo tipo de usos: <b>D, DS, PHEV y PHEV S<\/b>.\n<\/p>\n<p>Santana 400 PHEV, con 429 CV<\/p>\n<p class=\"mt-NewsDetail-articleBodyParagraph\">Es la joya de la gama. Combina un <b>motor de gasolina de 1,5 litros de 142 CV con dos motores el\u00e9ctricos colocados en serie que entregan 210 kW (287 CV)<\/b>. Su disposici\u00f3n antes de la caja de cambios permite la conducci\u00f3n en modo h\u00edbrido,, recarga de bater\u00eda o puramente el\u00e9ctrico en modos 4&#215;2, 4&#215;4 y 4&#215;4 con reductora. Combinados desarrollan una <b>potencia m\u00e1xima de 429 CV y un par de 800 Nm<\/b>. Acelera de 0 a 100 en 6,5 segundos y alcanza una velocidad m\u00e1xima de 170 km\/h. Tambi\u00e9n destaca sus 765 kilos de carga \u00fatil y sus <b>3.200 kilos de capacidad de remolque<\/b>.<\/p>\n<p class=\"mt-NewsDetail-articleBodyParagraph\">Su bater\u00eda de 32 kWh promete <b>hasta 120 kil\u00f3metros de autonom\u00eda el\u00e9ctrica<\/b>. Tambi\u00e9n tiene carga en corriente continua con una potencia de 60 kW y en corriente alterna a 6,6 kWh. Con carga r\u00e1pida puede recuperar del 30 al 80% en 20 minutos. Tambi\u00e9n incorpora funciones V2V y V2L de 6 kW para conectar herramientas o equipos externos con enchufes de 220 V.<\/p>\n<p class=\"mt-NewsDetail-articleBodyParagraph\">La autonom\u00eda total combinada puede llegar a 1.046 kil\u00f3metros (el dep\u00f3sito de combustible es de 63 litros para el PHEV). Los consumos est\u00e1n pendiente de homologaci\u00f3n.<\/p>\n<p class=\"mt-NewsDetail-articleBodyParagraph\">En el plano mec\u00e1nico, dispone de la <b>tracci\u00f3n conectable electr\u00f3nicamente con diferencial central<\/b>, caja transfer Borgwarner con selector electr\u00f3nico de reductora y bloqueo del diferencial trasero Eaton en opci\u00f3n. La electr\u00f3nica permite hasta 8 modos de conducci\u00f3n (Standard, Economy, Sport, Nieve, Barro, Arena, Rocas y Experto) y cuenta con el modo \u201cgiro de tanque\u201d, con el que en conducci\u00f3n con <b>4&#215;4 con reductora<\/b>, cuando se gira el volante completamente, bloquea la rueda trasera interior para girar en espacios muy reducidos. Adem\u00e1s, cuenta con un control de crucero off-road para superar obst\u00e1culos a velocidades ultra bajas.<\/p>\n<ul class=\"mt-NewsDetail-articleBodyUnorderedList\">\n<li>\n<p class=\"mt-NewsDetail-articleBodyParagraph\"><a class=\"mt-NewsDetail-articleBodyLink\" href=\"https:\/\/www.coches.net\/noticias\/santana-motors-400-hibrida-enchufable-diesel-pick-up\" target=\"_blank\" rel=\"nofollow noopener\">Santana Motors desvela la nueva pick-up h\u00edbrida enchufable que marca su regreso<\/a><\/p>\n<\/li>\n<\/ul>\n<p class=\"mt-NewsDetail-articleBodyParagraph\">En los alrededores de Linares he podido disfrutar <b>al volante del Santana 400 PHEV<\/b> en una ruta off road, atravesando campos de olivas, los famosos aceituneros. La ruta no era muy t\u00e9cnica pero s\u00ed exigente por el terreno, con mucho barro y desniveles, una zona muy habitual para un pick up. Ha mostrado sus capacidades todoterreno. Hay que matizar que la unidad que he conducido es preserie y no est\u00e1 afinada al 100%, de hecho la potencia de 429 CV no sali\u00f3 a relucir, as\u00ed que tendremos que esperar a conducir una unidad de serie para poderlo disfrutar en todo su esplendor pero&#8230; de momento, nos ha dejado muy buen sabor de boca.<\/p>\n<p>Santana 400D, di\u00e9sel con 190 CV<\/p>\n<p class=\"mt-NewsDetail-articleBodyParagraph\">Esta versi\u00f3n di\u00e9sel es la m\u00e1s b\u00e1sica y est\u00e1 pensada para quienes buscan una mec\u00e1nica m\u00e1s simple y robusta. Monta un <b>motor di\u00e9sel de 2,3 litros con una potencia de 190 CV<\/b> y un par de 450 Nm (con cambio manual) o 500 Nm con cambio autom\u00e1tico ZF de ocho velocidades. En ambos casos acelera de 0 a 100 en 9,1 segundos. <\/p>\n<p class=\"mt-NewsDetail-articleBodyParagraph\">Ofrece una <b>carga \u00fatil de 815 k<\/b>g, capacidad de remolque de 3.200 kg y una autonom\u00eda de 848 km gracias a su dep\u00f3sito de 73 litros. La <b>versi\u00f3n b\u00e1sica<\/b> est\u00e1 orientada al uso profesional, con cambio manual de 6 relaciones y <b>suspensi\u00f3n trasera de ballestas<\/b>. A\u00fan as\u00ed, incluye de serie, como el resto de la gama, faros full LED, acceso sin llave y conectividad con Carbit Ride, compatible con Apple y Android.<\/p>\n<p class=\"mt-NewsDetail-articleBodyParagraph\">La versi\u00f3n 400 DS se orienta al uso mixto, con cambio autom\u00e1tico, modos de conducci\u00f3n, suspensi\u00f3n trasera multibrazo con muelles, asientos en cuero PU ventilados y calefactados y llantas de 18 pulgadas. <\/p>\n<p>\u00bfQu\u00e9 comparten ambas versiones?<\/p>\n<p class=\"mt-NewsDetail-articleBodyParagraph\">En ambas versiones, las capacidades off road est\u00e1n garantizadas gracias a una <b>altura libre al suelo de 24 cent\u00edmetros <\/b>y a unos \u00e1ngulos de ataque de 31\u00ba, salida de 26\u00ba y una capacidad de vadeo de 80 cent\u00edmetros. Siguiente el ADN todoterreno de Santana, el chasis es de largueros y su carrocer\u00eda r\u00edgida con acero de altas resistencia.<\/p>\n<p class=\"mt-NewsDetail-articleBodyParagraph\">Por dentro destaca por un dise\u00f1o moderno, con una <b>pantalla t\u00e1ctil central de 14,6 pulgadas<\/b> y un sistema de <b>vista panor\u00e1mica 540\u00ba<\/b> que combina c\u00e1maras de 360\u00ba con una c\u00e1mara de suelo que hace de &#8216;cap\u00f3 transparente&#8217;. Esto permite ver el terreno inmediato delante del veh\u00edculo para evitar obst\u00e1culo en una conducci\u00f3n todoterreno. <\/p>\n<p class=\"mt-NewsDetail-articleBodyParagraph\">La pantalla del cuadro de instrumentos es de 10,25&#8243;. La consola central est\u00e1 dise\u00f1ada en dos niveles y ofrece un huevo por debajo. Tambi\u00e9n incluye cargador inal\u00e1mbrico. Cuenta con botones f\u00edsicos de acceso directo al sistema de climatizaci\u00f3n pero, por ejemplo, la regulaci\u00f3n de los espejos retrovisores se realiza a trav\u00e9s de la pantalla.<\/p>\n<p class=\"mt-NewsDetail-articleBodyParagraph\">Las plazas traseras son amplias (con suelo plano en el caso del PHEV) y con asiento reclinable para facilitar la carga. A destacar que <b>las puertas traseras abren a 90 grados<\/b>. Tambi\u00e9n en la versi\u00f3n superior PHEV se ofrece las <b>estriberas retr\u00e1ctiles el\u00e9ctricas<\/b> de serie, lo que ayuda mucho a acceder al interior. En esta versi\u00f3n se a\u00f1ade la tapicer\u00eda interior de Terracota, techo panor\u00e1mico practicable o asientos delanteros el\u00e9ctricos, ventilados y calefactados. Otro detalle pr\u00e1ctico es el <b>escal\u00f3n el\u00e9ctrico que facilita subir a la enorme caja de carga<\/b>. La caja puede equiparse con una pr\u00e1ctica persiana el\u00e9ctrica.<\/p>\n<p class=\"mt-NewsDetail-articleBodyParagraph\">La impresi\u00f3n de los materiales es buena a pesar de que se utiliza mucho pl\u00e1stico, tambi\u00e9n teniendo en cuenta que son veh\u00edculos cuyo uso va a ser fundamentalmente profesional aunque tambi\u00e9n sean veh\u00edculos para viajar en familia.<\/p>\n<p class=\"mt-NewsDetail-articleBodyParagraph\">Fiel a su filosof\u00eda, este pick up presenta un dise\u00f1o robusto a la vez que moderno. <b>Las versiones di\u00e9sel e h\u00edbrida enchufable se diferencian por el frontal<\/b>, en el caso del PHEV la entrada de aire es m\u00e1s delgada.<\/p>\n<p class=\"mt-NewsDetail-articleBodyParagraph\">Todos los modelos incorporan luces completamente de LED y barra de luz continua en el frontal y la trasera seg\u00fan versi\u00f3n, que da la bienvenida al acercarse con la llave. La versi\u00f3n PHEV ofrece cinco colores para la carrocer\u00eda y la versi\u00f3n di\u00e9sel cuatro. (Equipamiento completo por versiones en la galer\u00eda de fotos).<\/p>\n<p class=\"mt-NewsDetail-articleBodyParagraph\">Desde el lanzamiento, Santana ofrecer\u00e1 una <b>amplia lista de opciones y accesorios<\/b>, incluyendo el nombrado bloqueo de diferencial trasero, diferentes soluciones de remolque, varias protecciones de bajos, barras antivuelco, kits de iluminaci\u00f3n y hasta tiendas de techo Braguscamp.<\/p>\n<p>Precios Santana 400 D y 400 PHEV<\/p>\n<p class=\"mt-NewsDetail-articleBodyParagraph\">Se han matriculado las primeras seis unidades que ir\u00e1n destinadas a flotas de la administraci\u00f3n, \u00e9stas han llegado ya montadas desde China. <b>No ser\u00e1 hasta el mes de febrero cuando se empiecen a montar en Espa\u00f1a (en Linares, Ja\u00e9n)<\/b> las unidades que lleguen de China en formato SKD con 705 referencias y 390 componentes. El objetivo de la compa\u00f1\u00eda es ir introduciendo piezas de proveedores espa\u00f1oles m\u00e1s adelante. El Santana 400 llegar\u00e1 al mercado con una <b>garant\u00eda oficial de 5 a\u00f1os<\/b>. <\/p>\n<p class=\"mt-NewsDetail-articleBodyParagraph\">Las primeras entregas se esperan para el primer cuatrimestre del a\u00f1o. Los precios parten de los <b>29.900 euros para la versi\u00f3n di\u00e9sel<\/b> y <b>desde 44.700 euros para la versi\u00f3n h\u00edbrida enchufable<\/b>. Son precios <b>sin IVA<\/b> destinados a usuarios profesionales. Si a\u00f1adimos el 21% de IVA el precio de inicio se queda en 36.179 euros.<\/p>\n<p class=\"mt-NewsDetail-articleBodyParagraph\">Lista de precios Santana 400 (no incluye IVA ni transporte):<\/p>\n<ul class=\"mt-NewsDetail-articleBodyUnorderedList\">\n<li>\n<p class=\"mt-NewsDetail-articleBodyParagraph\">Santana 400 D 4WD manual: 29.900 \u20ac<\/p>\n<\/li>\n<li>\n<p class=\"mt-NewsDetail-articleBodyParagraph\">Santana 400 DS 4WD autom\u00e1tico: 34.600 \u20ac<\/p>\n<\/li>\n<li>\n<p class=\"mt-NewsDetail-articleBodyParagraph\">Santana 400 PHEV 4WD autom\u00e1tico: 44.700 \u20ac<\/p>\n<\/li>\n<li>\n<p class=\"mt-NewsDetail-articleBodyParagraph\">Santana 400 PHEV S 4WD autom\u00e1tico: 49.100 \u20ac<\/p>\n<\/li>\n<\/ul>\n<p class=\"mt-NewsDetail-articleBodyParagraph\">\u00abEl posicionamiento de precios nos permite acercar un veh\u00edculo muy bien equipado a todo tipo de cliente, manteniendo siempre la esencia de lo que debe ser un Santana\u201d, ha dicho su director de marketing de producto, Fran Ribas.<\/p>\n<p class=\"mt-NewsDetail-articleBodyParagraph\">Para su venta y posventa Santana Motors ya cuenta con una red comercial de 28 concesionarios con cobertura del 73% del territorio y est\u00e1n ultimando nuevos acuerdos para cerrar 2025 con <b>42 concesionarios que dar\u00e1n cobertura al 91% del territorio<\/b>. Se reforzar\u00e1 con un servicio posventa desarrollado en colaboraci\u00f3n con el Grupo JPG. Esta compa\u00f1\u00eda podr\u00e1 proporcionar piezas en un plazo de 24 a 48 horas a la red de concesionarios.<\/p>\n","protected":false},"excerpt":{"rendered":"La marca Santana renace con un pick up. El Santana 400 debuta como su primer modelo de esta&hellip;\n","protected":false},"author":2,"featured_media":275198,"comment_status":"","ping_status":"","sticky":false,"template":"","format":"standard","meta":{"footnotes":""},"categories":[80],"tags":[82,95,94,25,24,23],"class_list":{"0":"post-275197","1":"post","2":"type-post","3":"status-publish","4":"format-standard","5":"has-post-thumbnail","7":"category-economia","8":"tag-business","9":"tag-economia","10":"tag-economy","11":"tag-es","12":"tag-espana","13":"tag-spain"},"share_on_mastodon":{"url":"https:\/\/pubeurope.com\/@es\/115675901756893623","error":""},"_links":{"self":[{"href":"https:\/\/www.europesays.com\/es\/wp-json\/wp\/v2\/posts\/275197","targetHints":{"allow":["GET"]}}],"collection":[{"href":"https:\/\/www.europesays.com\/es\/wp-json\/wp\/v2\/posts"}],"about":[{"href":"https:\/\/www.europesays.com\/es\/wp-json\/wp\/v2\/types\/post"}],"author":[{"embeddable":true,"href":"https:\/\/www.europesays.com\/es\/wp-json\/wp\/v2\/users\/2"}],"replies":[{"embeddable":true,"href":"https:\/\/www.europesays.com\/es\/wp-json\/wp\/v2\/comments?post=275197"}],"version-history":[{"count":0,"href":"https:\/\/www.europesays.com\/es\/wp-json\/wp\/v2\/posts\/275197\/revisions"}],"wp:featuredmedia":[{"embeddable":true,"href":"https:\/\/www.europesays.com\/es\/wp-json\/wp\/v2\/media\/275198"}],"wp:attachment":[{"href":"https:\/\/www.europesays.com\/es\/wp-json\/wp\/v2\/media?parent=275197"}],"wp:term":[{"taxonomy":"category","embeddable":true,"href":"https:\/\/www.europesays.com\/es\/wp-json\/wp\/v2\/categories?post=275197"},{"taxonomy":"post_tag","embeddable":true,"href":"https:\/\/www.europesays.com\/es\/wp-json\/wp\/v2\/tags?post=275197"}],"curies":[{"name":"wp","href":"https:\/\/api.w.org\/{rel}","templated":true}]}}