{"id":275203,"date":"2025-12-07T02:24:49","date_gmt":"2025-12-07T02:24:49","guid":{"rendered":"https:\/\/www.europesays.com\/es\/275203\/"},"modified":"2025-12-07T02:24:49","modified_gmt":"2025-12-07T02:24:49","slug":"el-1x1-de-la-real-sociedad-ante-el-alaves","status":"publish","type":"post","link":"https:\/\/www.europesays.com\/es\/275203\/","title":{"rendered":"El 1&#215;1 de la Real Sociedad ante el Alav\u00e9s"},"content":{"rendered":"<p>                        As\u00ed hemos visto la actuaci\u00f3n de los jugadores de Sergio Francisco en Mendizorroza\n<\/p>\n<p><img src=\"https:\/\/www.mundodeportivo.com\/files\/image_449_220\/files\/fp\/uploads\/2025\/12\/06\/69345969eb7c3.r_d.1025-730-2625.jpeg\" data-full-src=\"https:\/\/www.europesays.com\/es\/wp-content\/uploads\/2025\/12\/69345969eb7c3.jpeg\" alt=\"Once inicial de la Real Sociedad ante el Alav\u00e9s\" width=\"449\" height=\"220\" class=\"nolazy\" decoding=\"async\" fetchpriority=\"high\"\/><\/p>\n<p class=\"caption-title \">Once inicial de la Real Sociedad ante el Alav\u00e9s<\/p>\n<p>Real Sociedad<\/p>\n<p>                <img loading=\"lazy\" decoding=\"async\" width=\"60\" height=\"60\" alt=\"El 1x1 de la Real Sociedad ante el Alav\u00e9s\" title=\"\" src=\"\/files\/image_60_60\/uploads\/2022\/06\/07\/629f958897fec.png\" class=\"lazy\"\/><\/p>\n<p>\n                        Actualizado a  06\/12\/2025 18:29 CET\n                    <\/p>\n<p>            <img loading=\"lazy\" decoding=\"async\" data-full-src=\"https:\/\/www.mundodeportivo.com\/uploads\/2025\/08\/19\/68a43dab24ae7.jpeg\" alt=\"Alex Remiro\" width=\"449\" height=\"220\" src=\"https:\/\/www.europesays.com\/es\/wp-content\/uploads\/2025\/09\/68a43dab24ae7.jpeg\" class=\"lazy\"\/><\/p>\n<p>            1<\/p>\n<p>    Remiro<br \/>\nSuperado<\/p>\n<p class=\"module-text\">Pudo hacer m\u00e1s en el penalti, en el que acert\u00f3 el lado. Luego tuvo una buena intervenci\u00f3n al disparo lejano de Abde, otra a Boy\u00e9 y alg\u00fan buen env\u00edo largo de los suyos para montar contras.<\/p>\n<p>            <img loading=\"lazy\" decoding=\"async\" data-full-src=\"https:\/\/www.mundodeportivo.com\/uploads\/2025\/08\/19\/68a43ce7615ff.jpeg\" alt=\"Jon Aramburu\" width=\"449\" height=\"220\" src=\"https:\/\/www.europesays.com\/es\/wp-content\/uploads\/2025\/10\/68a43ce7615ff.jpeg\" class=\"lazy\"\/><\/p>\n<p>            2<\/p>\n<p>    Aramburu<br \/>\nContundente<\/p>\n<p class=\"module-text\">Inicio muy acelerado en el que tuvo dos cortes contundentes y vio una amarilla. Problemas con bal\u00f3n, bien atr\u00e1s.<\/p>\n<p>            <img loading=\"lazy\" decoding=\"async\" data-full-src=\"https:\/\/www.mundodeportivo.com\/uploads\/2025\/08\/19\/68a43d1566836.jpeg\" alt=\"Aritz Elustondo\" width=\"449\" height=\"220\" src=\"https:\/\/www.europesays.com\/es\/wp-content\/uploads\/2025\/11\/68a43d1566836.jpeg\" class=\"lazy\"\/><\/p>\n<p>            3<\/p>\n<p>    Aritz<br \/>\nDesubicado<\/p>\n<p class=\"module-text\">Tres partidos en pocos d\u00edas no se le da. Tras estar bien en Anoeta y Reus, estuvo terrible en Vitoria. Err\u00e1tico en pases y despejes, no dio el nivel en general y adem\u00e1s qued\u00f3 se\u00f1alado por la mano del penalti, que tiene m\u00e1s de infortunio que otra cosa. Cambiado en el 56\u2019 pese a que Aramburu ten\u00eda amarilla.<\/p>\n<p>            <img loading=\"lazy\" decoding=\"async\" data-full-src=\"https:\/\/www.mundodeportivo.com\/uploads\/2025\/08\/19\/68a43d5ab7e64.jpeg\" alt=\"Jon Martin\" width=\"449\" height=\"220\" src=\"https:\/\/www.europesays.com\/es\/wp-content\/uploads\/2025\/11\/68a43d5ab7e64.jpeg\" class=\"lazy\"\/><\/p>\n<p>            4<\/p>\n<p>    Jon Mart\u00edn<br \/>\nCreciente<\/p>\n<p class=\"module-text\">Igual que en Reus, en la primera acci\u00f3n estuvo \u2018sobao\u2019 tirando la l\u00ednea y se le col\u00f3 Boy\u00e9. Se fue haciendo al partido y estrell\u00f3 un cabezazo en el palo que pudo ser el 0-1.<\/p>\n<p>            <img loading=\"lazy\" decoding=\"async\" data-full-src=\"https:\/\/www.mundodeportivo.com\/uploads\/2025\/08\/19\/68a43db1a7aea.jpeg\" alt=\"Sergio Gomez\" width=\"449\" height=\"220\" src=\"https:\/\/www.europesays.com\/es\/wp-content\/uploads\/2025\/09\/68a43db1a7aea.jpeg\" class=\"lazy\"\/><\/p>\n<p>            5<\/p>\n<p>    Sergio G\u00f3mez<br \/>\nDiscreto<\/p>\n<p class=\"module-text\">Discreto d\u00eda del de Badalona. Puso un gran centro lejano a Jon Mart\u00edn y se mantuvo correcto, sin errores ni demasiado aporte.<\/p>\n<p>            <img loading=\"lazy\" decoding=\"async\" data-full-src=\"https:\/\/www.mundodeportivo.com\/uploads\/2025\/08\/19\/68a43d47d99fa.jpeg\" alt=\"Jon Gorrotxategi\" width=\"449\" height=\"220\" src=\"https:\/\/www.europesays.com\/es\/wp-content\/uploads\/2025\/12\/68a43d47d99fa.jpeg\" class=\"lazy\"\/><\/p>\n<p>            6<\/p>\n<p>    Gorrotxategi<br \/>\nLastrado<\/p>\n<p class=\"module-text\">La tempranera amarilla le lastr\u00f3. Buen corte para evitar un tiro peligroso de Boy\u00e9. Cambiado para buscar el empate.<\/p>\n<p>            <img loading=\"lazy\" decoding=\"async\" data-full-src=\"https:\/\/www.mundodeportivo.com\/uploads\/2025\/08\/19\/68a43d072cbbf.jpeg\" alt=\"Brais Mendez\" width=\"449\" height=\"220\" src=\"https:\/\/www.europesays.com\/es\/wp-content\/uploads\/2025\/09\/68a43d072cbbf.jpeg\" class=\"lazy\"\/><\/p>\n<p>            7<\/p>\n<p>    Brais M\u00e9ndez<br \/>\nIntermitente<\/p>\n<p class=\"module-text\">El pase que meti\u00f3 a Guedes fue tremendo. Pero hace falta que haga m\u00e1s, o bastante m\u00e1s, para que el equipo funcione.<\/p>\n<p>            <img loading=\"lazy\" decoding=\"async\" data-full-src=\"https:\/\/www.mundodeportivo.com\/uploads\/2025\/09\/13\/68c5954dafc3e.jpeg\" alt=\"Carlos Soler\" width=\"449\" height=\"220\" src=\"https:\/\/www.europesays.com\/es\/wp-content\/uploads\/2025\/12\/68c5954dafc3e.jpeg\" class=\"lazy\"\/><\/p>\n<p>            8<\/p>\n<p>    Carlos Soler<br \/>\nFlojo<\/p>\n<p class=\"module-text\">Casi marca el 0-1 en un cabezazo en una de las pocas jugadas ensayadas en las que no sac\u00f3 \u00e9l. Acab\u00f3 de pivote. Le falt\u00f3 m\u00e1s juego.<\/p>\n<p>            <img loading=\"lazy\" decoding=\"async\" data-full-src=\"https:\/\/www.mundodeportivo.com\/uploads\/2025\/08\/19\/68a43dbc7e396.jpeg\" alt=\"Take Kubo\" width=\"449\" height=\"220\" src=\"https:\/\/www.europesays.com\/es\/wp-content\/uploads\/2025\/09\/68a43dbc7e396.jpeg\" class=\"lazy\"\/><\/p>\n<p>            9<\/p>\n<p>    Kubo<br \/>\nApagado<\/p>\n<p class=\"module-text\">Siendo cierto que le dan siempre, dej\u00f3 m\u00e1s quejas de brazos levantados que acciones ofensivas. Salvo una jugada, buena, hacia dentro para encontrar a Barrene ya en la segunda parte, fue incapaz de aportar. Buenos repliegues defensivos.<\/p>\n<p>            <img loading=\"lazy\" decoding=\"async\" data-full-src=\"https:\/\/www.mundodeportivo.com\/uploads\/2025\/09\/24\/68d4605046c97.jpeg\" alt=\"Umar Sadiq\" width=\"449\" height=\"220\" src=\"https:\/\/www.europesays.com\/es\/wp-content\/uploads\/2025\/11\/68d4605046c97.jpeg\" class=\"lazy\"\/><\/p>\n<p>            10<\/p>\n<p>    Sadiq<br \/>\nInoperante<\/p>\n<p class=\"module-text\">Sergio le dio continuidad de inicio. Contra rivales de entidad se ve su capacidad real, que es casi nula. Un cabezazo, malo, justo antes de irse, perder la marca de Boy\u00e9 en un remate claro de este y varios pases o movimientos errados en la primera mitad en su haber. Nada de nada. Cambiado en el 56\u2019.<\/p>\n<p>            <img loading=\"lazy\" decoding=\"async\" data-full-src=\"https:\/\/www.mundodeportivo.com\/uploads\/2025\/08\/19\/68a43d4f283eb.jpeg\" alt=\"Gon\u00e7alo Guedes\" width=\"449\" height=\"220\" src=\"https:\/\/www.europesays.com\/es\/wp-content\/uploads\/2025\/10\/68a43d4f283eb.jpeg\" class=\"lazy\"\/><\/p>\n<p>            11<\/p>\n<p>    Guedes<br \/>\nVoluntarioso<\/p>\n<p class=\"module-text\">Enga\u00f1\u00f3 a Jonny para romper a su espalda de manera magistral pero le arrebataron la opci\u00f3n de tiro in extremis. No se entendi\u00f3 con Sadiq. Fue delantero al irse el nigeriano y acab\u00f3 en la derecha. Buena jugada por banda y otro buen centro. Lo intent\u00f3 pero con menos tino que otros d\u00edas.<\/p>\n<p>            <img loading=\"lazy\" decoding=\"async\" data-full-src=\"https:\/\/www.mundodeportivo.com\/uploads\/2025\/08\/19\/68a43cffedb62.jpeg\" alt=\"Barrene Ander Barrenetxea\" width=\"449\" height=\"220\" src=\"https:\/\/www.europesays.com\/es\/wp-content\/uploads\/2025\/12\/68a43cffedb62.jpeg\" class=\"lazy\"\/><\/p>\n<p>            12<\/p>\n<p>    Barrene<br \/>\nRevulsivo<\/p>\n<p class=\"module-text\">Cuarto partido de revulsivo pese a ser el mejor de la temporada. Dispar\u00f3 alto nada m\u00e1s entrar y sac\u00f3 una amarilla a Tenaglia con un recorte. Se equivoc\u00f3 rematando de cabeza en vez de volea un bal\u00f3n de Guedes.<\/p>\n<p>            <img loading=\"lazy\" decoding=\"async\" data-full-src=\"https:\/\/www.mundodeportivo.com\/uploads\/2025\/08\/19\/68a43d0f94f4c.jpeg\" alt=\"Caleta Car\" width=\"449\" height=\"220\" src=\"https:\/\/www.europesays.com\/es\/wp-content\/uploads\/2025\/09\/68a43d0f94f4c.jpeg\" class=\"lazy\"\/><\/p>\n<p>            13<\/p>\n<p>    Caleta-Car<br \/>\nRefuerzo<\/p>\n<p class=\"module-text\">Casi la prepara por tener una pulsera cuando le tocaba entrar. Mejor\u00f3 a Aritz y cabece\u00f3 fuera en el descuento.<\/p>\n<p>            <img loading=\"lazy\" decoding=\"async\" data-full-src=\"https:\/\/www.mundodeportivo.com\/uploads\/2025\/08\/19\/68a43d66a6be5.jpeg\" alt=\"Karrikaburu\" width=\"449\" height=\"220\" src=\"https:\/\/www.europesays.com\/es\/wp-content\/uploads\/2025\/10\/68a43d66a6be5.jpeg\" class=\"lazy\"\/><\/p>\n<p>            14<\/p>\n<p>    Karrikaburu<br \/>\nRegreso<\/p>\n<p class=\"module-text\">Primeros minutos tras su lesi\u00f3n. Volv\u00eda a Vitoria. En la primera jugada remat\u00f3 fuera en un c\u00f3rner y luego tuvo otra, dif\u00edcil, con la derecha.<\/p>\n<p>            <img loading=\"lazy\" decoding=\"async\" data-full-src=\"https:\/\/www.mundodeportivo.com\/uploads\/2025\/08\/19\/68a43dcbc6caa.jpeg\" alt=\"Zakharyan\" width=\"449\" height=\"220\" src=\"https:\/\/www.europesays.com\/es\/wp-content\/uploads\/2025\/12\/68a43dcbc6caa.jpeg\" class=\"lazy\"\/><\/p>\n<p>            15<\/p>\n<p>    Zakharyan<br \/>\nM\u00f3vil<\/p>\n<p class=\"module-text\">Por dentro para hacer jugar y disparar.. Se movi\u00f3 y busc\u00f3 alg\u00fan pase.<\/p>\n<p>            <img loading=\"lazy\" decoding=\"async\" data-full-src=\"https:\/\/www.mundodeportivo.com\/uploads\/2025\/08\/19\/68a43d8e217f8.jpeg\" alt=\"Mikel Goti\" width=\"449\" height=\"220\" src=\"https:\/\/www.europesays.com\/es\/wp-content\/uploads\/2025\/12\/68a43d8e217f8.jpeg\" class=\"lazy\"\/><\/p>\n<p>            16<\/p>\n<p>    Goti<br \/>\nCameo<\/p>\n<p class=\"module-text\">Demasiado al final, ya a la desesperada.<\/p>\n<p>\n        Mostrar comentarios\n    <\/p>\n<p>{\u00aballowComment\u00bb:\u00bballowed\u00bb,\u00bbarticleId\u00bb:\u00bbarticle-1002582241&#8243;,\u00bburl\u00bb:\u00bbhttps:\\\/\\\/www.mundodeportivo.com\\\/futbol\\\/real-sociedad\\\/20251206\\\/1002582241\\\/1&#215;1-real-sociedad-alaves.html\u00bb,\u00bblivefyre-url\u00bb:\u00bbarticle-1002582241&#8243;}<\/p>\n<p>Cargando siguiente contenido&#8230;\n                <\/p>\n","protected":false},"excerpt":{"rendered":"As\u00ed hemos visto la actuaci\u00f3n de los jugadores de Sergio Francisco en Mendizorroza Once inicial de la Real&hellip;\n","protected":false},"author":2,"featured_media":275204,"comment_status":"","ping_status":"","sticky":false,"template":"","format":"standard","meta":{"footnotes":""},"categories":[5],"tags":[17,18,25,24,13,14,11,19,20,9,10,15,16,23,12,21,22],"class_list":{"0":"post-275203","1":"post","2":"type-post","3":"status-publish","4":"format-standard","5":"has-post-thumbnail","7":"category-titulares","8":"tag-breaking-news","9":"tag-breakingnews","10":"tag-es","11":"tag-espana","12":"tag-featured-news","13":"tag-featurednews","14":"tag-headlines","15":"tag-latest-news","16":"tag-latestnews","17":"tag-news","18":"tag-noticias","19":"tag-noticias-destacadas","20":"tag-noticiasdestacadas","21":"tag-spain","22":"tag-titulares","23":"tag-ultimas-noticias","24":"tag-ultimasnoticias"},"share_on_mastodon":{"url":"https:\/\/pubeurope.com\/@es\/115675919288754749","error":""},"_links":{"self":[{"href":"https:\/\/www.europesays.com\/es\/wp-json\/wp\/v2\/posts\/275203","targetHints":{"allow":["GET"]}}],"collection":[{"href":"https:\/\/www.europesays.com\/es\/wp-json\/wp\/v2\/posts"}],"about":[{"href":"https:\/\/www.europesays.com\/es\/wp-json\/wp\/v2\/types\/post"}],"author":[{"embeddable":true,"href":"https:\/\/www.europesays.com\/es\/wp-json\/wp\/v2\/users\/2"}],"replies":[{"embeddable":true,"href":"https:\/\/www.europesays.com\/es\/wp-json\/wp\/v2\/comments?post=275203"}],"version-history":[{"count":0,"href":"https:\/\/www.europesays.com\/es\/wp-json\/wp\/v2\/posts\/275203\/revisions"}],"wp:featuredmedia":[{"embeddable":true,"href":"https:\/\/www.europesays.com\/es\/wp-json\/wp\/v2\/media\/275204"}],"wp:attachment":[{"href":"https:\/\/www.europesays.com\/es\/wp-json\/wp\/v2\/media?parent=275203"}],"wp:term":[{"taxonomy":"category","embeddable":true,"href":"https:\/\/www.europesays.com\/es\/wp-json\/wp\/v2\/categories?post=275203"},{"taxonomy":"post_tag","embeddable":true,"href":"https:\/\/www.europesays.com\/es\/wp-json\/wp\/v2\/tags?post=275203"}],"curies":[{"name":"wp","href":"https:\/\/api.w.org\/{rel}","templated":true}]}}