{"id":275213,"date":"2025-12-07T02:38:30","date_gmt":"2025-12-07T02:38:30","guid":{"rendered":"https:\/\/www.europesays.com\/es\/275213\/"},"modified":"2025-12-07T02:38:30","modified_gmt":"2025-12-07T02:38:30","slug":"avance-del-capitulo-65-de-una-nueva-vida-la-serie-turca-de-antena-3","status":"publish","type":"post","link":"https:\/\/www.europesays.com\/es\/275213\/","title":{"rendered":"Avance del cap\u00edtulo 65 de &#8216;Una nueva vida&#8217;, la serie turca de Antena 3"},"content":{"rendered":"<p data-journey-content=\"true\" data-node-id=\"4\" class=\"css-6wxqfj emevuu60\">Tras lo ocurrido en <a href=\"https:\/\/www.diezminutos.es\/telenovela\/turcas\/a69496949\/una-nueva-vida-capitulo-64-serie-turca-antena-3-avance\/\" target=\"_blank\" data-vars-ga-ux-element=\"Hyperlink\" data-node-id=\"4.1\" data-vars-ga-outbound-link=\"https:\/\/www.diezminutos.es\/telenovela\/turcas\/a69496949\/una-nueva-vida-capitulo-64-serie-turca-antena-3-avance\/\" data-vars-ga-call-to-action=\"el cap\u00edtulo 64 de &#039;Una nueva vida&#039;\" class=\"body-link css-177bzfx emevuu60\" rel=\"nofollow noopener\">el cap\u00edtulo 64 de &#8216;Una nueva vida&#8217;<\/a>, la mansi\u00f3n Korhan se convierte en fortaleza. Ferit, con el peso de la amenaza sobre sus hombros, ordena duplicar la seguridad y cerrar cada puerta, cada ventana, hasta que se revele el nombre del osado que deposit\u00f3 una cabeza de carnero en la cama de su abuelo. Hatice, f\u00e9rrea guardiana del orden, obliga a la familia a permanecer encerrada, como si las paredes pudieran contener el miedo que se expande silencioso. Meside, consumida por el rencor, insiste en que la venganza solo puede cumplirse a trav\u00e9s de su hijo Akin. \u00abNo seas cobarde\u00bb, le exige, inst\u00e1ndolo a terminar lo que su t\u00edo dej\u00f3 inconcluso. Obediente a la sombra de su madre, Akin secuestra a Ece, la golpea, la manipula, y convierte su dolor en un puente hacia Seyran.<\/p>\n<p data-journey-content=\"true\" data-node-id=\"7\" class=\"css-6wxqfj emevuu60\">Mientras tanto, Suna escucha tras las paredes una conversaci\u00f3n \u00edntima entre Sehmuz e Ifakat: hablan de hijos, de la ilusi\u00f3n de compartir un instante a solas. La joven mantiene su silencio; decide ocultar la verdad a Kaya, quien se mantiene firme en su decisi\u00f3n de divorciarse. \u00abYa es demasiado tarde para salvar lo nuestro, pero te dar\u00e9 un consejo: deja de compararte con tu hermana\u00bb. Pero las desgracias no cesan: Suna presencia c\u00f3mo Abidin pide la mano de Aisen, declarando su amor con la fuerza de quien no teme al futuro. \u00abLe he dicho a Aisen lo mucho que la amo, le he propuesto matrimonio y ella ha aceptado. Si t\u00fa me lo permites, nos casaremos\u00bb.<\/p>\n<p><img draggable=\"true\" alt=\"una nueva vida ferit y seyran\" title=\"una nueva vida ferit y seyran\" loading=\"lazy\" width=\"2048\" height=\"1555\" decoding=\"async\" data-nimg=\"1\" style=\"color:transparent;width:100%;height:auto;\"   src=\"https:\/\/www.europesays.com\/es\/wp-content\/uploads\/2025\/12\/vida-1-6929bbc0d74b4.jpg\" class=\"css-0 e1g79fud0\"\/><\/p>\n<p>Productora<\/p>\n<p>Se lleva a cabo el funeral de Okkes en &#8216;Una nueva vida&#8217;<\/p>\n<p data-journey-content=\"true\" data-node-id=\"11\" class=\"css-6wxqfj emevuu60\">Esta semana en &#8216;<a href=\"https:\/\/www.diezminutos.es\/una-nueva-vida-telenovela-turca\/\" target=\"_blank\" data-vars-ga-outbound-link=\"https:\/\/www.diezminutos.es\/una-nueva-vida-telenovela-turca\/\" data-vars-ga-ux-element=\"Hyperlink\" data-vars-ga-call-to-action=\"Una nueva vida\" data-node-id=\"11.1\" class=\"body-link css-177bzfx emevuu60\" rel=\"nofollow noopener\">Una nueva vida<\/a>&#8216;, Ferit, en cambio, busca la luz. Se disfraza de payaso y sorprende a Seyran en un centro comercial, canta para ella, le entrega el anillo que juntos dise\u00f1aron. Luego la conduce a Seyfer, la joyer\u00eda que pronto abrir\u00e1 sus puertas. Seyran, emocionada, decide dejar atr\u00e1s las sombras y apostar por un ma\u00f1ana compartido: \u00abMe he dado cuenta de que, sin ti, nada tiene sentido\u00bb. El destino, sin embargo, no concede tregua. En el funeral de Okkes, Akin llora mientras Ferit le acompa\u00f1a con la pala en la mano. Pero la aparente reconciliaci\u00f3n se quiebra: Akin confiesa ser el autor de la macabra cabeza de carnero y advierte que no dudar\u00e1 en atacar de nuevo. \u00abPuede que hablar conmigo en el funeral de mi t\u00edo sea lo \u00faltimo que hagas\u201d\u00bb<\/p>\n<p><img draggable=\"true\" alt=\"una nueva vida ferit\" title=\"una nueva vida ferit\" loading=\"lazy\" width=\"1246\" height=\"828\" decoding=\"async\" data-nimg=\"1\" style=\"color:transparent;width:100%;height:auto;\"   src=\"https:\/\/www.europesays.com\/es\/wp-content\/uploads\/2025\/12\/vida-2-2-6929bc27ddf21.jpg\" class=\"css-0 e1g79fud0\"\/><\/p>\n<p>Productora<\/p>\n<p>La trampa final se cierne sobre Seyran en \u2018Una nueva vida\u2019<\/p>\n<p data-journey-content=\"true\" data-node-id=\"17\" class=\"css-6wxqfj emevuu60\">Asuman, por su parte, se siente humillada cuando Hatice expulsa de la mansi\u00f3n a su entrenador personal. Cansada de obedecer, confiesa a Suna sus sentimientos: \u00abHe estado demasiado tiempo sola, necesitaba sentirme amada\u00bb. La trampa final se cierne sobre Seyran. Akin lleva a Ece a una casa abandonada, la obliga a llamar a Seyran y tenderle el anzuelo. Ella, confiada, besa a Ferit antes de salir. Pero en la oscuridad la esperan los hombres de Akin, que la secuestran a sangre y fuego, disparando contra los guardias de la mansi\u00f3n Korhan.<br data-node-id=\"17.1\"\/><\/p>\n<p><img src=\"https:\/\/www.europesays.com\/es\/wp-content\/uploads\/2025\/12\/1765075110_900_43af9b8f-983e-4e74-8e74-9a7479b0966b_1681831601.file\" alt=\"Headshot of Pilar Mart\u00ednez\" title=\"Headshot of Pilar Mart\u00ednez\" width=\"100%\" height=\"100%\" decoding=\"async\" loading=\"lazy\" class=\"css-o0wq4v ev8dhu53\"\/><\/p>\n<p>Pilar Mart\u00ednez es periodista especializada en contenidos de televisi\u00f3n y cultura, se gradu\u00f3 en la carrera en Periodismo en la Facultad de Ciencias de la Informaci\u00f3n (Universidad Complutense de Madrid) en el a\u00f1o 2018. Desde entonces ha pasado por las redacciones de Ecoteuve (El Economista), donde realiz\u00f3 sus primeras pr\u00e1cticas durante el verano del 2016.<\/p>\n<p>Posteriormente, concretamente, en el a\u00f1o 2017 se pas\u00f3 al grupo Hearst Espa\u00f1a, donde comenz\u00f3 su andadura en las revistas de televisi\u00f3n: Supertele, Teleprograma, Telenovela. Ahora colabora con Diez Minutos, en su versi\u00f3n web, donde se encarga de realizar los avances semanales de las ficciones diarias de moda, as\u00ed como entrevistas y art\u00edculos sobre los melodramas o telenovelas que aterrizan en nuestro pa\u00eds y aquellos que est\u00e1n por venir.<\/p>\n<p>Toda una cazadora de exclusivas. A esto, se suma su puesto como redactora jefe de la secci\u00f3n de novela narrativa en la revista Culturamas, medio digital de alto impacto al que lleva unida desde el a\u00f1o 2013. \u00c1vida lectora, cin\u00e9fila y seri\u00e9fila de primer nivel, ha hecho de su vocaci\u00f3n su oficio. \u00a0<\/p>\n","protected":false},"excerpt":{"rendered":"Tras lo ocurrido en el cap\u00edtulo 64 de &#8216;Una nueva vida&#8217;, la mansi\u00f3n Korhan se convierte en fortaleza.&hellip;\n","protected":false},"author":2,"featured_media":275214,"comment_status":"","ping_status":"","sticky":false,"template":"","format":"standard","meta":{"footnotes":""},"categories":[171],"tags":[253,146,147,25,24,23,214],"class_list":{"0":"post-275213","1":"post","2":"type-post","3":"status-publish","4":"format-standard","5":"has-post-thumbnail","7":"category-tv","8":"tag-discover","9":"tag-entertainment","10":"tag-entretenimiento","11":"tag-es","12":"tag-espana","13":"tag-spain","14":"tag-tv"},"share_on_mastodon":{"url":"https:\/\/pubeurope.com\/@es\/115675968996657341","error":""},"_links":{"self":[{"href":"https:\/\/www.europesays.com\/es\/wp-json\/wp\/v2\/posts\/275213","targetHints":{"allow":["GET"]}}],"collection":[{"href":"https:\/\/www.europesays.com\/es\/wp-json\/wp\/v2\/posts"}],"about":[{"href":"https:\/\/www.europesays.com\/es\/wp-json\/wp\/v2\/types\/post"}],"author":[{"embeddable":true,"href":"https:\/\/www.europesays.com\/es\/wp-json\/wp\/v2\/users\/2"}],"replies":[{"embeddable":true,"href":"https:\/\/www.europesays.com\/es\/wp-json\/wp\/v2\/comments?post=275213"}],"version-history":[{"count":0,"href":"https:\/\/www.europesays.com\/es\/wp-json\/wp\/v2\/posts\/275213\/revisions"}],"wp:featuredmedia":[{"embeddable":true,"href":"https:\/\/www.europesays.com\/es\/wp-json\/wp\/v2\/media\/275214"}],"wp:attachment":[{"href":"https:\/\/www.europesays.com\/es\/wp-json\/wp\/v2\/media?parent=275213"}],"wp:term":[{"taxonomy":"category","embeddable":true,"href":"https:\/\/www.europesays.com\/es\/wp-json\/wp\/v2\/categories?post=275213"},{"taxonomy":"post_tag","embeddable":true,"href":"https:\/\/www.europesays.com\/es\/wp-json\/wp\/v2\/tags?post=275213"}],"curies":[{"name":"wp","href":"https:\/\/api.w.org\/{rel}","templated":true}]}}