{"id":275222,"date":"2025-12-07T02:46:09","date_gmt":"2025-12-07T02:46:09","guid":{"rendered":"https:\/\/www.europesays.com\/es\/275222\/"},"modified":"2025-12-07T02:46:09","modified_gmt":"2025-12-07T02:46:09","slug":"india-y-rusia-avanzan-hacia-tlc-pese-a-la-presion-de-ee-uu-dw-05-12-2025","status":"publish","type":"post","link":"https:\/\/www.europesays.com\/es\/275222\/","title":{"rendered":"India y Rusia avanzan hacia TLC pese a la presi\u00f3n de EE. UU. \u2013 DW \u2013 05\/12\/2025"},"content":{"rendered":"<p>En una cumbre bilateral anual enfocada hacia el futuro de la cooperaci\u00f3n comercial, m\u00e1s all\u00e1 de la geopol\u00edtica, el primer ministro de la <a class=\"internal-link\" href=\"https:\/\/www.dw.com\/es\/india\/t-64545444\" rel=\"nofollow noopener\" target=\"_blank\">India<\/a>, <a class=\"internal-link\" href=\"https:\/\/www.dw.com\/es\/modi-narendra\/t-36071811\" rel=\"nofollow noopener\" target=\"_blank\">Narendra Modi<\/a>, y el presidente de <a class=\"internal-link\" href=\"https:\/\/www.dw.com\/es\/rusia\/t-17410119\" rel=\"nofollow noopener\" target=\"_blank\">Rusia<\/a>, <a class=\"internal-link\" href=\"https:\/\/www.dw.com\/es\/vladimir-putin\/t-17409853\" rel=\"nofollow noopener\" target=\"_blank\">Vladimir Putin<\/a>, sellaron\u00a0una hoja de ruta que consolida los lazos comerciales entre ambas potencias, pese a las <a class=\"internal-link\" href=\"https:\/\/www.dw.com\/es\/ue-impone-sanciones-y-bloquea-activos-rusos-para-ucrania\/a-74488812\" rel=\"nofollow noopener\" target=\"_blank\">sanciones de Europa<\/a> y los <a class=\"internal-link\" href=\"https:\/\/www.dw.com\/es\/modi-trata-de-rebajar-la-tensi\u00f3n-con-estados-unidos\/a-73905235\" rel=\"nofollow noopener\" target=\"_blank\">aranceles de EE. UU.<\/a> por la guerra en <a class=\"internal-link\" href=\"https:\/\/www.dw.com\/es\/ucrania\/t-36925922\" rel=\"nofollow noopener\" target=\"_blank\">Ucrania<\/a>.<\/p>\n<p>Desdolarizaci\u00f3n<\/p>\n<p>\u00abNuestros pa\u00edses est\u00e1n avanzando gradualmente hacia el uso de monedas nacionales para los pagos. La participaci\u00f3n es ya del 96 % en los pagos comerciales\u00bb, asegur\u00f3 el mandatario ruso en una declaraci\u00f3n en Nueva Delhi, confirmando que el d\u00f3lar ha quedado pr\u00e1cticamente excluido del intercambio bilateral para evitar el impacto de las sanciones.<\/p>\n<p>El volumen de negocios actual ronda los 64.000 millones de d\u00f3lares, impulsado por las compras masivas de energ\u00eda, pero Putin inst\u00f3 a \u00abestar a la altura de la tarea\u00bb para elevar esa cifra hasta los 100.000 millones.<\/p>\n<p>Programa de cooperaci\u00f3n hasta 2030, negociaciones para TLC<\/p>\n<p>Para lograrlo, ambos l\u00edderes acordaron un programa de cooperaci\u00f3n hasta 2030 y aceleraron las negociaciones para un Tratado de Libre Comercio (TLC) entre la India y la Uni\u00f3n Econ\u00f3mica Euroasi\u00e1tica.<\/p>\n<p>El acuerdo incluye un giro en la transferencia tecnol\u00f3gica, y en este sentido Putin anunci\u00f3 la construcci\u00f3n de una gran f\u00e1brica farmac\u00e9utica en Rusia que utilizar\u00e1 \u00abtecnolog\u00eda avanzada de la India\u00bb, que podr\u00eda reducir la dependencia rusa de los medicamentos occidentales y que invierte el rol tradicional donde Mosc\u00fa sol\u00eda ser el \u00fanico proveedor de tecnolog\u00eda.<\/p>\n<p>Cooperaci\u00f3n militar y asistencia en la presidencia de los BRICS<\/p>\n<p>En el plano militar, el jefe del Kremlin record\u00f3 que Rusia lleva medio siglo ayudando a armar y modernizar al Ej\u00e9rcito indio y se mostr\u00f3 satisfecho con los resultados de las negociaciones de defensa mantenidas hoy, las cuales profundizan la asociaci\u00f3n estrat\u00e9gica.<\/p>\n<p>Putin tambi\u00e9n ofreci\u00f3 toda la asistencia necesaria a la India, que asumir\u00e1 la presidencia de los <a class=\"internal-link\" href=\"https:\/\/www.dw.com\/es\/pa\u00edses-brics\/t-17794614\" rel=\"nofollow noopener\" target=\"_blank\">BRICS<\/a> el pr\u00f3ximo a\u00f1o, y destac\u00f3 el trabajo conjunto de ambos pa\u00edses como fundadores para aumentar la autoridad de la organizaci\u00f3n a nivel mundial.<\/p>\n<p>Ante este despliegue de acuerdos, el primer ministro Modi recurri\u00f3 a una met\u00e1fora para definir la resiliencia de la relaci\u00f3n frente a las presiones geopol\u00edticas de los \u00faltimos 80 a\u00f1os: \u00abLa relaci\u00f3n India-Rusia ha sido como una Estrella Polar estable. Esta relaci\u00f3n basada en una profunda confianza y respeto ha resistido la prueba del tiempo\u00bb, sentenci\u00f3 el l\u00edder indio.<\/p>\n<p>Equlibrismo diplom\u00e1tico en torno a Ucrania<\/p>\n<p>Esta alianza desaf\u00eda las advertencias de Estados Unidos y la Uni\u00f3n Europea, que acusan a Nueva Delhi de sostener financieramente la maquinaria b\u00e9lica rusa.\u00a0<\/p>\n<p>La India no ha condenado expl\u00edcitamente la invasi\u00f3n rusa a Ucrania. Y se ha convertido en el segundo mayor comprador de crudo ruso, ahorr\u00e1ndose miles de millones de d\u00f3lares y proporcionando un mercado de exportaci\u00f3n\u00a0a Mosc\u00fa, aislada por sanciones de sus compradores tradicionales en Europa. Pero\u00a0intenta no provocar a Trump durante las negociaciones arancelarias en curso.<\/p>\n<p>El presidente estadounidense, <a class=\"internal-link\" href=\"https:\/\/www.dw.com\/es\/donald-trump\/t-19445010\" rel=\"nofollow noopener\" target=\"_blank\">Donald Trump<\/a>, impuso aranceles del 50% a la mayor\u00eda de los productos indios en agosto, alegando las continuas compras de petr\u00f3leo ruso por parte de Delhi, ingresos que, seg\u00fan Washington, contribuyen a financiar la guerra en Ucrania.<\/p>\n<p>\u00abEn los \u00faltimos d\u00edas, cada vez que he hablado con l\u00edderes de la comunidad global y hemos discutido este tema en detalle, siempre he dicho que la India no es neutral. La India tiene una posici\u00f3n clara, y esa posici\u00f3n es a favor de la paz. Apoyamos todos los esfuerzos hacia la paz\u00bb, aventur\u00f3\u00a0Modi, al inicio de esta jornada.<\/p>\n<p>Putin respondi\u00f3 a las palabras de su anfitri\u00f3n asegurando que Mosc\u00fa busca una salida negociada al conflicto.\u00a0\u00abHe compartido los detalles del conflicto pormenorizadamente. Estamos trabajando en una soluci\u00f3n pac\u00edfica para el conflicto de Ucrania\u00bb, declar\u00f3.<\/p>\n<p>rml (efe, afp, ap, actualizado a las 12:00 CET)<\/p>\n","protected":false},"excerpt":{"rendered":"En una cumbre bilateral anual enfocada hacia el futuro de la cooperaci\u00f3n comercial, m\u00e1s all\u00e1 de la geopol\u00edtica,&hellip;\n","protected":false},"author":2,"featured_media":275223,"comment_status":"","ping_status":"","sticky":false,"template":"","format":"standard","meta":{"footnotes":""},"categories":[42],"tags":[17,18,13,14,11,61,62,63,64,19,20,9,10,15,16,12,21,22,65,66,67],"class_list":{"0":"post-275222","1":"post","2":"type-post","3":"status-publish","4":"format-standard","5":"has-post-thumbnail","7":"category-internacional","8":"tag-breaking-news","9":"tag-breakingnews","10":"tag-featured-news","11":"tag-featurednews","12":"tag-headlines","13":"tag-internacional","14":"tag-international","15":"tag-international-news","16":"tag-internationalnews","17":"tag-latest-news","18":"tag-latestnews","19":"tag-news","20":"tag-noticias","21":"tag-noticias-destacadas","22":"tag-noticiasdestacadas","23":"tag-titulares","24":"tag-ultimas-noticias","25":"tag-ultimasnoticias","26":"tag-world","27":"tag-world-news","28":"tag-worldnews"},"share_on_mastodon":{"url":"https:\/\/pubeurope.com\/@es\/115676000065861185","error":""},"_links":{"self":[{"href":"https:\/\/www.europesays.com\/es\/wp-json\/wp\/v2\/posts\/275222","targetHints":{"allow":["GET"]}}],"collection":[{"href":"https:\/\/www.europesays.com\/es\/wp-json\/wp\/v2\/posts"}],"about":[{"href":"https:\/\/www.europesays.com\/es\/wp-json\/wp\/v2\/types\/post"}],"author":[{"embeddable":true,"href":"https:\/\/www.europesays.com\/es\/wp-json\/wp\/v2\/users\/2"}],"replies":[{"embeddable":true,"href":"https:\/\/www.europesays.com\/es\/wp-json\/wp\/v2\/comments?post=275222"}],"version-history":[{"count":0,"href":"https:\/\/www.europesays.com\/es\/wp-json\/wp\/v2\/posts\/275222\/revisions"}],"wp:featuredmedia":[{"embeddable":true,"href":"https:\/\/www.europesays.com\/es\/wp-json\/wp\/v2\/media\/275223"}],"wp:attachment":[{"href":"https:\/\/www.europesays.com\/es\/wp-json\/wp\/v2\/media?parent=275222"}],"wp:term":[{"taxonomy":"category","embeddable":true,"href":"https:\/\/www.europesays.com\/es\/wp-json\/wp\/v2\/categories?post=275222"},{"taxonomy":"post_tag","embeddable":true,"href":"https:\/\/www.europesays.com\/es\/wp-json\/wp\/v2\/tags?post=275222"}],"curies":[{"name":"wp","href":"https:\/\/api.w.org\/{rel}","templated":true}]}}