{"id":275224,"date":"2025-12-07T02:47:14","date_gmt":"2025-12-07T02:47:14","guid":{"rendered":"https:\/\/www.europesays.com\/es\/275224\/"},"modified":"2025-12-07T02:47:14","modified_gmt":"2025-12-07T02:47:14","slug":"sanchez-abre-una-grieta-con-las-izquierdas-en-su-carrera-por-compensar-a-junts-el-salto","status":"publish","type":"post","link":"https:\/\/www.europesays.com\/es\/275224\/","title":{"rendered":"S\u00e1nchez abre una grieta con las izquierdas en su carrera por compensar a Junts &#8211; El Salto"},"content":{"rendered":"<p>Hace dos a\u00f1os que el <a href=\"https:\/\/www.elsaltodiario.com\/pedro-sanchez\" target=\"_blank\" rel=\"nofollow noopener\">Pedro S\u00e1nchez<\/a> y Carles Puigdemont bailan un tango irritante en el que el resto de los grupos parlamentarios son testigos inc\u00f3modos. Un ping pong que pone de los nervios a muchos diputados y negociadores, que lo manifiestan en privado y cuidan las formas delante del micr\u00f3fono. Ahora estamos en una nueva fase: la seducci\u00f3n.<\/p>\n<p>En modo desesperado por conseguir el apoyo a los <a href=\"https:\/\/www.elsaltodiario.com\/gobierno-coalicion\/gobierno-convertira-presupuestos-una-operacion-retratar-derechas\" target=\"_blank\" rel=\"nofollow noopener\">Presupuestos Generales<\/a>, que le garantizar\u00edan un flanco menos de cr\u00edticas y pr\u00e1cticamente blindar\u00edan la legislatura hasta ser agotada, el presidente del Gobierno ha comenzado hace d\u00edas una intensa operaci\u00f3n para acercar posiciones con Junts y compensar, si cabe, los incumplimientos de lo acordado.<\/p>\n<p>Porque puede gustar o no Junts, pero tienen raz\u00f3n en los incumplimientos y tras negar que los hubiere, S\u00e1nchez los admiti\u00f3 en su entrevista a RAC1, la radio m\u00e1s escuchada de Catalunya (la elecci\u00f3n del medio tampoco fue casual, nada lo es en Moncloa). Pero este cortejo para el l\u00edder que todav\u00eda resiste en Waterloo (por un Supremo revanchista que le niega la amnist\u00eda, todo debe ser dicho) abre un nuevo surco con los aliados progresistas. Algunos empiezan a perder la paciencia.<\/p>\n<p>Sapo de fin de a\u00f1o<\/p>\n<p>Lo que ha ocurrido este jueves en el Congreso es que Junts ha colado un gol a la izquierda al conseguir llevar al hemiciclo su proposici\u00f3n de reforma sobre la multirreincidencia, que endurecer\u00e1 las penas a delitos menores con modificaciones al C\u00f3digo Penal y a la ley de Enjuiciamiento Criminal, registrada desde marzo de 2024 y que ha dormido en los cajones de Francina Armengol hasta ahora, cuando Miriam Nogueras anunci\u00f3 el bloqueo total de la legislatura.<\/p>\n<p>Acosados demosc\u00f3picamente por Alian\u00e7a Catalana (empatan con ellos en unas auton\u00f3micas si fueran hoy), los de Junts necesitan (o eso creen) mostrar al electorado que ellos tambi\u00e9n pueden liderar la agenda ultranacionalista y de mano dura. Fuentes del soberanismo aseguran que en las encuestas catalanas el asunto del delito urbano est\u00e1 creciendo como preocupaci\u00f3n.<\/p>\n<p>Y la forma de surfear la ola reaccionaria que ha encontrado Junts es este punitivismo populista. El PNV, que en varias ocasiones su portavoz hab\u00eda mencionado el asunto de la reincidencia en los plenos, ha apoyado a Junts en la ponencia. Tambi\u00e9n el PP y el PSOE, con la oposici\u00f3n de Sumar, Esquerra Republicana, EH Bildu y Podemos.<\/p>\n<p>Un p\u00e1rrafo merece la negociaci\u00f3n: una vez conocido el acuerdo (sobre las enmiendas y la ponencia definitiva, que llevar\u00e1 la ley a ser votada en febrero), en G\u00e9nova entr\u00f3 el nerviosismo porque los titulares period\u00edsticos hablaban de un acuerdo tripartito. \u201cNo pactamos con el PSOE, el acuerdo es con Junts y ellos acordaron a su vez con el PSOE\u201d, salieron raudos a aclarar, bajo el miedo de ser criticados por Vox, abiertamente entregado a la t\u00e1ctica del \u201cno a todo\u201d lo que provenga del PSOE y los soberanistas.<\/p>\n<p>Sin embargo, fuentes de Moncloa han asegurado a El Salto que el PP y PSOE s\u00ed dialogaron al respecto de las enmiendas a la proposici\u00f3n, incluso ha sido tema de conversaci\u00f3n en el Consejo de Ministros el marte pasado.<\/p>\n<blockquote><p>Los socialistas consideran que esto ser\u00e1 un disgusto asumible, uno de los sapos que debe tragar el Ejecutivo. \u201cA veces tienes que contentar a partidos de derecha, s\u00ed. Negociar es ceder\u201d<\/p><\/blockquote>\n<p>Los socialistas consideran que esto ser\u00e1 un disgusto asumible, uno de los sapos que debe tragar el Ejecutivo. \u201cHay partidos de derecha e izquierda, las negociaciones son de geometr\u00eda variable y lo que negocias con ERC no tiene por qu\u00e9 gustarle a Junts y viceversa. A veces tienes que contentar a partidos de derecha, s\u00ed. Negociar es ceder, igual que a veces ellos miran de reojo porque hay cosas que no les gustan\u201d, relata la misma fuente.<\/p>\n<p>Con respecto al enfado que esto provoca en el ala izquierda del bloque de investidura, el PSOE se reafirma en su fase seductora y pragm\u00e1tica: \u201cNo parece que vaya a ser un tema de extraordinaria importancia\u201d.<\/p>\n<p>\u201cEsto es inasumible para cualquier partido de izquierda\u201d, comentaban a El Salto fuentes de EH Bildu, y se quejaban del giro punitivista, especiamente por el marco actual de discusi\u00f3n: tratar un aumento de castigo a delitos menores en un momento en que las derechas intentan vincular migraci\u00f3n con delincuencia puede ser peligroso. \u201cPor eso es triste que lo primero en que cede el PSOE con Junts sea justamente esto. Nos gustar\u00eda m\u00e1s penas de multirreincidencia, s\u00ed, pero en delitos de corrupci\u00f3n por ejemplo\u201d, se\u00f1alan.<\/p>\n<p>Una dirigente de la ERC de Barcelona consultada por El Salto no ocult\u00f3 su disgusto. \u201cNo sabemos qu\u00e9 haremos cuando se vote pero dan ganas de irse de todo. Nuestra actitud es colaborativa, cooperamos y sostenemos al Gobierno y soportamos que nos diga Junts que todo es \u2018a cambio de nada\u2019 y ellos ahora que dicen que bloquean todo, les hacen caso. \u00a1Da rabia!\u201d, explica en modo cat\u00e1rtico.<\/p>\n<p>Toma y daca<\/p>\n<p>En este ida y vuelta de concesiones que tiene una mayor\u00eda parlamentaria irregular, heterog\u00e9nea e inestable, Moncloa env\u00eda gui\u00f1os de reparaci\u00f3n de da\u00f1os. Menos de 24 horas despu\u00e9s de conocerse el pacto con Junts, el Gobierno filtr\u00f3 su compromiso con ERC de recuperar las competencias de los juzgados de paz en Catalunya, una vieja reivindicaci\u00f3n de los republicanos y que permitir\u00e1 que los y las magistradas puedan celebrar casamientos, como era anteriormente en esa comundiad.<\/p>\n<p>Tambi\u00e9n fuentes del grupo Socialista han avanzado a El Salto que apoyar\u00e1n la admisi\u00f3n a tr\u00e1mite este martes a la ley org\u00e1nica de \u201cgarant\u00eda del pluriling\u00fcismo\u201d que promueven ERC, Bildu, PNV, Comprom\u00eds y BNG. Los de Ruf\u00edan recuerdan que es una promesa que hizo S\u00e1nchez al expresident Pere Aragon\u00e9s en 2023. Un mundo atr\u00e1s, pero lo prometido es deuda.<\/p>\n<blockquote><p>El jueves ser\u00e1 el turno, otra vez, de la senda del gasto, que Moncloa ya da por rechazada: el objetivo grande es los PGE y ese cap\u00edtulo se escribir\u00e1 en febrero<\/p><\/blockquote>\n<p>Esta mitad del ciclo 2025-2026 va llegando a su fin. Desenlace anticipado por las <a href=\"https:\/\/www.elsaltodiario.com\/extremadura-\/maria-guardiola-adelanta-elecciones-extremadura-diciembre\" target=\"_blank\" rel=\"nofollow noopener\">elecciones extreme\u00f1as<\/a>, que hace que el Congreso cierre una semana antes. El jueves ser\u00e1 el turno, otra vez, de la senda del gasto, que Moncloa ya da por rechazada nuevamente, pero tampoco le importa. El objetivo grande es los PGE y ese cap\u00edtulo se escribir\u00e1 en febrero.<\/p>\n<p>Queda pendiente, adem\u00e1s, renovar el escudo social, que ocupa pocos titulares den los grandes medios pero que afecta a la calidad de vida de miles de personas. Descafeinado desde su versi\u00f3n original de 2022, el \u00fanico partido que viene reclamando su renovaci\u00f3n es Podemos. Hasta fin de a\u00f1o habr\u00e1 tiempo para negociarlo.<\/p>\n<p>En febrero volver\u00e1n las sesiones ordinarias tras un receso de casi dos meses. La ola reaccionaria global parece estar teniendo su pico por estos meses en el Estado espa\u00f1ol, con Vox m\u00e1s fuerte que nunca y, m\u00e1s grave a\u00fan, su argumentario m\u00e1s presente que nunca en la conversaci\u00f3n p\u00fablica. Para m\u00e1s inri, comienza el ciclo electoral auton\u00f3mico que estaba dormido desde 2024. La izquierda aguanta abrazada al palo en el p\u00e1ramo ventoso con la suerte de tener las generales todav\u00eda lejos.<\/p>\n","protected":false},"excerpt":{"rendered":"Hace dos a\u00f1os que el Pedro S\u00e1nchez y Carles Puigdemont bailan un tango irritante en el que el&hellip;\n","protected":false},"author":2,"featured_media":275225,"comment_status":"","ping_status":"","sticky":false,"template":"","format":"standard","meta":{"footnotes":""},"categories":[8],"tags":[517,17,18,25,24,13,14,11,8886,19,20,9,10,15,16,2959,1699,23,12,21,22],"class_list":{"0":"post-275224","1":"post","2":"type-post","3":"status-publish","4":"format-standard","5":"has-post-thumbnail","7":"category-espana","8":"tag-actualidad","9":"tag-breaking-news","10":"tag-breakingnews","11":"tag-es","12":"tag-espana","13":"tag-featured-news","14":"tag-featurednews","15":"tag-headlines","16":"tag-junts-per-catalunya","17":"tag-latest-news","18":"tag-latestnews","19":"tag-news","20":"tag-noticias","21":"tag-noticias-destacadas","22":"tag-noticiasdestacadas","23":"tag-pedro-sanchez","24":"tag-psoe","25":"tag-spain","26":"tag-titulares","27":"tag-ultimas-noticias","28":"tag-ultimasnoticias"},"share_on_mastodon":{"url":"https:\/\/pubeurope.com\/@es\/115676004027230504","error":""},"_links":{"self":[{"href":"https:\/\/www.europesays.com\/es\/wp-json\/wp\/v2\/posts\/275224","targetHints":{"allow":["GET"]}}],"collection":[{"href":"https:\/\/www.europesays.com\/es\/wp-json\/wp\/v2\/posts"}],"about":[{"href":"https:\/\/www.europesays.com\/es\/wp-json\/wp\/v2\/types\/post"}],"author":[{"embeddable":true,"href":"https:\/\/www.europesays.com\/es\/wp-json\/wp\/v2\/users\/2"}],"replies":[{"embeddable":true,"href":"https:\/\/www.europesays.com\/es\/wp-json\/wp\/v2\/comments?post=275224"}],"version-history":[{"count":0,"href":"https:\/\/www.europesays.com\/es\/wp-json\/wp\/v2\/posts\/275224\/revisions"}],"wp:featuredmedia":[{"embeddable":true,"href":"https:\/\/www.europesays.com\/es\/wp-json\/wp\/v2\/media\/275225"}],"wp:attachment":[{"href":"https:\/\/www.europesays.com\/es\/wp-json\/wp\/v2\/media?parent=275224"}],"wp:term":[{"taxonomy":"category","embeddable":true,"href":"https:\/\/www.europesays.com\/es\/wp-json\/wp\/v2\/categories?post=275224"},{"taxonomy":"post_tag","embeddable":true,"href":"https:\/\/www.europesays.com\/es\/wp-json\/wp\/v2\/tags?post=275224"}],"curies":[{"name":"wp","href":"https:\/\/api.w.org\/{rel}","templated":true}]}}