{"id":275226,"date":"2025-12-07T02:48:34","date_gmt":"2025-12-07T02:48:34","guid":{"rendered":"https:\/\/www.europesays.com\/es\/275226\/"},"modified":"2025-12-07T02:48:34","modified_gmt":"2025-12-07T02:48:34","slug":"feijoo-acusa-a-vox-de-jugar-a-cosas-muy-peligrosas-y-sostiene-que-junts-es-el-clinex-del-gobierno","status":"publish","type":"post","link":"https:\/\/www.europesays.com\/es\/275226\/","title":{"rendered":"Feij\u00f3o acusa a Vox de \u00abjugar a cosas muy peligrosas\u00bb y sostiene que Junts es \u00abel cl\u00ednex del Gobierno\u00bb"},"content":{"rendered":"<p class=\"article-text\">\n        \u201cVox est\u00e1 jugando a cosas que son muy peligrosas\u201d. As\u00ed ha respondido el l\u00edder del PP, Alberto N\u00fa\u00f1ez Feij\u00f3o, a Santiago Abascal y sus decisiones estrat\u00e9gicas de los \u00faltimos meses. Desde salir de los gobiernos auton\u00f3micos a reclamar la cabeza de Mar\u00eda Guardiola para cerrar un pacto en Extremadura, pasando por su ausencia este s\u00e1bado en los actos institucionales del 47 aniversario de la Constituci\u00f3n. En conversaci\u00f3n con los periodistas tras el discurso de la presidenta del Congreso, Francina Armengol, Feij\u00f3o ha reiterado que mantendr\u00e1 a Mar\u00eda Guardiola, <a href=\"https:\/\/www.eldiario.es\/politica\/feijoo-acusa-abascal-caciquear-sugerirles-cambien-guardiola-si-no-logra-acuerdo-vox-extremadura_1_12824197.html\" target=\"_blank\" data-mrf-recirculation=\"links-noticia\" class=\"link\" rel=\"nofollow noopener\">pese a la amenaza de Abascal<\/a>: \u201cNo tengo empleados, tengo l\u00edderes\u201d.\n    <\/p>\n<p>    <a href=\"https:\/\/www.eldiario.es\/politica\/ayuso-acusa-moncloa-exagerar-escandalos-hospital-torrejon-atribuye-rencillas-directivos_1_12826270.html\" data-mrf-recirculation=\"saber-mas\" data-dl-event=\"saber-mas\" rel=\"nofollow noopener\" target=\"_blank\"><\/p>\n<p class=\"know-more__title\">Ayuso acusa a Moncloa de \u201cexagerar\u201d con el hospital de Torrej\u00f3n y lo atribuye a \u201crencillas entre directivos\u201d<\/p>\n<p>            <img decoding=\"async\" class=\"lazy\" loading=\"lazy\" data-src=\"https:\/\/static.eldiario.es\/clip\/7d5538c2-1bec-4936-ae49-3982ddb59b35_16-9-aspect-ratio_default_0.jpg\" src=\"data:image\/svg+xml,%3Csvg xmlns=\" http:=\"\" viewbox=\"0 0 880 495\" alt=\"Ayuso acusa a Moncloa de \u201cexagerar\u201d con el hospital de Torrej\u00f3n y lo atribuye a \u201crencillas entre directivos\u201d\"\/><\/p>\n<p>                        <\/a><\/p>\n<p class=\"article-text\">\n        Feij\u00f3o ha tachado de \u201cbroma\u201d la petici\u00f3n de Abascal de prescindir de Guardiola para que Vox pacte de nuevo con el PP tras las elecciones extreme\u00f1as del 21 de diciembre. \u201cSe presentan para impedir que gobierna el que gana\u201d, ha lamentado.\n    <\/p>\n<p class=\"article-text\">\n        El l\u00edder del PP ha recordado que Abascal ya dijo que Vox har\u00eda \u201cpasar por el aro\u201d a Guardiola, algo que ha considerado \u201cexcesivo\u201d. Pero se ha revuelto contra las declaraciones del l\u00edder ultra en la apertura de la campa\u00f1a. \u201cPor supuesto que descarto\u201d prescindir de Guardiola. \u201cNo somos un partido digital que pone candidatos con su dedo\u201d.\n    <\/p>\n<p class=\"article-text\">\n        \u201cNo tengo empleados, tengo l\u00edderes\u201d, ha concluido. Feij\u00f3o ha confiado en que se materialicen las encuestas, que vaticinan un triunfo del PP en Extremadura por primera vez en democracia, lo que supondr\u00e1 un \u201cmensaje\u201d sobre c\u00f3mo est\u00e1 el PSOE.\n    <\/p>\n<p>    Bego\u00f1a G\u00f3mez, \u00bfal Senado?<\/p>\n<p class=\"article-text\">\n        El l\u00edder del PP ha considerado que el candidato del PSOE, Miguel \u00c1ngel Gallardo, \u201ces una v\u00edctima\u201d de Pedro S\u00e1nchez. Gallardo est\u00e1 procesado y a la espera de juicio por supuestamente haber ama\u00f1ado un cargo p\u00fablico para el hermano del presidente del Gobierno. En opini\u00f3n de Feij\u00f3o, lo que te\u00f3ricamente hizo \u201cse lo han mandado\u201d.\n    <\/p>\n<p class=\"article-text\">\n        Feij\u00f3o tambi\u00e9n ha abierto la puerta a citar en el Senado a la esposa del presidente, Bego\u00f1a G\u00f3mez, para que declare en la comisi\u00f3n de investigaci\u00f3n sobre el llamado &#8216;caso Koldo&#8217;. El l\u00edder del PP da verosimilitud a las declaraciones a Eduardo Inda del exasesor del PSOE, quien asegur\u00f3 que un directivo de Air Europa dijo que habr\u00eda que darle \u201cun mill\u00f3n\u201d a G\u00f3mez por el rescate de la compa\u00f1\u00eda en plena pandemia. Un pr\u00e9stamo que ya est\u00e1 devuelto y con intereses.\n    <\/p>\n<p class=\"article-text\">\n        Hasta ahora, Feij\u00f3o hab\u00eda rechazado citar a la esposa de S\u00e1nchez. Este s\u00e1bado ha reconducido su discurso. \u201cNo he tomado la decisi\u00f3n\u201d, ha dicho. \u201cHan cambiado cosas\u201d, ha a\u00f1adido. Como prueba de verosimilitud, Feij\u00f3o ha dicho que si a \u00e9l le dijeran algo parecido \u201cese se\u00f1or tiene una querella en 24 horas\u201d.\n    <\/p>\n<p class=\"article-text\">\n        En el plano interno, Feij\u00f3o ha dado por hecho que el relevo de Carlos Maz\u00f3n al frente del partido en la Comunidad Valenciana es inminente. El l\u00edder del PP ha anticipado que podr\u00eda ponerse en marcha el congreso este mismo mes de diciembre, y ha recordado que el pr\u00f3ximo 22 se celebrar\u00e1 una Junta Directiva Nacional, \u00f3rgano encargado de activar los congresos auton\u00f3micos.\n    <\/p>\n<p class=\"article-text\">\n        Por ahora solo se ha postulado para sustituir a Maz\u00f3n <a href=\"https:\/\/www.eldiario.es\/comunitat-valenciana\/camps-quiere-sucesor-perez-llorca-presidir-generalitat-valenciana-pp-2027_1_12822533.html\" target=\"_blank\" data-mrf-recirculation=\"links-noticia\" class=\"link\" rel=\"nofollow noopener\">el expresidente de la Generalitat Francisco Camps<\/a>.\n    <\/p>\n<p>    S\u00e1nchez \u201cjuega con los tiempos\u201d del regreso de Puigdemont<\/p>\n<p class=\"article-text\">\n        Feij\u00f3o no ha querido reiterar su petici\u00f3n a los empresarios catalanes de que le ayuden a conseguir los votos de Junts para una moci\u00f3n de censura contra Pedro S\u00e1nchez, siquiera para convocar inmediatamente unas elecciones.\n    <\/p>\n<p class=\"article-text\">\n        El l\u00edder del PP hizo la petici\u00f3n hace una semana ante la plana mayor de la patronal Foment del Treball. Pero este s\u00e1bado ha mostrado muy poca confianza en que el partido de Carles Puigdemont le pueda llegar a apoyar.\n    <\/p>\n<p class=\"article-text\">\n        Feij\u00f3o ha negado contactos con Junts, de quien ha dicho que es \u201cun cl\u00ednex en manos del PSOE\u201d. Una frase que ya le dijo a Aitor Esteban sobre el PNV en 2023, y que ahora ha dedicado a Puigdemont.\n    <\/p>\n<p>    <a href=\"https:\/\/www.eldiario.es\/politica\/feijoo-acusa-abascal-caciquear-sugerirles-cambien-guardiola-si-no-logra-acuerdo-vox-extremadura_1_12824197.html\" data-mrf-recirculation=\"saber-mas-abajo\" data-dl-event=\"saber-mas-abajo\" rel=\"nofollow noopener\" target=\"_blank\"><\/p>\n<p class=\"know-more__title\">Feij\u00f3o acusa a Abascal de \u201ccaciquear\u201d por sugerirle que cambie a Guardiola si no logra un acuerdo con Vox en Extremadura<\/p>\n<p>            <img decoding=\"async\" class=\"lazy\" loading=\"lazy\" data-src=\"https:\/\/static.eldiario.es\/clip\/d2befd96-10a2-4490-bac6-6488ea125d97_16-9-aspect-ratio_default_0.jpg\" src=\"data:image\/svg+xml,%3Csvg xmlns=\" http:=\"\" viewbox=\"0 0 880 495\" alt=\"Feij\u00f3o acusa a Abascal de &quot;caciquear&quot; por sugerirle que cambie a Guardiola si no logra un acuerdo con Vox en Extremadura\"\/><\/p>\n<p>                        <\/a><\/p>\n<p class=\"article-text\">\n        El l\u00edder de la oposici\u00f3n ha dicho tambi\u00e9n que el Gobierno \u201cjuega con los tiempos\u201d del regreso de Puigdemont a Espa\u00f1a. Una cuesti\u00f3n que depende del Tribunal Constitucional. Preguntado varias veces si cree que S\u00e1nchez impone el calendario al tribunal de garant\u00edas, Feij\u00f3o ha preferido no responder.\n    <\/p>\n","protected":false},"excerpt":{"rendered":"\u201cVox est\u00e1 jugando a cosas que son muy peligrosas\u201d. As\u00ed ha respondido el l\u00edder del PP, Alberto N\u00fa\u00f1ez&hellip;\n","protected":false},"author":2,"featured_media":275227,"comment_status":"","ping_status":"","sticky":false,"template":"","format":"standard","meta":{"footnotes":""},"categories":[5],"tags":[6630,17,18,67170,19922,25,24,13,14,9860,582,11,7532,5216,19,20,9,10,15,16,14183,10160,23,12,21,22,624],"class_list":{"0":"post-275226","1":"post","2":"type-post","3":"status-publish","4":"format-standard","5":"has-post-thumbnail","7":"category-titulares","8":"tag-acusa","9":"tag-breaking-news","10":"tag-breakingnews","11":"tag-clinex","12":"tag-cosas","13":"tag-es","14":"tag-espana","15":"tag-featured-news","16":"tag-featurednews","17":"tag-feijoo","18":"tag-gobierno","19":"tag-headlines","20":"tag-jugar","21":"tag-junts","22":"tag-latest-news","23":"tag-latestnews","24":"tag-news","25":"tag-noticias","26":"tag-noticias-destacadas","27":"tag-noticiasdestacadas","28":"tag-peligrosas","29":"tag-sostiene","30":"tag-spain","31":"tag-titulares","32":"tag-ultimas-noticias","33":"tag-ultimasnoticias","34":"tag-vox"},"share_on_mastodon":{"url":"https:\/\/pubeurope.com\/@es\/115676007827070631","error":""},"_links":{"self":[{"href":"https:\/\/www.europesays.com\/es\/wp-json\/wp\/v2\/posts\/275226","targetHints":{"allow":["GET"]}}],"collection":[{"href":"https:\/\/www.europesays.com\/es\/wp-json\/wp\/v2\/posts"}],"about":[{"href":"https:\/\/www.europesays.com\/es\/wp-json\/wp\/v2\/types\/post"}],"author":[{"embeddable":true,"href":"https:\/\/www.europesays.com\/es\/wp-json\/wp\/v2\/users\/2"}],"replies":[{"embeddable":true,"href":"https:\/\/www.europesays.com\/es\/wp-json\/wp\/v2\/comments?post=275226"}],"version-history":[{"count":0,"href":"https:\/\/www.europesays.com\/es\/wp-json\/wp\/v2\/posts\/275226\/revisions"}],"wp:featuredmedia":[{"embeddable":true,"href":"https:\/\/www.europesays.com\/es\/wp-json\/wp\/v2\/media\/275227"}],"wp:attachment":[{"href":"https:\/\/www.europesays.com\/es\/wp-json\/wp\/v2\/media?parent=275226"}],"wp:term":[{"taxonomy":"category","embeddable":true,"href":"https:\/\/www.europesays.com\/es\/wp-json\/wp\/v2\/categories?post=275226"},{"taxonomy":"post_tag","embeddable":true,"href":"https:\/\/www.europesays.com\/es\/wp-json\/wp\/v2\/tags?post=275226"}],"curies":[{"name":"wp","href":"https:\/\/api.w.org\/{rel}","templated":true}]}}