{"id":275230,"date":"2025-12-07T02:57:12","date_gmt":"2025-12-07T02:57:12","guid":{"rendered":"https:\/\/www.europesays.com\/es\/275230\/"},"modified":"2025-12-07T02:57:12","modified_gmt":"2025-12-07T02:57:12","slug":"chispazo-vital-de-alvaro-juan-para-que-el-racing-club-ferrol-supere-al-cacereno-0-1","status":"publish","type":"post","link":"https:\/\/www.europesays.com\/es\/275230\/","title":{"rendered":"Chispazo vital de \u00c1lvaro Juan para que el Racing Club Ferrol supere al Cacere\u00f1o (0-1)"},"content":{"rendered":"<p>\t\t\t \t\t \t\t\t\t\t\t\t\u00c1lvaro Juan anot\u00f3 el tanto de la victoria.  <strong class=\"pd-l\">LOF  <\/strong><\/p>\n<p>\t\t\t\t\t\tUna volea de marca mayor del extremo tras un saque de banda decant\u00f3 la balanza para los de Pablo L\u00f3pez en un final el\u00e9ctrico en el Pr\u00edncipe Felipe<br \/>\n\t\t\t\t\t\t\t\t\t\t\t\t<strong>06 dic 2025<\/strong> . Actualizado a las 23:37 h.\t\t\t\t\t\t<\/p>\n<p class=\"first-paragraph txt\"><strong>De la penumbra a la luz de un voleazo.<\/strong> El<strong> Racing Club Ferrol<\/strong> regres\u00f3 a la senda de la victoria frente a<strong>l Cacere\u00f1o (0-1)<\/strong> en el Pr\u00edncipe Felipe gracias a un <strong>chispazo de calidad de \u00c1lvaro Juan,<\/strong> que remedi\u00f3 de un plumazo el bloque bajo defensivo de los locales que se vaciaron en los \u00faltimos compases y pusieron a prueba el temple de una fragata verde que supo ser acorazada en un final el\u00e9ctrico.<\/p>\n<blockquote class=\"twitter-tweet\">\n<p dir=\"ltr\" lang=\"es\">Grazas a todos os afeccionados racinguistas que nos alentaron no Pr\u00edncipe Felipe, comandados pola <a href=\"https:\/\/twitter.com\/navaldeljarama?ref_src=twsrc%5Etfw\" rel=\"nofollow noopener\" target=\"_blank\">@navaldeljarama<\/a> y <a href=\"https:\/\/twitter.com\/pr_decadicadi?ref_src=twsrc%5Etfw\" rel=\"nofollow noopener\" target=\"_blank\">@pr_decadicadi<\/a> <a href=\"https:\/\/twitter.com\/hashtag\/Cacere%C3%B1oRacingClubFerrol?src=hash&amp;ref_src=twsrc%5Etfw\" rel=\"nofollow noopener\" target=\"_blank\">#Cacere\u00f1oRacingClubFerrol<\/a> <a href=\"https:\/\/twitter.com\/hashtag\/PrimeraFederaci%C3%B3n?src=hash&amp;ref_src=twsrc%5Etfw\" rel=\"nofollow noopener\" target=\"_blank\">#PrimeraFederaci\u00f3n<\/a> <a href=\"https:\/\/twitter.com\/hashtag\/VersusELearning?src=hash&amp;ref_src=twsrc%5Etfw\" rel=\"nofollow noopener\" target=\"_blank\">#VersusELearning<\/a> <a href=\"https:\/\/twitter.com\/hashtag\/Prace?src=hash&amp;ref_src=twsrc%5Etfw\" rel=\"nofollow noopener\" target=\"_blank\">#Prace<\/a> <a href=\"https:\/\/t.co\/LBtveGHnGW\" rel=\"nofollow\">pic.twitter.com\/LBtveGHnGW<\/a><\/p>\n<p>&#13;<br \/>\n\t\t\t\t\t\t\t\t\t\t\t\t\t\t\t\t\t\t\t\t\t\t\t\t\u2014 Racing Club Ferrol (@racingferrolsad) <a href=\"https:\/\/twitter.com\/racingferrolsad\/status\/1997421605958349132?ref_src=twsrc%5Etfw\" rel=\"nofollow noopener\" target=\"_blank\">December 6, 2025<\/a><\/p><\/blockquote>\n<p class=\"txt\"><strong>Mismas once espadas que en el empate frente al M\u00e9rida<\/strong>, con el habitual trivote en una medular en la que igual\u00f3 Cobos la apuesta con tres mediocampistas en las filas del Cacere\u00f1o. Bal\u00f3n largo, cargado de intenciones y petici\u00f3n de mano tras descarga de Il Demoni. No concedi\u00f3 el colegiado y, tras dos centros laterales, se anot\u00f3 e<strong>l primer testarazo en el uno de partido \u00c1lvaro Gim\u00e9nez<\/strong>. Ataj\u00f3 Nieves y a seguir. Monopolio ferrolano, con recuperaci\u00f3n inmediata de los de Pablo L\u00f3pez en el arranque y las l\u00edneas m\u00e1s adelantadas de lo habitual.<\/p>\n<p class=\"txt\"><strong>Superado el diez arm\u00f3 Joserra el centro raso y se la tuvo que quitar de encima Zalaya.<\/strong> Aviso a la fragata verde, que respondi\u00f3 con disparo tibio de \u00c1lvaro Pe\u00f1a y devolvi\u00f3 el envite Berlanga, que dribl\u00f3 a Mardones y colg\u00f3 un bal\u00f3n al que a punto estuvo de llegar C\u00e9sar.<\/p>\n<p class=\"txt\">Con los veinte de partido asomando, crec\u00edan los de Cobos de la mano del bal\u00f3n parado y se igualaban las tornas. Del v\u00e9rtigo inicial a la pausa habitual en el cuadro naval, con una marcha menos que en los primeros compases. Con \u00c1lvaro Juan dormido en los laureles y el Racing volcado en campo rival, aprovechaban los de Cobos para armar una contra en la que la precipitaci\u00f3n local salv\u00f3 a los visitantes de un susto.<\/p>\n<p class=\"txt\"><strong>Par\u00f3n moment\u00e1neo para atender a un espectador<\/strong> y vuelta a la carga en el Pr\u00edncipe Felipe. No pudieron, entre Pujol y Mardones, cerrar el paso a C\u00e9sar G\u00f3mez. Disparo, respuesta de Parera y la necesidad de volver a engrasar la maquinaria.<\/p>\n<p class=\"txt\">Los pases, que arrancaron siendo fluidos, comenzaban a atropellarse en un cuadro naval desesperado por el bloque bajo local. <strong>Un balonazo inintencionado de Mardones a un jugador del Cacere\u00f1o acab\u00f3 en conato de una tangana<\/strong> que se resolvi\u00f3 con la <strong>expulsi\u00f3n del portero Lucas D\u00edaz,<\/strong> que salt\u00f3 como un gamo para proteger al lateral ferrolano. Con la crispaci\u00f3n en niveles muy altos \u2014la grada ejerci\u00f3 de duod\u00e9cimo jugador \u2014 y un cierre de primer acto sin f\u00fatbol, se sali\u00f3 el Cacere\u00f1o con la suya y, pese a que dispuso<strong> \u00c1lvaro Gim\u00e9nez de la m\u00e1s clara sobre la bocina, le toc\u00f3 al Racing enfilar los vestuarios sin estrenar el marcador.<\/strong><\/p>\n<p class=\"txt\"><strong>Diana salvadora<\/strong><\/p>\n<p class=\"txt\">Su partidazo en la Copa tuvo premio y salt\u00f3<strong> Dacosta al verde tras el descanso.<\/strong> Carrusel de centros y mismo arrojo que en el inicio de la primera mitad por parte de la fragata verde.<\/p>\n<p class=\"txt\">\u00a0Pol\u00e9mica servida en el 51, con un centro de \u00c1lvaro Ram\u00f3n que<strong> trat\u00f3 de introducir Il Demoni en la meta de Nieves.<\/strong> Se revis\u00f3 la acci\u00f3n de oficio por un <strong>posible gol fantasma y no logr\u00f3 Gim\u00e9nez acu\u00f1ar la del m\u00e1s listo de la clase.<\/strong>\u00a0El acoso y derribo del Cacere\u00f1o a Mardones deriv\u00f3 en el cambio obligado del ferrolano por Migue Leal.\u00a0<\/p>\n<p class=\"txt\">De lado a lado, sin lograr morder y nueva intentona t\u00edmida de Pe\u00f1a. As\u00ed, con el cariz a cero cerismo que estaba tomando el duelo, confi\u00f3 Pablo L\u00f3pez en Azael Garc\u00eda.\u00a0Un manotazo de Berlanga sobre el rostro de <strong>Dacosta abr\u00eda la puerta a la bala del penalti<\/strong>. Revis\u00f3 y no concedi\u00f3 el colegiado. Tocaba jugar\u00a0y eso hizo<strong> \u00c1lvaro Juan, con una volea impresionante que ni oli\u00f3 Nieves.<\/strong>\u00a0Lejos de arrasar le toc\u00f3 a los de Pablo L\u00f3pez resistir y opt\u00f3 el t\u00e9cnico por blindarse con l\u00ednea de<strong> tres centrales con la entrada de Chema Rodr\u00edguez.\u00a0<\/strong><\/p>\n<p class=\"txt\">Con el juvenil Iker debutando en las filas locales y la grada local volcada,<strong> supo el Racing Club Ferrol ponerle mente fr\u00eda a un revolucionado cierre de partido<\/strong>. As\u00ed, con suspense hasta el final y con los de Pablo L\u00f3pez apretando los dientes, el chispazo de <strong>\u00c1lvaro Jua<\/strong>n sirvi\u00f3 para arrojar luz en el camino del Racing Club Ferrol tras dos jornadas de sombras y un cierre de <strong>choque con alto riesgo de electrocuci\u00f3n.\u00a0<\/strong><\/p>\n<p>\u00a0<\/p>\n<p><strong>Ficha t\u00e9cnica:<\/strong><\/p>\n<p class=\"txt\"><strong>\u00a0CACERE\u00d1O: 0<\/strong><\/p>\n<p class=\"txt\">Diego Nieves; Emi, Javi Barrio, Mart\u00ednez, Joserra; Ra\u00fal Sanchis (Diego G\u00f3mez, min 64) Rementeria, Valdera; Berlanga, Carlos Gonz\u00e1lez (Oussama, min 62) y C\u00e9sar G\u00f3mez (Iker, min 87).<\/p>\n<p class=\"txt\"><strong>\u00a0RACING: 1<\/strong><\/p>\n<p class=\"txt\">Miquel Parera, Mardones (Migue Leal, min 56), Pujol, Zalaya, \u00c1lvaro Ram\u00f3n; Gorostidi, \u00c1lvaro Pe\u00f1a (Gelardo, min 87), Jairo; (Azael, min 68) \u00c1lvaro Juan (Chema, min 87), Pascu (Dacosta, min 46) y \u00c1lvaro Gim\u00e9nez.<\/p>\n<p class=\"txt\"><strong>GOL:<\/strong> 0-1, min 74: \u00c1lvaro Juan<\/p>\n<p class=\"txt\"><strong>\u00c1RBITRO<\/strong>: Juan Antonio Manrique (Colegio Andaluz). Amarillas a Berlanga (min 9), Carlos Gonz\u00e1lez (min 45+1) en el Cacere\u00f1o y as\u00ed como a Dacosta (min 89) en el Racing. Expuls\u00f3 con roja directa a Lucas D\u00edaz (min 43)<\/p>\n<p>&#13;<br \/>\n\tArchivado en:&#13;<br \/>\n\t\t\t\t\t<a href=\"https:\/\/www.lavozdegalicia.es\/temas\/racing-de-ferrol\/\" target=\"_blank\" class=\"mg-l\" rel=\"nofollow noopener\">Racing de Ferrol<\/a>&#13;<br \/>\n\t\t\t\t\t<a href=\"https:\/\/www.lavozdegalicia.es\/temas\/primera-rfef\/\" target=\"_blank\" class=\"mg-l\" rel=\"nofollow noopener\">Primera RFEF<\/a>&#13;<br \/>\n\t&#13;<\/p>\n<p>\t\t\t\t<script async src=\"https:\/\/platform.twitter.com\/widgets.js\" charset=\"utf-8\"><\/script><\/p>\n","protected":false},"excerpt":{"rendered":"\u00c1lvaro Juan anot\u00f3 el tanto de la victoria. LOF Una volea de marca mayor del extremo tras un&hellip;\n","protected":false},"author":2,"featured_media":275231,"comment_status":"","ping_status":"","sticky":false,"template":"","format":"standard","meta":{"footnotes":""},"categories":[268],"tags":[168,25,24,280,282,6958,12815,281,23,167],"class_list":{"0":"post-275230","1":"post","2":"type-post","3":"status-publish","4":"format-standard","5":"has-post-thumbnail","7":"category-futbol","8":"tag-deportes","9":"tag-es","10":"tag-espana","11":"tag-football","12":"tag-futbol","13":"tag-primera-rfef","14":"tag-racing-de-ferrol","15":"tag-soccer","16":"tag-spain","17":"tag-sports"},"share_on_mastodon":{"url":"https:\/\/pubeurope.com\/@es\/115676043450136256","error":""},"_links":{"self":[{"href":"https:\/\/www.europesays.com\/es\/wp-json\/wp\/v2\/posts\/275230","targetHints":{"allow":["GET"]}}],"collection":[{"href":"https:\/\/www.europesays.com\/es\/wp-json\/wp\/v2\/posts"}],"about":[{"href":"https:\/\/www.europesays.com\/es\/wp-json\/wp\/v2\/types\/post"}],"author":[{"embeddable":true,"href":"https:\/\/www.europesays.com\/es\/wp-json\/wp\/v2\/users\/2"}],"replies":[{"embeddable":true,"href":"https:\/\/www.europesays.com\/es\/wp-json\/wp\/v2\/comments?post=275230"}],"version-history":[{"count":0,"href":"https:\/\/www.europesays.com\/es\/wp-json\/wp\/v2\/posts\/275230\/revisions"}],"wp:featuredmedia":[{"embeddable":true,"href":"https:\/\/www.europesays.com\/es\/wp-json\/wp\/v2\/media\/275231"}],"wp:attachment":[{"href":"https:\/\/www.europesays.com\/es\/wp-json\/wp\/v2\/media?parent=275230"}],"wp:term":[{"taxonomy":"category","embeddable":true,"href":"https:\/\/www.europesays.com\/es\/wp-json\/wp\/v2\/categories?post=275230"},{"taxonomy":"post_tag","embeddable":true,"href":"https:\/\/www.europesays.com\/es\/wp-json\/wp\/v2\/tags?post=275230"}],"curies":[{"name":"wp","href":"https:\/\/api.w.org\/{rel}","templated":true}]}}