{"id":275234,"date":"2025-12-07T03:01:52","date_gmt":"2025-12-07T03:01:52","guid":{"rendered":"https:\/\/www.europesays.com\/es\/275234\/"},"modified":"2025-12-07T03:01:52","modified_gmt":"2025-12-07T03:01:52","slug":"paula-llora-y-su-novio-interviene-en-directo","status":"publish","type":"post","link":"https:\/\/www.europesays.com\/es\/275234\/","title":{"rendered":"Paula llora y su novio interviene en directo"},"content":{"rendered":"<p class=\"c-paragraph\">La convivencia en <b><a href=\"https:\/\/www.20minutos.es\/tags\/instituciones-empresas\/gran-hermano.html\" title=\"Gran Hermano\" rel=\"nofollow noopener\" target=\"_blank\">Gran Hermano<\/a><\/b> 20 dio un vuelco cuando <b>Aquilino reconoci\u00f3 que ten\u00eda sentimientos por Paula<\/b>. La amistad que hab\u00edan construido desde el inicio se convirti\u00f3 en algo m\u00e1s para \u00e9l, aunque la confesi\u00f3n dej\u00f3 a la concursante en una <b>posici\u00f3n delicada, ya que mantiene una relaci\u00f3n<\/b> fuera.<\/p>\n<p class=\"c-paragraph\">En su charla m\u00e1s sincera, Aquilino admiti\u00f3 estar afectado por la situaci\u00f3n y por la relaci\u00f3n de Paula con su pareja. Incluso confes\u00f3 sentirse molesto durante las galas. \u00ab<b>Me piqu\u00e9 al ver que mandabas tantos saludos a tu novio en la gala<\/b>\u00ab, le dijo abiertamente.<\/p>\n<p class=\"c-paragraph\">Paula, visiblemente agobiada, <b>tem\u00eda que Jos\u00e9 Mar\u00eda estuviera interpretando mal<\/b> lo ocurrido desde fuera. Insisti\u00f3 en que para ella Aquilino era solo un amigo y que no quer\u00eda hacer da\u00f1o a nadie. Esperaba poder hablar cuanto antes con su pareja para aclararlo todo.<\/p>\n<p class=\"c-paragraph\">La oportunidad lleg\u00f3 durante la gala, cuando <b><a href=\"https:\/\/www.20minutos.es\/tags\/personas\/jorge-javier-vazquez.html\" title=\"Jorge Javier V\u00e1zquez\" rel=\"nofollow noopener\" target=\"_blank\">Jorge Javier V\u00e1zquez<\/a><\/b> la cit\u00f3 al confesionario. \u00abTienes <b>noventa segundos exactos<\/b> para hablar con una persona\u00bb, anunci\u00f3 antes de darle paso. Al escuchar la voz de Jos\u00e9 Mar\u00eda, Paula <b>rompi\u00f3 a llorar e intent\u00f3 tranquilizarlo<\/b> desde el primer momento.<\/p>\n<p class=\"c-paragraph\">\u00ab<b>Te quiero mucho.<\/b> No quiero que sientas inseguridad, <b>no quiero que sientas celos<\/b>\u00ab, le asegur\u00f3. Tambi\u00e9n le pidi\u00f3 comprensi\u00f3n hacia su compa\u00f1ero: \u00ab<b>Quiero que tambi\u00e9n reces por \u00e9l <\/b>para que no lo pase mal por no corresponderle\u00bb. Jos\u00e9 Mar\u00eda respondi\u00f3 que, \u00abaunque le cuesta hacerlo\u00bb, est\u00e1 rezando por Aquilino.<\/p>\n<p class=\"c-paragraph\">Durante la llamada, \u00e9l aprovech\u00f3 para marcar l\u00edmites. \u00ab<b>Hay algunas cosas que hay que distanciar<\/b>\u00ab, le advirti\u00f3. M\u00e1s tarde, con Jorge Javier, confes\u00f3 que le preocupa la situaci\u00f3n y que algunas actitudes de Aquilino le han molestado: \u00abSi de verdad quiere a Paula, <b>lo mejor es verla feliz<\/b>, \u00bfno? Y no lo est\u00e1 haciendo\u00bb.<\/p>\n","protected":false},"excerpt":{"rendered":"La convivencia en Gran Hermano 20 dio un vuelco cuando Aquilino reconoci\u00f3 que ten\u00eda sentimientos por Paula. La&hellip;\n","protected":false},"author":2,"featured_media":275235,"comment_status":"","ping_status":"","sticky":false,"template":"","format":"standard","meta":{"footnotes":""},"categories":[171],"tags":[18555,15091,3006,146,147,25,24,23,7049,214,16743],"class_list":{"0":"post-275234","1":"post","2":"type-post","3":"status-publish","4":"format-standard","5":"has-post-thumbnail","7":"category-tv","8":"tag-aquilino","9":"tag-declaracion","10":"tag-desata","11":"tag-entertainment","12":"tag-entretenimiento","13":"tag-es","14":"tag-espana","15":"tag-spain","16":"tag-terremoto","17":"tag-tv","18":"tag-un"},"share_on_mastodon":{"url":"https:\/\/pubeurope.com\/@es\/115676062921610479","error":""},"_links":{"self":[{"href":"https:\/\/www.europesays.com\/es\/wp-json\/wp\/v2\/posts\/275234","targetHints":{"allow":["GET"]}}],"collection":[{"href":"https:\/\/www.europesays.com\/es\/wp-json\/wp\/v2\/posts"}],"about":[{"href":"https:\/\/www.europesays.com\/es\/wp-json\/wp\/v2\/types\/post"}],"author":[{"embeddable":true,"href":"https:\/\/www.europesays.com\/es\/wp-json\/wp\/v2\/users\/2"}],"replies":[{"embeddable":true,"href":"https:\/\/www.europesays.com\/es\/wp-json\/wp\/v2\/comments?post=275234"}],"version-history":[{"count":0,"href":"https:\/\/www.europesays.com\/es\/wp-json\/wp\/v2\/posts\/275234\/revisions"}],"wp:featuredmedia":[{"embeddable":true,"href":"https:\/\/www.europesays.com\/es\/wp-json\/wp\/v2\/media\/275235"}],"wp:attachment":[{"href":"https:\/\/www.europesays.com\/es\/wp-json\/wp\/v2\/media?parent=275234"}],"wp:term":[{"taxonomy":"category","embeddable":true,"href":"https:\/\/www.europesays.com\/es\/wp-json\/wp\/v2\/categories?post=275234"},{"taxonomy":"post_tag","embeddable":true,"href":"https:\/\/www.europesays.com\/es\/wp-json\/wp\/v2\/tags?post=275234"}],"curies":[{"name":"wp","href":"https:\/\/api.w.org\/{rel}","templated":true}]}}