{"id":275238,"date":"2025-12-07T03:07:13","date_gmt":"2025-12-07T03:07:13","guid":{"rendered":"https:\/\/www.europesays.com\/es\/275238\/"},"modified":"2025-12-07T03:07:13","modified_gmt":"2025-12-07T03:07:13","slug":"jorge-javier-cuenta-el-drama-de-su-ultima-operacion-estetica-y-sus-consecuencias-para-presentar-se-me-desfiguro-la-cara-eldiario-es","status":"publish","type":"post","link":"https:\/\/www.europesays.com\/es\/275238\/","title":{"rendered":"Jorge Javier cuenta el drama de su \u00faltima operaci\u00f3n est\u00e9tica y sus consecuencias para presentar: &quot;Se me desfigur\u00f3 la cara&quot; &#8211; elDiario.es"},"content":{"rendered":"<ol>\n<li><a href=\"https:\/\/news.google.com\/rss\/articles\/CBMi4AFBVV95cUxOWDJyUEIxT0dMMFp5cFNQcmJDQVZhSUYxcTJuLWhSUHFkajhNWDRCU3pVeFNabUNFSmczQnI5QmIzWnBjMnB0UEVCTlF4alJuSElSYXRzUFlVS3hhN2FGR3RNU2EzTDF5Ni12MU5HTHdMZ1UwOV9SdVVQRmJIVVZ1ZWxhVm8wWDkzTUhiclUxaG1zS3pVMFQtRGlrVXpKbG5XZnFnVzVvc3B4QjZRNUs4ZkFYWGwzOE5YVU84Q2ZUeFZNSDZLWjFZLVJkTVl4YkdoNmhUTjlBd0xuSHFPaVh6UtIB5gFBVV95cUxPeHpBREJyUXFPeGswZnFXRklDOTI1M3NEWWl4dW1OY2M3Uk9fY3EyVGdnSXVqT05MTVFtS2djTlNrSFcwVjF5RERfT29uWGtGNzZuNEZMU1FXVDJoVFItb1VMWnc3anN6YkFzZExLdHZ5ZERpTzlBclRPMlI1RzVBQjBramtWTlBUYlNkVlZSYXlKRTFEcWxmdkZuN2ZHVm9STklWNmZ2OUczOTM3TTZVWDBwU2NIRFhNelBmdVI5ZU84R1hIUUFnZ1dJejRYSHVWbUJVcERwSHZSVjhIMmM0czRfUDZKZw?oc=5\" target=\"_blank\" rel=\"nofollow noopener\">Jorge Javier cuenta el drama de su \u00faltima operaci\u00f3n est\u00e9tica y sus consecuencias para presentar: \u00abSe me desfigur\u00f3 la cara\u00bb<\/a>&nbsp;&nbsp;elDiario.es<\/li>\n<li><a href=\"https:\/\/news.google.com\/rss\/articles\/CBMi1wFBVV95cUxPeTNZbkNObnVBS3JNb2lkSmpHRi1Ga3F4RE11d19Pam9RclZrNXlwQmxHb3UzakQ1aFpScktnY1E4TEJwV2lqd0pyZEhlcXpNaTRwd1c2RVFjV09hVnFpenhqNDhEMnhzcUlTNE1NZVJ6eHk0LUF5ZFpHQjBPZ3NaUG5vUlNid043cDZtUU5FTVlrcm80eC1iMWdleXF5UHVyZTdrZ3VJVFVOOS11VExtczJmTGF3UGt4ekFQeEtZeW96S1RueVdYVU9JeFNFODhIN0JwQUF0SdIB3AFBVV95cUxONXY1bXpZX1NYQ21sRW9qb3FwUDljT1RKMzE0aUpQWlgzVkRnUFhnSUh4OXpDMUNVZUZlYjJsaU12SXQ0X1Y4WG9raGZoMlpYa3lqYjlzbjNwWEZ6YWFPeHN2RDZVN2FndXlPZmk5bXhmLWFYUWc5TldCQWctSndMQV9JWVVCXzN6SW44bTM2LXVURDZLdHRtVm9SelRUM3JhbXVPZk5jcFBnb3RiVXlLd1hsa2pZVk9IUGljZ2JpSWtfanBCUDNnN2tmWlJiYzdMZlpRdS0zYVo4eU1m?oc=5\" target=\"_blank\" rel=\"nofollow noopener\">\u00abNo aguantaba verme\u00bb: Jorge Javier da la cara y se sincera sobre sus retoques est\u00e9ticos en Telecinco<\/a>&nbsp;&nbsp;El Confidencial<\/li>\n<li><a href=\"https:\/\/news.google.com\/rss\/articles\/CBMiqAFBVV95cUxNNXg3UkFrZF9MWXVlaldTM0xLSl9WenJKUW1sVkRFWjRYZ0RQNkdBdF82SWx0OUpTeDlMN0puRnFRaFd5cmtFN2dwajBSajlnOXJ2V25hckt6cm1jLTlKOTdUdzhpbkpRVmwyTEZxSXZRYks1dGlwT0wxSnFmeDFNdUZWU3doRTl5YWJ4X1JES09kUHZpcXNUY095VEVVMmFyVjM3NnhFUEw?oc=5\" target=\"_blank\" rel=\"nofollow noopener\">&#8216;\u00a1De viernes!&#8217; | Programa completo, en v\u00eddeo (05\/12\/25)<\/a>&nbsp;&nbsp;Telecinco<\/li>\n<li><a href=\"https:\/\/news.google.com\/rss\/articles\/CBMiwAFBVV95cUxOOWt2WGNSNFZudUxMUmZkRUE5UFVlOFQzbUhwSENEemk0N1I3LXVCVDg5Wllad05EdHR0SDM0dTM0U1R6azF2TnZFQ2Q5bGpaTXJFM0tlY1lWVm95TzV1RUpsLUZsemI1TEVKMjJVNXpIekpuQi01bnRtS0E4YngtTWlKS1VKQVVmejVKeDRRSzVQRWNwRmFDc2JpT0RnSDlaYXBqdEVPYXk0ZmV4RzlVS1NxOWl6TVp4MkNkRDZ6RTM?oc=5\" target=\"_blank\" rel=\"nofollow noopener\">Jorge Javier V\u00e1zquez da la cara tras el drama de su \u00faltimo retoque est\u00e9tico: \u201cHab\u00eda d\u00edas que no quer\u00eda salir de casa, sent\u00eda rechazo\u201d<\/a>&nbsp;&nbsp;HOLA<\/li>\n<li><a href=\"https:\/\/news.google.com\/rss\/articles\/CBMif0FVX3lxTE5yQzVRZnkxX2VqMW5vd01uclVlMXRSclZSQks3VHR5Y0E5Ry1tNjRqb0x1WWpMVUFLT2g4Q3NQS0VGTXFLSWlLMk5oNVRyQVV6OG1jNVJPQWx6aVlnRmN5ZC02R2pTOFpqRGZockxJeC1GVW00Ni1JdmdVUHJNOFXSAX9BVV95cUxQMTdpS1pya2hlYy1QckpVTXRJbXVubXg2aVZ4cGREOEc0dTdMSEVPRDd0RGxMWmNfYndzdjJibUxzdE9DUG1YVkRGSDgzNUcyblBPOWlHSmVIVFRBYkk5V1ZRcmtrUnBCdkhycVp0bDNzckNoek82RFFOU21mXzhr?oc=5\" target=\"_blank\" rel=\"nofollow noopener\">Estos son los invitados de \u00a1De viernes!, el programa de Telecinco, de hoy, 5 de diciembre: un reencuentro inesperado de S\u00e1lvame<\/a>&nbsp;&nbsp;El Mundo<\/li>\n<\/ol>\n","protected":false},"excerpt":{"rendered":"Jorge Javier cuenta el drama de su \u00faltima operaci\u00f3n est\u00e9tica y sus consecuencias para presentar: \u00abSe me desfigur\u00f3&hellip;\n","protected":false},"author":2,"featured_media":275239,"comment_status":"","ping_status":"","sticky":false,"template":"","format":"standard","meta":{"footnotes":""},"categories":[91],"tags":[2608,10107,2196,67171,1931,146,147,25,24,5696,2249,2885,2564,23,1885],"class_list":{"0":"post-275238","1":"post","2":"type-post","3":"status-publish","4":"format-standard","5":"has-post-thumbnail","7":"category-entretenimiento","8":"tag-cara","9":"tag-consecuencias","10":"tag-cuenta","11":"tag-desfiguro","12":"tag-drama","13":"tag-entertainment","14":"tag-entretenimiento","15":"tag-es","16":"tag-espana","17":"tag-estetica","18":"tag-jorge-javier","19":"tag-operacion","20":"tag-presentar","21":"tag-spain","22":"tag-ultima"},"share_on_mastodon":{"url":"https:\/\/pubeurope.com\/@es\/115676082698588611","error":""},"_links":{"self":[{"href":"https:\/\/www.europesays.com\/es\/wp-json\/wp\/v2\/posts\/275238","targetHints":{"allow":["GET"]}}],"collection":[{"href":"https:\/\/www.europesays.com\/es\/wp-json\/wp\/v2\/posts"}],"about":[{"href":"https:\/\/www.europesays.com\/es\/wp-json\/wp\/v2\/types\/post"}],"author":[{"embeddable":true,"href":"https:\/\/www.europesays.com\/es\/wp-json\/wp\/v2\/users\/2"}],"replies":[{"embeddable":true,"href":"https:\/\/www.europesays.com\/es\/wp-json\/wp\/v2\/comments?post=275238"}],"version-history":[{"count":0,"href":"https:\/\/www.europesays.com\/es\/wp-json\/wp\/v2\/posts\/275238\/revisions"}],"wp:featuredmedia":[{"embeddable":true,"href":"https:\/\/www.europesays.com\/es\/wp-json\/wp\/v2\/media\/275239"}],"wp:attachment":[{"href":"https:\/\/www.europesays.com\/es\/wp-json\/wp\/v2\/media?parent=275238"}],"wp:term":[{"taxonomy":"category","embeddable":true,"href":"https:\/\/www.europesays.com\/es\/wp-json\/wp\/v2\/categories?post=275238"},{"taxonomy":"post_tag","embeddable":true,"href":"https:\/\/www.europesays.com\/es\/wp-json\/wp\/v2\/tags?post=275238"}],"curies":[{"name":"wp","href":"https:\/\/api.w.org\/{rel}","templated":true}]}}