{"id":275243,"date":"2025-12-07T03:10:10","date_gmt":"2025-12-07T03:10:10","guid":{"rendered":"https:\/\/www.europesays.com\/es\/275243\/"},"modified":"2025-12-07T03:10:10","modified_gmt":"2025-12-07T03:10:10","slug":"lider-de-qatar-dice-que-el-alto-el-fuego-en-gaza-esta-en-un-momento-critico","status":"publish","type":"post","link":"https:\/\/www.europesays.com\/es\/275243\/","title":{"rendered":"L\u00edder de Qatar dice que el alto el fuego en Gaza est\u00e1 en un momento cr\u00edtico"},"content":{"rendered":"<p>DOHA. Qatar (AP) \u2014 El primer ministro de Qatar dijo el s\u00e1bado que el alto el fuego en Gaza ha alcanzado un \u201cpunto cr\u00edtico\u201d mientras su primera fase llega a su fin, con los restos de un \u00fanico reh\u00e9n israel\u00ed a\u00fan por ser entregados por los insurgentes.<\/p>\n<p>El jeque Mohammed bin Abdulrahman Al Thani dijo en una conferencia en la capital del emirato que los mediadores internacionales, encabezados por Estados Unidos, est\u00e1n trabajando \u201cpara forzar el avance\u201d hacia la segunda fase con el objetivo de consolidar el acuerdo.<\/p>\n<p>\u201cLo que acabamos de hacer es una pausa\u201d, afirm\u00f3 en el Foro de Doha. \u201cNo podemos considerarlo a\u00fan un alto el fuego\u201d.<\/p>\n<p>A\u00f1adi\u00f3: \u201cEl alto el fuego no puede completarse a menos que haya una retirada total de las fuerzas israel\u00edes, se restablezca la estabilidad en Gaza, y la gente pueda entrar y salir, que no es el caso hoy en d\u00eda\u201d.<\/p>\n<p>Aunque el alto el fuego detuvo los intensos combates en la guerra de dos a\u00f1os, funcionarios de salud del sitiado enclave dicen que m\u00e1s de 360 palestinos han muerto por fuego israel\u00ed desde que la entrada en vigor de la tregua el 10 de octubre.<\/p>\n<p>En un nuevo episodio de violencia, dos palestinos fallecieron en un ataque a\u00e9reo israel\u00ed en el noroeste de la Ciudad de Gaza, de acuerdo con el Hospital Shifa.<\/p>\n<p>El ej\u00e9rcito de Israel se\u00f1al\u00f3 que no estaba al tanto de un ataque a\u00e9reo en esa ubicaci\u00f3n. Sin embargo, dijo que sus soldados abatieron a tres insurgentes que cruzaron la \u201cl\u00ednea amarilla\u201d hacia la parte norte de Gaza controlada por Israel, y que \u201crepresentaban una amenaza inmediata\u201d.<\/p>\n<p>Desde el alto el fuego, el ej\u00e9rcito dice que ha llevado a cabo varios ataques contra palestinos que cruzaron las demarcaciones establecidas en el acuerdo.<\/p>\n<p>La segunda fase no ha comenzado<\/p>\n<p>La primera fase del plan de paz de 20 puntos del presidente de Estados Unidos, Donald Trump, entr\u00f3 en vigor el 10 de octubre. Los combates cesaron y las decenas de rehenes retenidos en Gaza fueron intercambiados por cientos de palestinos detenidos en c\u00e1rceles israel\u00edes. Adem\u00e1s, Israel ha enviado una delegaci\u00f3n a Egipto para conversaciones sobre la devoluci\u00f3n de los restos mortales del \u00faltimo cautivo.<\/p>\n<p>La siguiente fase no ha comenzado. Incluye el despliegue de una fuerza de seguridad internacional en la Franja, la formaci\u00f3n de un nuevo gobierno tecnocr\u00e1tico para el territorio, el desarme de Ham\u00e1s y una eventual retirada de las fuerzas israel\u00edes del enclave.<\/p>\n<p>Funcionarios \u00e1rabes y occidentales dijeron a The Associated Press el viernes que se espera que a finales de a\u00f1o se nombre un organismo internacional que supervisar\u00e1 el alto el fuego, dirigido por el propio Trump. A largo plazo, el plan contempla tambi\u00e9n una posible \u201cv\u00eda\u201d hacia la independencia palestina.<\/p>\n<p>El primer ministro de Qatar dijo que incluso la pr\u00f3xima fase deber\u00eda ser \u201ctemporal\u201d y que la paz en la regi\u00f3n solo podr\u00e1 alcanzarse con el establecimiento de un Estado palestino, algo a lo que el gobierno conservador de Israel se opone.<\/p>\n<p>\u201cResolver \u00fanicamente lo que ha ocurrido en Gaza, la cat\u00e1strofe ocurrida en los \u00faltimos dos a\u00f1os, no es suficiente\u201d, declar\u00f3. \u201cEste conflicto tiene una ra\u00edz. Y este conflicto no solo tiene que ver con Gaza.\u201d<\/p>\n<p>\u201cSe trata de Gaza. Se trata de Cisjordania. Se trata de los derechos de los palestinos a tener su propio Estado. Esperamos poder trabajar con el gobierno estadounidense para lograr este objetivo\u201d, a\u00f1adi\u00f3.<\/p>\n<p>El ministro de Exteriores de Turqu\u00eda, Hakan Fidan, se\u00f1al\u00f3 que existe una \u201cgran pregunta\u201d con respecto a la formaci\u00f3n de una fuerza de seguridad internacional para Gaza. En la misma conferencia en Doha, indic\u00f3 que no est\u00e1 claro qu\u00e9 pa\u00edses se unir\u00e1n a la fuerza, c\u00f3mo ser\u00e1 su estructura de mando y cu\u00e1l ser\u00e1 su \u201cprimera misi\u00f3n\u201d.<\/p>\n<p>Turqu\u00eda es uno de los \u201cgarantes\u201d del alto el fuego, pero Israel, que mantiene una relaci\u00f3n tensa con el gobierno de Ankara, ha rechazado cualquier participaci\u00f3n turca en esa fuerza.<\/p>\n<p>\u201cHay miles de detalles, preguntas por resolver\u201d, dijo Fidan. \u201cCreo que una vez que despleguemos la ISF, el resto vendr\u00e1 solo\u201d.<\/p>\n<p>Agencia ONU busca un papel claro en Gaza<\/p>\n<p>Un d\u00eda despu\u00e9s de recibir un abrumador respaldo internacional, la agencia de Naciones Unidas para los refugiados palestinos dijo que su futuro papel en la Franja no est\u00e1 claro.<\/p>\n<p>Durante la guerra, Israel y Estados Unidos han dado la espalda a la UNRWA acus\u00e1ndola de cooperar con Ham\u00e1s, un cargo que la agencia niega.<\/p>\n<p>Tamara Alrifai, directora de relaciones externas y comunicaciones de la UNRWA, se\u00f1al\u00f3 que contin\u00faan ofreciendo servicios humanitarios y educativos en Gaza. Pero la agencia ha sido excluida de las conversaciones encabezadas por Washington para la segunda fase del alto el fuego, a\u00f1adi\u00f3.<\/p>\n<p>Seg\u00fan Alrifai, la UNRWA act\u00faa como el \u201csector p\u00fablico\u201d de facto en Gaza. Y con 12.000 empleados, afirm\u00f3 que para la comunidad internacional ser\u00e1 casi imposible replicar su red de servicios.<\/p>\n<p>\u201cSi se excluye a la UNRWA, \u00bfqu\u00e9 otra agencia puede llenar ese vac\u00edo?\u201d, dijo en uno aparte del Foro de Doha en Qatar.<\/p>\n<p>Estados Unidos, que en su d\u00eda fue el principal donante de la UNRWA, cort\u00f3 la financiaci\u00f3n a la agencia a principios de 2024. El viernes, la Asamblea General de la ONU renov\u00f3 el mandato de la UNRWA hasta 2029. Pero Alrifai dijo que su crisis de liquidez contin\u00faa.<\/p>\n<p>\u201cLos votos est\u00e1n muy bien, pero el dinero en efectivo es mejor\u201d, asever\u00f3.<\/p>\n<p>M\u00e1s de 70.000 muertos<\/p>\n<p>La guerra estall\u00f3 el 7 de octubre de 2023, cuando insurgentes liderados por Ham\u00e1s asaltaron el sur de Israel y mataron a unas 1.200 personas, en su mayor\u00eda civiles, y tomaron a m\u00e1s de 250 m\u00e1s como rehenes. Israel respondi\u00f3 con una ofensiva que se ha cobrado la vida de m\u00e1s de 70.000 palestinos, seg\u00fan el Ministerio de Salud de Gaza.<\/p>\n<p>Las autoridades sanitarias gazat\u00edes no distinguen entre v\u00edctimas civiles y combatientes en su conteo, pero sostienen que casi la mitad de los fallecidos son mujeres y ni\u00f1os. El ministerio forma parte del gobierno de Ham\u00e1s en la Franja y sus cifras son consideradas fiables por la ONU y otros organismos internacionales.<\/p>\n<p>_______<\/p>\n<p>Esta historia fue traducida del ingl\u00e9s por un editor de AP con la ayuda de una herramienta de inteligencia artificial generativa.<\/p>\n","protected":false},"excerpt":{"rendered":"DOHA. Qatar (AP) \u2014 El primer ministro de Qatar dijo el s\u00e1bado que el alto el fuego en&hellip;\n","protected":false},"author":2,"featured_media":275244,"comment_status":"","ping_status":"","sticky":false,"template":"","format":"standard","meta":{"footnotes":""},"categories":[42],"tags":[17,18,13,14,1714,11,61,62,63,64,19,20,9,10,15,16,12,21,22,65,66,67],"class_list":{"0":"post-275243","1":"post","2":"type-post","3":"status-publish","4":"format-standard","5":"has-post-thumbnail","7":"category-internacional","8":"tag-breaking-news","9":"tag-breakingnews","10":"tag-featured-news","11":"tag-featurednews","12":"tag-general-news","13":"tag-headlines","14":"tag-internacional","15":"tag-international","16":"tag-international-news","17":"tag-internationalnews","18":"tag-latest-news","19":"tag-latestnews","20":"tag-news","21":"tag-noticias","22":"tag-noticias-destacadas","23":"tag-noticiasdestacadas","24":"tag-titulares","25":"tag-ultimas-noticias","26":"tag-ultimasnoticias","27":"tag-world","28":"tag-world-news","29":"tag-worldnews"},"share_on_mastodon":{"url":"https:\/\/pubeurope.com\/@es\/115676094556338589","error":""},"_links":{"self":[{"href":"https:\/\/www.europesays.com\/es\/wp-json\/wp\/v2\/posts\/275243","targetHints":{"allow":["GET"]}}],"collection":[{"href":"https:\/\/www.europesays.com\/es\/wp-json\/wp\/v2\/posts"}],"about":[{"href":"https:\/\/www.europesays.com\/es\/wp-json\/wp\/v2\/types\/post"}],"author":[{"embeddable":true,"href":"https:\/\/www.europesays.com\/es\/wp-json\/wp\/v2\/users\/2"}],"replies":[{"embeddable":true,"href":"https:\/\/www.europesays.com\/es\/wp-json\/wp\/v2\/comments?post=275243"}],"version-history":[{"count":0,"href":"https:\/\/www.europesays.com\/es\/wp-json\/wp\/v2\/posts\/275243\/revisions"}],"wp:featuredmedia":[{"embeddable":true,"href":"https:\/\/www.europesays.com\/es\/wp-json\/wp\/v2\/media\/275244"}],"wp:attachment":[{"href":"https:\/\/www.europesays.com\/es\/wp-json\/wp\/v2\/media?parent=275243"}],"wp:term":[{"taxonomy":"category","embeddable":true,"href":"https:\/\/www.europesays.com\/es\/wp-json\/wp\/v2\/categories?post=275243"},{"taxonomy":"post_tag","embeddable":true,"href":"https:\/\/www.europesays.com\/es\/wp-json\/wp\/v2\/tags?post=275243"}],"curies":[{"name":"wp","href":"https:\/\/api.w.org\/{rel}","templated":true}]}}