{"id":275247,"date":"2025-12-07T03:12:37","date_gmt":"2025-12-07T03:12:37","guid":{"rendered":"https:\/\/www.europesays.com\/es\/275247\/"},"modified":"2025-12-07T03:12:37","modified_gmt":"2025-12-07T03:12:37","slug":"yo-asumo-el-error-en-primera-persona","status":"publish","type":"post","link":"https:\/\/www.europesays.com\/es\/275247\/","title":{"rendered":"\u201cYo asumo el error en primera persona\u201d"},"content":{"rendered":"<p data-gtm-element-container=\"modulo-texto-link\" class=\"paragraph\">\u201cYo asumo error en primera persona\u201d, ha resaltado Pedro S\u00e1nchez. El presidente del Gobierno y l\u00edder del PSOE ha aprovechado este s\u00e1bado los tradicionales corrillos con la prensa que tienen lugar en el Congreso con motivo del d\u00eda de la Constituci\u00f3n para hacer frente, por vez primera en p\u00fablico, a la enorme pol\u00e9mica suscitada en su partido por la mala gesti\u00f3n de las denuncias presentadas contra Francisco Salazar, que hasta el pasado mes de julio fue uno de sus hombres fuertes tanto en la Moncloa como en Ferraz, por supuesto acoso sexual.<\/p>\n<p data-gtm-element-container=\"modulo-texto-link\" class=\"paragraph\">Unas denuncias que desde hace cinco meses no fueron atendidas, provocando la desprotecci\u00f3n de las v\u00edctimas, empleadas en la Moncloa a las \u00f3rdenes de Salazar, por unos comportamientos reflejados en sus denuncias que la direcci\u00f3n del PSOE ya calific\u00f3 la v\u00edspera como \u201crepugnantes e intolerables\u201d. E \u201cincompatibles\u201d con los principios feministas que defiende el partido.<\/p>\n<p data-gtm-element-container=\"modulo-texto-link\" class=\"paragraph\">S\u00e1nchez ha asumido as\u00ed su responsabilidad, para tratar de zanjar unas cr\u00edticas internas que se estaban dirigiendo tanto contra la vicesecretaria general del PSOE, Mar\u00eda Jes\u00fas Montero, como contra la actual secretaria de organizaci\u00f3n de Ferraz, Rebeca Torr\u00f3. El presidente, en todo caso, ha subrayado que la mala gesti\u00f3n de estas denuncias contra Salazar no es un \u201cerror buscado\u201d. Por tanto, no fue premeditado ni intencionado, a su juicio, para intentar proteger al exdirigente socialista y echar tierra al asunto.<\/p>\n<p data-gtm-element-container=\"modulo-texto-link\" class=\"paragraph\">El l\u00edder socialista ha reivindicado que el PSOE puso en marcha su protocolo antiacoso y el \u00f3rgano de investiga las denuncias al respecto \u201cde forma aut\u00f3noma\u201d. \u201cNo tenemos capacidad de influir ni de intervenir en un proceso que tienen que liderar personas de reconocido prestigio\u201d, ha alegado. Pero ha asumido \u201cun error que lamentamos\u201d en la \u201cceleridad\u201d con la que se empez\u00f3 a investigar este asunto. No obstante, ha asegurado que a\u00fan \u201cestamos en tiempo\u201d, ya que el protocolo dicta un plazo de seis meses para instruir la causa. Y ha advertido, en todo caso, que son las denunciantes las que deben poner el caso en conocimiento de la fiscal\u00eda, aunque ha ofrecido la ayuda del PSOE para hacerlo. \u201cDejemos trabajar a la comisi\u00f3n, y que hagan su trabajo sin interferencia\u201d, ha demandado.<\/p>\n<p data-gtm-element-container=\"modulo-texto-link\" class=\"paragraph\">\u201cEl PSOE es un partido feminista\u201d, ha recalcado S\u00e1nchez, y ha reiterado que los errores en la gesti\u00f3n del caso Salazar no se deben ni a \u201cfalta de sensibilidad ni de compromiso\u201d, ni mucho menos a una \u201cvoluntad de ocultaci\u00f3n\u201d.<\/p>\n<p>\u201cCuando se han producido casos de supuesta corrupci\u00f3n o de acoso, he mostrado contundencia y nula connivencia\u201d, defiende el presidente<\/p>\n<p data-gtm-element-container=\"modulo-texto-link\" class=\"paragraph\">Y ante la acumulaci\u00f3n de casos de quienes fueron dirigentes de su m\u00e1xima confianza, como Jos\u00e9 Luis \u00c1balos, Santos Cerd\u00e1n o Francisco Salazar, S\u00e1nchez ha tratado de defenderse. \u201cSe me podr\u00e1n criticar muchas cosas, pero cuando se han producido casos de supuesta corrupci\u00f3n o acoso, yo he mostrado contundencia y nula connivencia\u201d.<\/p>\n<p data-gtm-element-container=\"modulo-texto-link\" class=\"paragraph\">\u201cMalestar lo tenemos todos\u201d, ha reconocido. Pero ha insistido en que lidera \u201cuna organizaci\u00f3n feminista\u201d. Y ha asegurado que ni en el Gobierno ni en el PSOE nunca se cuestionaron los testimonios de las v\u00edctimas. \u201cNunca se ha dudado. \u00bfC\u00f3mo vamos a dudar si se apart\u00f3 a Paco de todas responsabilidades org\u00e1nicas?\u201d, ha se\u00f1alado. \u201cNo hemos sido conniventes, sino contundentes. Aunque haya malestar, hay confianza en la direcci\u00f3n de que las cosas se han hecho bien aunque no hemos sido tan veloces como la causa merec\u00eda\u201d, ha insistido. \u201cLa principal responsabilidad es m\u00eda\u201d, ha asumido. Pero ha defendido su reacci\u00f3n: \u201cCuando han saltado casos, se ha cortado por lo sano\u201d.<\/p>\n","protected":false},"excerpt":{"rendered":"\u201cYo asumo error en primera persona\u201d, ha resaltado Pedro S\u00e1nchez. El presidente del Gobierno y l\u00edder del PSOE&hellip;\n","protected":false},"author":2,"featured_media":275248,"comment_status":"","ping_status":"","sticky":false,"template":"","format":"standard","meta":{"footnotes":""},"categories":[5],"tags":[17,18,25,24,13,14,11,19,20,9,10,15,16,23,12,21,22],"class_list":{"0":"post-275247","1":"post","2":"type-post","3":"status-publish","4":"format-standard","5":"has-post-thumbnail","7":"category-titulares","8":"tag-breaking-news","9":"tag-breakingnews","10":"tag-es","11":"tag-espana","12":"tag-featured-news","13":"tag-featurednews","14":"tag-headlines","15":"tag-latest-news","16":"tag-latestnews","17":"tag-news","18":"tag-noticias","19":"tag-noticias-destacadas","20":"tag-noticiasdestacadas","21":"tag-spain","22":"tag-titulares","23":"tag-ultimas-noticias","24":"tag-ultimasnoticias"},"share_on_mastodon":{"url":"https:\/\/pubeurope.com\/@es\/115676102214716854","error":""},"_links":{"self":[{"href":"https:\/\/www.europesays.com\/es\/wp-json\/wp\/v2\/posts\/275247","targetHints":{"allow":["GET"]}}],"collection":[{"href":"https:\/\/www.europesays.com\/es\/wp-json\/wp\/v2\/posts"}],"about":[{"href":"https:\/\/www.europesays.com\/es\/wp-json\/wp\/v2\/types\/post"}],"author":[{"embeddable":true,"href":"https:\/\/www.europesays.com\/es\/wp-json\/wp\/v2\/users\/2"}],"replies":[{"embeddable":true,"href":"https:\/\/www.europesays.com\/es\/wp-json\/wp\/v2\/comments?post=275247"}],"version-history":[{"count":0,"href":"https:\/\/www.europesays.com\/es\/wp-json\/wp\/v2\/posts\/275247\/revisions"}],"wp:featuredmedia":[{"embeddable":true,"href":"https:\/\/www.europesays.com\/es\/wp-json\/wp\/v2\/media\/275248"}],"wp:attachment":[{"href":"https:\/\/www.europesays.com\/es\/wp-json\/wp\/v2\/media?parent=275247"}],"wp:term":[{"taxonomy":"category","embeddable":true,"href":"https:\/\/www.europesays.com\/es\/wp-json\/wp\/v2\/categories?post=275247"},{"taxonomy":"post_tag","embeddable":true,"href":"https:\/\/www.europesays.com\/es\/wp-json\/wp\/v2\/tags?post=275247"}],"curies":[{"name":"wp","href":"https:\/\/api.w.org\/{rel}","templated":true}]}}