{"id":275259,"date":"2025-12-07T03:29:09","date_gmt":"2025-12-07T03:29:09","guid":{"rendered":"https:\/\/www.europesays.com\/es\/275259\/"},"modified":"2025-12-07T03:29:09","modified_gmt":"2025-12-07T03:29:09","slug":"la-que-se-apruebe-no-sera-universal-se-adaptara-a-zonas-o-regiones","status":"publish","type":"post","link":"https:\/\/www.europesays.com\/es\/275259\/","title":{"rendered":"\u00abLa que se apruebe no ser\u00e1 universal, se adaptar\u00e1 a zonas o regiones\u00bb"},"content":{"rendered":"<p style=\"\">\u00abEs uno de los virus m\u00e1s mort\u00edferos y listos que existen y no tenemos otra arma para combatirlo que la prevenci\u00f3n\u00bb. Expertos en salud animal tienen claro que, en el mejor de los escenarios, la <a href=\"https:\/\/www.abc.es\/sociedad\/claves-peste-porcina-africana-virus-dano-espana-20251202105654-nt.html\" target=\"_self\" data-voc-vtm-id=\"in-text-traffic\" title=\"peste porcina africana\" data-mrf-link=\"www.abc.es\" rel=\"nofollow noopener\">peste porcina africana<\/a> que ha reaparecido en Espa\u00f1a  &#8230; despu\u00e9s de 31 a\u00f1os con la localizaci\u00f3n cerca de Barcelona de varios jabal\u00eds muertos infectados, las medidas de lucha contra el brote lograr\u00e1n frenar el avance del pat\u00f3geno. <\/p>\n<p class=\"voc-p\" style=\"\">No hay vacuna ni se la espera en breve, coinciden inmun\u00f3logos y veterinarios consultados por ABC y recuerdan que en m\u00e1s de medio siglo de b\u00fasqueda, nadie ha logrado una inmunizaci\u00f3n eficaz y segura contra este virus de extrema mortalidad -en sus variantes moderadas el nivel de letalidad es del 60%-. Con unos s\u00edntomas parecidos a los del <a href=\"https:\/\/www.abc.es\/sociedad\/20141007\/abci-origen-virus-ebola-201410062024.html\" target=\"_self\" data-voc-vtm-id=\"in-text-traffic\" title=\"\u00e9bola\" data-mrf-link=\"www.abc.es\" rel=\"nofollow noopener\">\u00e9bola<\/a> al tratarse de un virus hemorr\u00e1gico (causa en los animales graves hemorragias internas que conducen a la muerte), al virus de la peste porcina no le tiembla el pulso a la hora de eliminar al hu\u00e9sped. Si entra en una granja, en solo d\u00edas puede matar a todos los cerdos. \u00abLa vacuna no es la panacea, aunque es un instrumento importante para combatir el virus\u00bb, se\u00f1alan los especialistas. <\/p>\n<p class=\"voc-p\" style=\"\">Algunos de ellos llevan a\u00f1os investigando posibles prototipos capaces de \u00abparar los pies\u00bb a este \u00abendemoniado\u00bb virus capaz de eludir los bloqueos del sistema inmunol\u00f3gico.<\/p>\n<p class=\"voc-p\" style=\"\">Cient\u00edficos espa\u00f1oles lideran dos de las iniciativas m\u00e1s prometedoras a nivel europeo para avanzar hacia la esperada vacuna. Uno de los proyectos de mayor trayectoria, liderado por la <strong>Universidad Complutense de Madrid<\/strong>, es el proyecto Vacdiva. Se inici\u00f3 en 2019 y obtuvo 10 millones de euros de la UE. Pese a lo ambicioso del proyecto -participaron 20 instituciones, incluyendo dos empresas multinacionales l\u00edderes en el sector-, finaliz\u00f3 en diciembre de 2024 sin una vacuna registrada. <\/p>\n<p class=\"voc-p\" style=\"\">No obstante, de \u00e9l se obtuvieron dos prototipos vacunales muy prometedores. \u00abCon estos protipos, no hay pr\u00e1cticamente transmisi\u00f3n a otros animales y su eficacia frente al virus circulante europeo de genotipo II es de al menos el 80 %\u00bb, se\u00f1ala <strong>Marisa Arias<\/strong> profesora del Centro de Investigaci\u00f3n en Sanidad Animal CISA-INIA del CSIC. \u00abAhora el reto es completar los \u00faltimos estudios siguiendo los requerimientos de la <strong>Agencia Europea del Medicamento<\/strong>, para que puedan llegar finalmente a registro, y de ah\u00ed a su comercializaci\u00f3n, que no ser\u00e1 a corto plazo\u00bb, avanza Arias en declaraciones a ABC.<\/p>\n<p>\n\u00abMuy complicado de combatir\u00bb\n<\/p>\n<p class=\"voc-p\" style=\"\"><strong>Jos\u00e9 \u00c1ngel Barasona<\/strong>, responsable de uno de los proyectos de vacuna (WildASF-VAX), explica a este diario por qu\u00e9 es tan complicado combatir este virus. \u00abEl principal obst\u00e1culo es el equilibrio entre eficacia y seguridad. Si queremos una seguridad muy elevada, vamos a tener una eficacia relativamente reducida\u00bb, apunta Barasona. A\u00f1ade, adem\u00e1s, que en su investigaci\u00f3n se enfrentan problemas adicionales, que \u00abhay que usar <strong>vacunas vivas atenuadas<\/strong>, lo que supone un riesgo a\u00f1adido de seguridad\u00bb, ya que pueden provocar efectos colaterales o incluso una vuelta a su estado virulento. \u00abEs necesario vacunar con organismos vivos que produzcan viremia (virus en sangre), aunque sea de forma transitoria\u00bb, precisa el investigador. <\/p>\n<p class=\"voc-title\">\u00abSi queremos una vacuna muy segura, vamos a tener una eficacia relativamente reducida\u00bb<\/p>\n<p class=\"voc-article-position__name\">Jos\u00e9 \u00c1ngel Barasona<\/p>\n<p class=\"voc-article-position__employ\">Investigador de la Universidad Complutense<\/p>\n<p class=\"voc-p\" style=\"\">\u00abAlgunos prototipos parten de un virus virulento al que le han eliminado varios genes, nosotros partimos de un virus <strong>atenuado de forma natural<\/strong>. Ya era un virus atenuado y lo hemos modificado a\u00fan m\u00e1s eliminado cinco genes de diferentes regiones\u00bb. Arias recuerda adem\u00e1s que, a diferencia de otros virus como el del Covid, el virus de la peste porcina es de gran tama\u00f1o y, adem\u00e1s, no genera anticuerpos neutralizantes de forma sencilla. \u00abNos enfrentamos a un virus r\u00e1pido y listo que tiene claros los mecanismos de escape para expandirse\u00bb, coinciden <strong>Barasona y Arias<\/strong>. Ambos tienen la certeza de que la vacuna que finalmente salga adelante \u00abno ser\u00e1 universal, sino que se adaptar\u00e1 a las zonas o regiones\u00bb.<\/p>\n<p>\nEnsayos con animales en 2026\n<\/p>\n<p class=\"voc-p\" style=\"\">Otro de los proyectos liderado por cient\u00edficos espa\u00f1oles es el de la farmac\u00e9utica catalana Hipra, la primera que logr\u00f3 una vacuna contra el Covid con sello espa\u00f1ol. Desde 2019, la compa\u00f1\u00eda est\u00e1 trabajando junto al Centro de Biolog\u00eda Molecular Severo Ochoa de Madrid en el desarrollo de una vacuna propia y, desde 2024, coordinan y lideran<strong> &#8216;Vax4ASF&#8217;,<\/strong> un consorcio europeo con 17 socios con el mismo objetivo.<\/p>\n<p class=\"voc-p\" style=\"\">Tras dos a\u00f1os de trabajo en el marco del consorcio, Hipra tiene preparados unos primeros prototipos, listos para testarse en animales en 2026. \u00abNuestro objetivo es desarrollar una vacuna que pueda adaptarse a la demanda del contexto europeo\u00bb, se\u00f1ala en declaraciones a ABC <strong>Marta Sitj\u00e0<\/strong>, directora de I+D de Salud Animal de la compa\u00f1\u00eda, que solo avanza que \u00absu prototipo de vacuna\u00bb tiene rasgos diferenciales a las otras que se est\u00e1n ensayando\u00ab.<\/p>\n<p><img decoding=\"async\" loading=\"lazy\" src=\"https:\/\/www.europesays.com\/es\/wp-content\/uploads\/2025\/12\/Marta-Sitja-U41038631656DMT-170x170@diario_abc.jpg\" class=\"voc-img\" width=\"170\" height=\"170\" alt=\"Imagen - \u00abNuestro objetivo es que la vacuna sea segura y eficaz y se pueda administrar en un entorno europeo\u00bb\"\/><\/p>\n<p class=\"voc-title\">\u00abNuestro objetivo es que la vacuna sea segura y eficaz y se pueda administrar en un entorno europeo\u00bb<\/p>\n<p class=\"voc-article-position__name\">Marta Sitj\u00e0<\/p>\n<p class=\"voc-article-position__employ\">Directora de I+D de Salud Animal de Hipra<\/p>\n<p class=\"voc-p\" style=\"\">Una vez validados los resultados del prototipo se iniciar\u00e1 la fase de desarrollo \u00abtan deprisa como sea posible\u00bb, lo que incluir\u00e1 entrar en contacto con las autoridades reguladoras y la <strong>Comisi\u00f3n Europea<\/strong> (CE) y empezar todo el proceso de fabricaci\u00f3n, si bien Sitj\u00e0 ha aclarado que no ser\u00eda en 2026 ni 2027. <\/p>\n<p class=\"voc-p\" style=\"\">Por \u00faltimo, hay un tercer proyecto europeo, que no est\u00e1 liderado por Espa\u00f1a sino por Alemania, aunque en \u00e9l participa el <strong>Instituto de Investigaci\u00f3n en Recursos Cineg\u00e9ticos<\/strong>, en Ciudad Real, dirigido a optimizar las vacunas de Vietnam.<\/p>\n<p>\n\u00bfPor qu\u00e9 algunas especies resisten?\n<\/p>\n<p class=\"voc-p\" style=\"\">Por otro lado, un equipo del <strong>Centro de Regulaci\u00f3n Gen\u00f3mica<\/strong> (CRG) de Barcelona trabaja con otros grupos europeos en averiguar por qu\u00e9 algunas especies africanas como el jabal\u00ed verrugoso, el potamocero de r\u00edo y el potamocero rojo, pueden resistir la peste porcina africana, mientras que los cerdos dom\u00e9sticos sucumben en cuesti\u00f3n de d\u00edas. Comprender esta resistencia natural abrir\u00eda la puerta al desarrollo de \u00abmejores herramientas\u00bb para <strong>proteger a los cerdos dom\u00e9sticos<\/strong>, cuya vulnerabilidad ya ha provocado p\u00e9rdidas econ\u00f3micas devastadoras en todo el mundo, se\u00f1alan desde el CRG.<\/p>\n","protected":false},"excerpt":{"rendered":"\u00abEs uno de los virus m\u00e1s mort\u00edferos y listos que existen y no tenemos otra arma para combatirlo&hellip;\n","protected":false},"author":2,"featured_media":275260,"comment_status":"","ping_status":"","sticky":false,"template":"","format":"standard","meta":{"footnotes":""},"categories":[92],"tags":[65759,3432,67174,25,24,165,2983,11831,54096,54097,166,23,2646,1454,2275],"class_list":{"0":"post-275259","1":"post","2":"type-post","3":"status-publish","4":"format-standard","5":"has-post-thumbnail","7":"category-salud","8":"tag-africana","9":"tag-animal","10":"tag-contener","11":"tag-es","12":"tag-espana","13":"tag-health","14":"tag-listo","15":"tag-mortifero","16":"tag-peste","17":"tag-porcina","18":"tag-salud","19":"tag-spain","20":"tag-trabaja","21":"tag-vacunas","22":"tag-virus"},"share_on_mastodon":{"url":"https:\/\/pubeurope.com\/@es\/115676169601057674","error":""},"_links":{"self":[{"href":"https:\/\/www.europesays.com\/es\/wp-json\/wp\/v2\/posts\/275259","targetHints":{"allow":["GET"]}}],"collection":[{"href":"https:\/\/www.europesays.com\/es\/wp-json\/wp\/v2\/posts"}],"about":[{"href":"https:\/\/www.europesays.com\/es\/wp-json\/wp\/v2\/types\/post"}],"author":[{"embeddable":true,"href":"https:\/\/www.europesays.com\/es\/wp-json\/wp\/v2\/users\/2"}],"replies":[{"embeddable":true,"href":"https:\/\/www.europesays.com\/es\/wp-json\/wp\/v2\/comments?post=275259"}],"version-history":[{"count":0,"href":"https:\/\/www.europesays.com\/es\/wp-json\/wp\/v2\/posts\/275259\/revisions"}],"wp:featuredmedia":[{"embeddable":true,"href":"https:\/\/www.europesays.com\/es\/wp-json\/wp\/v2\/media\/275260"}],"wp:attachment":[{"href":"https:\/\/www.europesays.com\/es\/wp-json\/wp\/v2\/media?parent=275259"}],"wp:term":[{"taxonomy":"category","embeddable":true,"href":"https:\/\/www.europesays.com\/es\/wp-json\/wp\/v2\/categories?post=275259"},{"taxonomy":"post_tag","embeddable":true,"href":"https:\/\/www.europesays.com\/es\/wp-json\/wp\/v2\/tags?post=275259"}],"curies":[{"name":"wp","href":"https:\/\/api.w.org\/{rel}","templated":true}]}}