{"id":275267,"date":"2025-12-07T03:33:12","date_gmt":"2025-12-07T03:33:12","guid":{"rendered":"https:\/\/www.europesays.com\/es\/275267\/"},"modified":"2025-12-07T03:33:12","modified_gmt":"2025-12-07T03:33:12","slug":"los-combates-en-la-region-de-kordofan-agravan-la-crisis-humanitaria-en-sudan-internacional","status":"publish","type":"post","link":"https:\/\/www.europesays.com\/es\/275267\/","title":{"rendered":"Los combates en la regi\u00f3n de Kordof\u00e1n agravan la crisis humanitaria en Sud\u00e1n | Internacional"},"content":{"rendered":"<p class=\"\">El desplazamiento del epicentro de la guerra civil de Sud\u00e1n <a href=\"https:\/\/elpais.com\/internacional\/2025-11-14\/los-paramilitares-de-sudan-extienden-la-violencia-hacia-la-region-de-kordofan-en-el-centro-del-pais.html\" target=\"_self\" rel=\"nofollow noopener\" title=\"https:\/\/elpais.com\/internacional\/2025-11-14\/los-paramilitares-de-sudan-extienden-la-violencia-hacia-la-region-de-kordofan-en-el-centro-del-pais.html\">hacia la vasta regi\u00f3n de Kordof\u00e1n<\/a>, en el centro-sur del pa\u00eds, est\u00e1 disparando de forma alarmante el nivel de violencia en la zona. En las \u00faltimas semanas, los combates entre el ej\u00e9rcito, las paramilitares Fuerzas de Apoyo R\u00e1pido (RSF) y un poderoso grupo armado local aliado con estas se han intensificado sobre todo en el oeste y el sur, y han frustrado los \u00faltimos esfuerzos diplom\u00e1ticos para fraguar un alto el fuego humanitario. El recrudecimiento de los enfrentamientos se est\u00e1 produciendo adem\u00e1s en medio de <a href=\"https:\/\/elpais.com\/internacional\/2024-11-26\/sudan-se-desangra-en-la-peor-espiral-de-violencia-desde-el-inicio-de-la-guerra-civil.html\" target=\"_self\" rel=\"nofollow noopener\" title=\"https:\/\/elpais.com\/internacional\/2024-11-26\/sudan-se-desangra-en-la-peor-espiral-de-violencia-desde-el-inicio-de-la-guerra-civil.html\">nuevas atrocidades generalizadas<\/a> perpetradas contra la poblaci\u00f3n civil. <\/p>\n<p class=\"\">Kordof\u00e1n est\u00e1 formado por tres Estados y su control es clave para los dos principales bandos. Al ej\u00e9rcito le permitir\u00eda frenar los avances paramilitares y le ofrecer\u00eda un punto de apoyo desde el que atacar la regi\u00f3n occidental de <a href=\"https:\/\/elpais.com\/internacional\/2025-10-31\/darfur-vuelve-a-arder-la-onu-denuncia-las-atrocidades-de-las-milicias-rebeldes-de-sudan-tras-conquistar-el-fasher.html\" target=\"_self\" rel=\"nofollow noopener\" title=\"https:\/\/elpais.com\/internacional\/2025-10-31\/darfur-vuelve-a-arder-la-onu-denuncia-las-atrocidades-de-las-milicias-rebeldes-de-sudan-tras-conquistar-el-fasher.html\">Darfur, el centro de gravedad de las Fuerzas de Apoyo R\u00e1pido<\/a>. Para las RSF, en cambio, supone una defensa avanzada de sus feudos en la regi\u00f3n, cimienta la divisi\u00f3n de Sud\u00e1n y les permite amenazar la capital del pa\u00eds, <a href=\"https:\/\/elpais.com\/internacional\/2025-04-15\/la-sombra-de-la-division-se-cierne-sobre-sudan-tras-dos-anos-de-guerra-civil.html\" target=\"_self\" rel=\"nofollow noopener\" title=\"https:\/\/elpais.com\/internacional\/2025-04-15\/la-sombra-de-la-division-se-cierne-sobre-sudan-tras-dos-anos-de-guerra-civil.html\">Jartum<\/a>. En Kordof\u00e1n, los paramilitares cuentan con redes de apoyo bien engrasadas y luchan junto al Movimiento de Liberaci\u00f3n del Pueblo de Sud\u00e1n-Norte (SPLM-N), con una notable presencia en el sur. <\/p>\n<p class=\"\">El lunes, las Fuerzas de Apoyo R\u00e1pido lograron tomar por completo la ciudad de Babanusa, el \u00faltimo basti\u00f3n que reten\u00eda el ej\u00e9rcito en el Estado de Kordof\u00e1n Occidental, lim\u00edtrofe con Darfur y actualmente bajo control total de los paramilitares a excepci\u00f3n de Heglig, una zona a tocar de Sud\u00e1n del Sur donde se encuentran algunos campos petrol\u00edferos. Babanusa hab\u00eda permanecido asediada durante dos a\u00f1os y casi toda su poblaci\u00f3n hab\u00eda huido antes de caer, pero los paramilitares han detenido en los \u00faltimos d\u00edas a m\u00e1s de 100 familias, incluidos ni\u00f1os y mujeres embarazadas, y algunos han sido maltratados, seg\u00fan la Red de Doctores de Sud\u00e1n. <\/p>\n<p class=\"\">Tras la ca\u00edda de Babanusa, el frente se ha desplazado principalmente hacia Kordof\u00e1n Sur, que est\u00e1 registrando los combates m\u00e1s intensos en la regi\u00f3n desde el estallido de la guerra. En los \u00faltimos d\u00edas, el ej\u00e9rcito y el SPLM-N han intercambiado golpes en zonas que han estado bajo control del grupo rebelde desde hace casi tres lustros. El objetivo de las fuerzas regulares es intentar romper el asedio conjunto impuesto por los paramilitares y el SPLM-N sobre las dos mayores ciudades de la regi\u00f3n, Kadugli y Dalang, que ya sufren condiciones de hambruna. <\/p>\n<p class=\"\">Desde que la violencia se empez\u00f3 a concentrar en Kordof\u00e1n, a finales de octubre, la Oficina de Derechos Humanos de la ONU (OHCHR) ha documentado m\u00e1s de 250 muertes de civiles en ataques a\u00e9reos, de artiller\u00eda y ejecuciones. La cifra real se teme muy superior pero es dif\u00edcil de saber por la dificultad de recabar informaci\u00f3n debido a los cortes de telecomunicaciones. La misma oficina afirma haber recibido tambi\u00e9n informes de <a href=\"https:\/\/elpais.com\/internacional\/2025-11-12\/relatos-sobre-la-masacre-de-el-fasher-se-pueden-ver-los-litros-de-sangre-que-han-manchado-la-tierra.html\" target=\"_self\" rel=\"nofollow noopener\" title=\"https:\/\/elpais.com\/internacional\/2025-11-12\/relatos-sobre-la-masacre-de-el-fasher-se-pueden-ver-los-litros-de-sangre-que-han-manchado-la-tierra.html\">violencia sexual, asesinatos por represalias, secuestros y arrestos<\/a> arbitrarios de civiles acusados de colaborar con el enemigo. <\/p>\n<p class=\"\">Muchos de los civiles fallecidos est\u00e1n siendo v\u00edctimas de bombardeos indiscriminados. A principios de noviembre, las Fuerzas de Apoyo R\u00e1pido mataron a 45 personas, la mayor\u00eda mujeres, en un ataque con dron contra un funeral cerca de El Obeid, la capital de Kordof\u00e1n Norte, seg\u00fan la ONU. A finales del mismo mes, el ej\u00e9rcito bombarde\u00f3 Kauda, en Kordof\u00e1n Sur, y mat\u00f3 al menos a una cincuentena de personas, casi todas civiles, seg\u00fan grupos locales. Este jueves, los paramilitares mataron al menos a nueve personas m\u00e1s, incluidos cuatro ni\u00f1os, en ataques con drones suicidas lanzados contra una guarder\u00eda y un centro m\u00e9dico en Kadugli. <\/p>\n<p class=\"\">En este contexto, medios de comunicaci\u00f3n y grupos de derechos humanos sudaneses han informado sobre amplias campa\u00f1as de reclutamiento forzoso, incluido de ni\u00f1os, concentradas en Kordof\u00e1n Sur y atribuidas principalmente al SPLM-N. En las \u00faltimas semanas, el grupo ha sido acusado en varias ocasiones de entrar en aldeas cercanas al frente, en especial por la noche, y alistar por la fuerza en sus filas al menos a decenas de civiles a los que secuestra o amenaza, lo que ha llevado a muchas familias de la zona a huir para proteger a sus j\u00f3venes. <\/p>\n<p class=\"\">Esta retah\u00edla de atrocidades se est\u00e1 produciendo despu\u00e9s de que las RSF capturaran a finales de octubre la capital de Darfur Norte, El Fasher, y <a href=\"https:\/\/elpais.com\/planeta-futuro\/2025-11-27\/decenas-de-miles-de-personas-siguen-atrapadas-en-el-fasher-sudan-una-ciudad-banada-en-sangre-con-detenidos-y-torturados.html\" rel=\"nofollow noopener\" target=\"_blank\">cometieran extendidos cr\u00edmenes contra su poblaci\u00f3n<\/a>, que ya hab\u00eda sido sometida a <a href=\"https:\/\/elpais.com\/planeta-futuro\/2025-09-12\/los-paramilitares-de-sudan-asedian-el-fasher-mientras-la-poblacion-muere-de-hambre.html\" rel=\"nofollow noopener\" target=\"_blank\">m\u00e1s de 500 d\u00edas de asedio<\/a>. El jefe de la OHCHR, Volker T\u00fcrk, declar\u00f3 el mi\u00e9rcoles que resulta \u201cimpactante ver que la historia se repite en Kordof\u00e1n poco despu\u00e9s de [aquellos] horribles hechos\u201d, e inst\u00f3 al mundo a no permitir que la regi\u00f3n \u201cse convierta en otro El Fasher\u201d. <\/p>\n<p class=\"\">El recrudecimiento de la violencia en esta regi\u00f3n est\u00e1 provocando asimismo nuevas oleadas de desplazamientos de miles de civiles. En el \u00faltimo mes, la ONU estima que al menos 45.000 personas han tenido que abandonar sus hogares en busca de lugares m\u00e1s seguros dentro o fuera de Kordof\u00e1n. Y medios locales informan de que muchas de las comunidades de acogida se encuentran sobrepasadas y est\u00e1n teniendo muchas dificultades para absorber el r\u00e1pido flujo de personas en medio de un colapso generalizado de las infraestructuras m\u00e1s b\u00e1sicas. <\/p>\n<p class=\"\">La intensificaci\u00f3n del conflicto en Kordof\u00e1n ha enfriado asimismo <a href=\"https:\/\/elpais.com\/internacional\/2025-11-14\/los-paramilitares-de-sudan-extienden-la-violencia-hacia-la-region-de-kordofan-en-el-centro-del-pais.html\" target=\"_self\" rel=\"nofollow noopener\" title=\"https:\/\/elpais.com\/internacional\/2025-11-14\/los-paramilitares-de-sudan-extienden-la-violencia-hacia-la-region-de-kordofan-en-el-centro-del-pais.html\">los recientes esfuerzos de Estados Unidos y Egipto<\/a> para alcanzar un alto el fuego en Sud\u00e1n. El comandante del ej\u00e9rcito, Abdelfat\u00e1 Al Burhan, tach\u00f3 a finales de noviembre de \u201cinaceptable\u201d cualquier propuesta que no contemple desarmar a las Fuerzas de Apoyo R\u00e1pido \u2014armadas en el pasado por el ej\u00e9rcito\u2014 y volvi\u00f3 a exigirles que se retiren de todas las zonas ocupadas. El l\u00edder de los paramilitares, Mohamed Hamdan Dagalo, anunci\u00f3 luego una tregua unilateral, pero no la han respetado en ning\u00fan momento y su gesto ha sido interpretado como un intento de blanquear su imagen. <\/p>\n<p class=\"\">El desmoronamiento de estos esfuerzos diplom\u00e1ticos ha sucedido en paralelo a una mayor intervenci\u00f3n exterior en la guerra, seg\u00fan ha informado el medio egipcio Mada Masr. En las \u00faltimas semanas, Turqu\u00eda y Egipto han reforzado su coordinaci\u00f3n con el ej\u00e9rcito sudan\u00e9s, incluido en el despliegue de drones turcos, para atacar las l\u00edneas de suministro de las Fuerzas de Apoyo R\u00e1pido y tratar de bloquear <a href=\"https:\/\/elpais.com\/internacional\/2025-11-26\/las-masacres-en-darfur-y-el-avance-rebelde-cuestionan-el-papel-de-emiratos-en-la-guerra-civil-de-sudan.html\" target=\"_self\" rel=\"nofollow noopener\" title=\"https:\/\/elpais.com\/internacional\/2025-11-26\/las-masacres-en-darfur-y-el-avance-rebelde-cuestionan-el-papel-de-emiratos-en-la-guerra-civil-de-sudan.html\">el amplio apoyo militar que reciben<\/a> de Emiratos \u00c1rabes Unidos a trav\u00e9s de Libia y Chad, que ha sido clave para sus avances en Darfur y Kordof\u00e1n. <\/p>\n","protected":false},"excerpt":{"rendered":"El desplazamiento del epicentro de la guerra civil de Sud\u00e1n hacia la vasta regi\u00f3n de Kordof\u00e1n, en el&hellip;\n","protected":false},"author":2,"featured_media":275268,"comment_status":"","ping_status":"","sticky":false,"template":"","format":"standard","meta":{"footnotes":""},"categories":[42],"tags":[17,18,70,22053,5282,5284,6805,629,13,14,2589,69,11,61,62,63,64,19,20,9,10,15,16,732,696,16262,12,21,22,65,66,67],"class_list":{"0":"post-275267","1":"post","2":"type-post","3":"status-publish","4":"format-standard","5":"has-post-thumbnail","7":"category-internacional","8":"tag-breaking-news","9":"tag-breakingnews","10":"tag-conflictos","11":"tag-darfur","12":"tag-derechos-humanos","13":"tag-egipto","14":"tag-emiratos-arabes-unidos","15":"tag-estados-unidos","16":"tag-featured-news","17":"tag-featurednews","18":"tag-fuerzas-armadas","19":"tag-guerra","20":"tag-headlines","21":"tag-internacional","22":"tag-international","23":"tag-international-news","24":"tag-internationalnews","25":"tag-latest-news","26":"tag-latestnews","27":"tag-news","28":"tag-noticias","29":"tag-noticias-destacadas","30":"tag-noticiasdestacadas","31":"tag-onu","32":"tag-poblacion","33":"tag-sudan","34":"tag-titulares","35":"tag-ultimas-noticias","36":"tag-ultimasnoticias","37":"tag-world","38":"tag-world-news","39":"tag-worldnews"},"share_on_mastodon":{"url":"","error":"Validation failed: Text character limit of 500 exceeded"},"_links":{"self":[{"href":"https:\/\/www.europesays.com\/es\/wp-json\/wp\/v2\/posts\/275267","targetHints":{"allow":["GET"]}}],"collection":[{"href":"https:\/\/www.europesays.com\/es\/wp-json\/wp\/v2\/posts"}],"about":[{"href":"https:\/\/www.europesays.com\/es\/wp-json\/wp\/v2\/types\/post"}],"author":[{"embeddable":true,"href":"https:\/\/www.europesays.com\/es\/wp-json\/wp\/v2\/users\/2"}],"replies":[{"embeddable":true,"href":"https:\/\/www.europesays.com\/es\/wp-json\/wp\/v2\/comments?post=275267"}],"version-history":[{"count":0,"href":"https:\/\/www.europesays.com\/es\/wp-json\/wp\/v2\/posts\/275267\/revisions"}],"wp:featuredmedia":[{"embeddable":true,"href":"https:\/\/www.europesays.com\/es\/wp-json\/wp\/v2\/media\/275268"}],"wp:attachment":[{"href":"https:\/\/www.europesays.com\/es\/wp-json\/wp\/v2\/media?parent=275267"}],"wp:term":[{"taxonomy":"category","embeddable":true,"href":"https:\/\/www.europesays.com\/es\/wp-json\/wp\/v2\/categories?post=275267"},{"taxonomy":"post_tag","embeddable":true,"href":"https:\/\/www.europesays.com\/es\/wp-json\/wp\/v2\/tags?post=275267"}],"curies":[{"name":"wp","href":"https:\/\/api.w.org\/{rel}","templated":true}]}}