{"id":275269,"date":"2025-12-07T03:34:13","date_gmt":"2025-12-07T03:34:13","guid":{"rendered":"https:\/\/www.europesays.com\/es\/275269\/"},"modified":"2025-12-07T03:34:13","modified_gmt":"2025-12-07T03:34:13","slug":"el-laboratorio-bajo-sospecha-de-propagar-la-peste-porcina-investiga-con-la-misma-cepa-causante-del-brote-de-barcelona","status":"publish","type":"post","link":"https:\/\/www.europesays.com\/es\/275269\/","title":{"rendered":"El laboratorio bajo sospecha de propagar la peste porcina investiga con la misma cepa causante del brote de Barcelona"},"content":{"rendered":"<p style=\"\">Investigaci\u00f3n m\u00faltiple sobre el Institut de Recerca i Tecnologia Agroaliment\u00e0ries (IRTA-CreSa) de la Generalitat, el centro sobre el que convergen todas las miradas despu\u00e9s de que el Ministerio de Agricultura comunicase que el <strong>origen del brote de peste<\/strong> porcina africana (PPA) detectado en  &#8230; Barcelona el 28 de noviembre podr\u00eda haber salido de un laboratorio. En dicho centro, como ha podido comprobar ABC, se han realizado investigaciones con la misma cepa gen\u00e9tica, la conocida como &#8216;Georgia 2007&#8217;, que se usa como \u00abreferencia\u00bb en infecciones experimentales e instalaciones de confinamiento y en el origen del brote barcelon\u00e9s<\/p>\n<p class=\"voc-p\" style=\"\">En este escenario, el presidente de la Generalitat, Salvador Illa, ha anunciado hoy que se realizar\u00e1 una auditor\u00eda de todos los centros que trabajan con el<a href=\"https:\/\/www.abc.es\/espana\/cataluna\/generalitat-sector-acuerdan-sacrificio-30000-cerdos-granjas-20251206083018-nt.html\" target=\"_self\" data-voc-vtm-id=\"in-text-traffic\" title=\" virus de la peste porcina\" rel=\"nofollow noopener\"> virus de la peste porcina<\/a> africana (PPA) dentro del radio de 20 kil\u00f3metros donde se ha producido el brote, cinco, incluido el laboratorio Cresa (Centro de Investigaci\u00f3n en Salud Animal), integrado en la red del IRTA (Instituto de Investigaci\u00f3n y Tecnolog\u00eda Agroalimentarias) y ubicado dentro del <strong>campus de la Universidad Aut\u00f3noma de Barcelona<\/strong> (UAB), sobre el que recaen todas las sospechas, en tanto que se encuentra a menos de un kil\u00f3metro del lugar en el que se hallaron los dos primeros jabal\u00edes infectados con PPA.<\/p>\n<p class=\"voc-p\" style=\"\">En una visita al centro del cuerpo de Agentes Rurals en la Finca de Torreferrussa, en Santa Perp\u00e8tua de Mogoda (Barcelona), donde se coordina el operativo tambi\u00e9n formado por la UME y el Seprona, Illa ha asegurado que \u00abel informe nos dice que <strong>no podemos descartar ninguna hip\u00f3tesis<\/strong> y por tanto, por nuestra parte, activamos ya esta revisi\u00f3n de instalaciones y esta revisi\u00f3n tambi\u00e9n de protocolos. No podemos confirmar nada, no podemos descartar nada\u00bb, ha apuntado. En el Govern hay \u00abplena confianza\u00bb en este instituto de la Generalitat, ha concluido Illa<\/p>\n<p class=\"voc-p\" style=\"\">A la auditor\u00eda interna que har\u00e1 el IRTA se suman las investigaciones que sobre el citado centro llevan a cabo los <strong>Mossos d&#8217;Esquadra<\/strong>, por orden la de la Generalitat, y el <strong>Seprona<\/strong> de la Guardia Civil, por orden del Ministerio de Agricultura.<\/p>\n<p class=\"voc-p\" style=\"\">Las investigaciones abiertas se producen despu\u00e9s de que el informe del Centro de Investigaci\u00f3n en Sanidad Animal (CISA-INIA), de Valdeolmos (Madrid), laboratorio de referencia de la UE, y que recoge la caracterizaci\u00f3n molecular por secuenciaci\u00f3n del <strong>genoma del virus de la PPA<\/strong> y los compara con los distintos virus de peste porcina africana detectados en toda la Uni\u00f3n Europea, apuntase que la cepa hallada en los jabal\u00edes de Collserola correspond\u00eda a la del \u00abgrupo gen\u00e9tico 29\u00bb, \u00abmuy similar al grupo gen\u00e9tico 1 que circul\u00f3 en Georgia en 2007\u00bb. <\/p>\n<p class=\"voc-p\" style=\"\">\u00abEl hallazgo de un virus similar al que circul\u00f3 en Georgia no excluye, por tanto, que su origen pueda estar en una instalaci\u00f3n de confinamiento biol\u00f3gico\u00bb, apuntaba el <strong>Ministerio de Agricultura<\/strong>. Las sospechas se cern\u00edan de golpe sobre el IRTA, una circunstancia que ahora se ve reforzada tras conocerse que dicho centro realiz\u00f3 en concreto varias investigaciones con la citada cepa. <\/p>\n<p class=\"voc-p\" style=\"\">Como ha podido comprobar este diario, hay al menos cuatro trabajos en los que ha participado el IRTA en los que se ha experimentado con la cepa Georgia 2007, uno de los cuales, publicado en &#8216;Pathogens&#8217;, utiliza el genotipo II de la <strong>cepa de PPA<\/strong> (Georgia 2007) para encontrar una estrategia eficaz para \u00abla detecci\u00f3n temprana de la PPA\u00bb. \ufeffOtras dos publicaciones en &#8216;Veterinary Sciences&#8217; y &#8216;Veterinary Quarterly&#8217;, tambi\u00e9n de 2025, usaron la misma cepa del brote de Barcelona en experimentaci\u00f3n con animales vivos, tal y como avanz\u00f3 &#8216;La Vanguardia&#8217;. \ufeff<\/p>\n<p class=\"voc-p\" style=\"\">Anteriormente, y seg\u00fan ha comprobado este diario, el IRTA lider\u00f3 tambi\u00e9n otras investigaciones en las que se us\u00f3 la cepa Georgia hallada la semana pasada en Collserola. Es el caso de la investigaci\u00f3n publicada en 2023 en la revista &#8216;<strong>Vaccines<\/strong>&#8216;, dirigida a evaluar el efecto sobre cerdos de un prototipo de vacuna. En este trabajo se prob\u00f3 la eficacia de un inmun\u00f3geno sobre dos grupos de cerdos, uno de ellos \u00abinfectado con la cepa pand\u00e9mica Georgia 2007\/01 del VPPA\u00bb.<\/p>\n<p class=\"voc-p\" style=\"\">Por otra parte, en la misma visita a la central de Agentes Rurales, Illa ha querido destacar que el brote <strong>no ha llegado a ninguna de las granjas dentro del radio<\/strong>, que ha cifrado en 55 (hasta ahora se hablaba de 39 antes de que la CE ampliase a 91 los municipios afectados), y que cuentan con m\u00e1s de 80.000 animales (las cifras hasta la ampliaci\u00f3n de la zona delimitada eran 30.000). El n\u00famero de positivos hasta el momento es de 13 casos confirmados, con \u00abm\u00e1s de 70 casos negativos\u00bb. La carne de los cerdos de granjas en este radio se empezar\u00e1 a poner en el mercado espa\u00f1ol y ha afirmado que <a href=\"https:\/\/www.abc.es\/sociedad\/claves-peste-porcina-africana-virus-dano-espana-20251202105654-nt.html\" target=\"_self\" data-voc-vtm-id=\"in-text-traffic\" title=\"\u00abno hay ning\u00fan riesgo\u00bb en el consumo de esta carne para la salud humana\" data-mrf-link=\"www.abc.es\" rel=\"nofollow noopener\">\u00abno hay ning\u00fan riesgo\u00bb en el consumo de esta carne para la salud humana<\/a>.<\/p>\n<p class=\"voc-p\" style=\"\">Tambi\u00e9n ha dicho que \u00abse est\u00e1 consiguiendo este objetivo de contener el brote\u00bb que, dice, es la <strong>prioridad n\u00famero uno<\/strong>, por lo que ha agradecido el trabajo de todos los efectivos desplegados y ha pedido a los ciudadanos cumplir con las restricciones de acceso al medio natural.<\/p>\n","protected":false},"excerpt":{"rendered":"Investigaci\u00f3n m\u00faltiple sobre el Institut de Recerca i Tecnologia Agroaliment\u00e0ries (IRTA-CreSa) de la Generalitat, el centro sobre el&hellip;\n","protected":false},"author":2,"featured_media":275270,"comment_status":"","ping_status":"","sticky":false,"template":"","format":"standard","meta":{"footnotes":""},"categories":[8],"tags":[4187,48523,17,18,25,24,13,14,5671,11,7030,2217,19,20,9,10,15,16,54096,54097,2397,23,12,21,22,12985,2275],"class_list":{"0":"post-275269","1":"post","2":"type-post","3":"status-publish","4":"format-standard","5":"has-post-thumbnail","7":"category-espana","8":"tag-anuncia","9":"tag-auditoria","10":"tag-breaking-news","11":"tag-breakingnews","12":"tag-es","13":"tag-espana","14":"tag-featured-news","15":"tag-featurednews","16":"tag-fuga","17":"tag-headlines","18":"tag-illa","19":"tag-laboratorios","20":"tag-latest-news","21":"tag-latestnews","22":"tag-news","23":"tag-noticias","24":"tag-noticias-destacadas","25":"tag-noticiasdestacadas","26":"tag-peste","27":"tag-porcina","28":"tag-posible","29":"tag-spain","30":"tag-titulares","31":"tag-ultimas-noticias","32":"tag-ultimasnoticias","33":"tag-varios","34":"tag-virus"},"share_on_mastodon":{"url":"","error":""},"_links":{"self":[{"href":"https:\/\/www.europesays.com\/es\/wp-json\/wp\/v2\/posts\/275269","targetHints":{"allow":["GET"]}}],"collection":[{"href":"https:\/\/www.europesays.com\/es\/wp-json\/wp\/v2\/posts"}],"about":[{"href":"https:\/\/www.europesays.com\/es\/wp-json\/wp\/v2\/types\/post"}],"author":[{"embeddable":true,"href":"https:\/\/www.europesays.com\/es\/wp-json\/wp\/v2\/users\/2"}],"replies":[{"embeddable":true,"href":"https:\/\/www.europesays.com\/es\/wp-json\/wp\/v2\/comments?post=275269"}],"version-history":[{"count":0,"href":"https:\/\/www.europesays.com\/es\/wp-json\/wp\/v2\/posts\/275269\/revisions"}],"wp:featuredmedia":[{"embeddable":true,"href":"https:\/\/www.europesays.com\/es\/wp-json\/wp\/v2\/media\/275270"}],"wp:attachment":[{"href":"https:\/\/www.europesays.com\/es\/wp-json\/wp\/v2\/media?parent=275269"}],"wp:term":[{"taxonomy":"category","embeddable":true,"href":"https:\/\/www.europesays.com\/es\/wp-json\/wp\/v2\/categories?post=275269"},{"taxonomy":"post_tag","embeddable":true,"href":"https:\/\/www.europesays.com\/es\/wp-json\/wp\/v2\/tags?post=275269"}],"curies":[{"name":"wp","href":"https:\/\/api.w.org\/{rel}","templated":true}]}}