{"id":275283,"date":"2025-12-07T03:53:09","date_gmt":"2025-12-07T03:53:09","guid":{"rendered":"https:\/\/www.europesays.com\/es\/275283\/"},"modified":"2025-12-07T03:53:09","modified_gmt":"2025-12-07T03:53:09","slug":"sanidad-se-queda-sin-este-farmaco-para-la-depresion-hasta-finales-de-ano","status":"publish","type":"post","link":"https:\/\/www.europesays.com\/es\/275283\/","title":{"rendered":"Sanidad se queda sin este f\u00e1rmaco para la depresi\u00f3n hasta finales de a\u00f1o"},"content":{"rendered":"<p>\n                                                 La Aemps emite una alerta para este f\u00e1rmaco para la depresi\u00f3n, que no estar\u00e1 disponible hasta los d\u00edas previos a 2026. Imagen creada con IA (Gemini).                                            <\/p>\n<p>                                            Sanidad desvela un <strong>nueva alerta sanitaria<\/strong>. Otro anuncio m\u00e1s que se suma a los ya emitidos esta misma semana por la Agencia Espa\u00f1ola de Medicamentos y Productos Sanitarios (<a href=\"https:\/\/www.redaccionmedica.com\/tags\/agencia-espanola-de-medicamentos-y-productos-sanitarios-aemps\" target=\"_blank\" title=\"Noticias de la Aemps | Redacci\u00f3n M\u00e9dica\" rel=\"nofollow noopener\">Aemps<\/a>), que en los \u00faltimos d\u00edas ha advertido de la falta de suministro de f\u00e1rmacos antiinflamatorios, destinados al <a href=\"https:\/\/www.redaccionmedica.com\/secciones\/industria\/alerta-sanitaria-en-espana-sin-stock-de-este-farmaco-unico-para-arritmias-4288\" target=\"_blank\" title=\"Alerta sanitaria en Espa\u00f1a: sin stock de este f\u00e1rmaco \u00fanico para arritmias\" rel=\"nofollow noopener\">tratamiento de arritmias<\/a>, para el colesterol, o incluso una vacuna para la gripe. Ahora llega un nuevo aviso, y es que el organismo sanitario ha comunciado el <strong>desabastecimiento de un medicamento antidepresivo<\/strong>. Un producto muy conocido que requiere de prescripci\u00f3n m\u00e9dica con receta y que colgar\u00e1 el cartel de &#8216;sin stock&#8217; hasta finales de a\u00f1o.<\/p>\n<p>El f\u00e1rmaco en cuesti\u00f3n es <strong>Citalopram (de Viatris)<\/strong> en dos <strong>presentaciones distintas<\/strong>. La primera de ellas es Citalopram Viatris 20mg comprimidos recubiertos en pel\u00edcula EFG, 28 comprimidos; mientras que la segunda se refiere a\u00a0Citalopram Viatris 20mg comprimidos recubiertos en pel\u00edcula EFG, 56 comprimidos. Esta <a href=\"https:\/\/www.redaccionmedica.com\/tags\/alerta-sanitaria\" target=\"_blank\" title=\"Noticias de Alerta sanitaria | Redacci\u00f3n M\u00e9dica\" rel=\"nofollow noopener\">alerta sanitaria<\/a>, de hecho, es la <strong>segunda para la compa\u00f1\u00eda farmac\u00e9utica en los \u00faltimos d\u00edas<\/strong>, y es que una <a href=\"https:\/\/www.redaccionmedica.com\/secciones\/industria\/alerta-sanitaria-esta-vacuna-de-la-gripe-desabastecida-en-plena-epidemia-3643\" target=\"_blank\" title=\"Alerta sanitaria: esta vacuna de la gripe, desabastecida en plena epidemia\" rel=\"nofollow noopener\">vacuna antigripal<\/a> de la empresa tambi\u00e9n se encuentra en situaci\u00f3n de desabastecimiento en plena epidemia de la gripe.\u00a0&#13;\n<\/p>\n<p>&#13;<br \/>\n\t<br \/>&#13;<br \/>\n\t\u00bfQu\u00e9 es Citalopram Viatris?<br \/>\n<br \/>\nLa <a href=\"https:\/\/cima.aemps.es\/cima\/publico\/detalle.html?nregistro=66095\" target=\"_blank\" title=\"Alerta sanitaria de Citalopram\" rel=\"nofollow noopener\">alerta sanitaria de la Aemps<\/a> hace alusi\u00f3n a estas presentaciones de <strong>Citalopram Viatris, uno de los medicamentos antidepresivos m\u00e1s conocidos<\/strong> del mercado. Concretamente, y como explica la propia Agencia, este f\u00e1rmaco ayuda a corregir cierto desequilibrios qu\u00edmicos en el cerebro.\u00a0<\/p>\n<p>Citalopram Viatris est\u00e1 indicado para el tratamiento de diversas patolog\u00edas. La primera de ellas es la <strong>depresi\u00f3n y prevenci\u00f3n de reca\u00eddas y recurrencias<\/strong>, aunque no es el \u00fanico uso que se le da a este medicamento.\u00a0Tambi\u00e9n es recurrido en casos de <strong>trastornos de angustia (con o sin agoragobia)<\/strong>, as\u00ed como para el <strong>trastorno obesivo-compulsivo (TOC)<\/strong>.\u00a0&#13;\n<\/p>\n<p>&#13;<br \/>\n\t<br \/>&#13;<br \/>\n\t\u00bfPor qu\u00e9 hay desabastecimiento de Citalopram Viatris?<br \/>\n<br \/>\nLa Agencia es clara. Citalopram Viatris se encuentra inmerso en un <a href=\"https:\/\/www.redaccionmedica.com\/secciones\/farmacia-hospitalaria\/la-escasez-de-medicamentos-amenaza-la-atencion-hospitalaria-en-europa-9256\" target=\"_blank\" title=\"La escasez de medicamentos amenaza la atenci\u00f3n hospitalaria en Europa\" rel=\"nofollow noopener\">problema de suministro<\/a> por la <strong>escasez de stock de dos de sus presentaciones<\/strong>. Este medicamento, disponible en la cadena de comercializaci\u00f3n desde 2005, encara un desabastecimiento desde principios de diciembre y que se extender\u00e1 hasta finales de a\u00f1o. La previsi\u00f3n de la Aemps es que el obst\u00e1culo se solucione el 27 de diciembre, en los<strong> d\u00edas previos a la entrada de 2026<\/strong>.\u00a0<br \/>\n&#13;<br \/>\n\t<br \/>&#13;<br \/>\n\t\u00bfA qui\u00e9n afecta esta alerta sanitaria?<br \/>\n<br \/>\nLa alerta sanitaria de la Aemps incide especialmente en la poblaci\u00f3n a la que afecta este desabastecimiento. Pero, <strong>\u00bfqui\u00e9n es ese grupo de afectados?<\/strong> Principalmente son pacientes adultos, mayores de 18 a\u00f1os, que son los que suelen recurrir a los tratamientos con este <a href=\"https:\/\/www.redaccionmedica.com\/tags\/antidepresivos\" target=\"_blank\" title=\"Noticias de Antidepresivos | Redacci\u00f3n M\u00e9dica\" rel=\"nofollow noopener\">medicamento antidepresivo<\/a>.\u00a0<br \/>\n&#13;<br \/>\n\t<br \/>&#13;<br \/>\n\t\u00bfQu\u00e9 soluciones hay?<br \/>\n<br \/>\nEl aviso de la Aemps llega con un remedio. Una<strong> soluci\u00f3n a la falta de stock<\/strong> de uno de los f\u00e1rmacos antidepresivos m\u00e1s cotizados en el mercado. Y es que en la propia alerta sanitaria, el organismo explica que <strong>existen otros medicamentos con el mismo principio activo<\/strong> y para la <strong>misma v\u00eda de administraci\u00f3n<\/strong> (en este caso, oral).                                        <\/p>\n<p>\n                                            Las informaciones publicadas en Redacci\u00f3n M\u00e9dica contienen afirmaciones, datos y declaraciones procedentes de instituciones oficiales y profesionales sanitarios. No obstante, ante cualquier duda relacionada con su salud, consulte con su especialista sanitario correspondiente.\n                                        <\/p>\n","protected":false},"excerpt":{"rendered":"La Aemps emite una alerta para este f\u00e1rmaco para la depresi\u00f3n, que no estar\u00e1 disponible hasta los d\u00edas&hellip;\n","protected":false},"author":2,"featured_media":275284,"comment_status":"","ping_status":"","sticky":false,"template":"","format":"standard","meta":{"footnotes":""},"categories":[92],"tags":[25,24,165,166,23],"class_list":{"0":"post-275283","1":"post","2":"type-post","3":"status-publish","4":"format-standard","5":"has-post-thumbnail","7":"category-salud","8":"tag-es","9":"tag-espana","10":"tag-health","11":"tag-salud","12":"tag-spain"},"share_on_mastodon":{"url":"https:\/\/pubeurope.com\/@es\/115676263630716957","error":""},"_links":{"self":[{"href":"https:\/\/www.europesays.com\/es\/wp-json\/wp\/v2\/posts\/275283","targetHints":{"allow":["GET"]}}],"collection":[{"href":"https:\/\/www.europesays.com\/es\/wp-json\/wp\/v2\/posts"}],"about":[{"href":"https:\/\/www.europesays.com\/es\/wp-json\/wp\/v2\/types\/post"}],"author":[{"embeddable":true,"href":"https:\/\/www.europesays.com\/es\/wp-json\/wp\/v2\/users\/2"}],"replies":[{"embeddable":true,"href":"https:\/\/www.europesays.com\/es\/wp-json\/wp\/v2\/comments?post=275283"}],"version-history":[{"count":0,"href":"https:\/\/www.europesays.com\/es\/wp-json\/wp\/v2\/posts\/275283\/revisions"}],"wp:featuredmedia":[{"embeddable":true,"href":"https:\/\/www.europesays.com\/es\/wp-json\/wp\/v2\/media\/275284"}],"wp:attachment":[{"href":"https:\/\/www.europesays.com\/es\/wp-json\/wp\/v2\/media?parent=275283"}],"wp:term":[{"taxonomy":"category","embeddable":true,"href":"https:\/\/www.europesays.com\/es\/wp-json\/wp\/v2\/categories?post=275283"},{"taxonomy":"post_tag","embeddable":true,"href":"https:\/\/www.europesays.com\/es\/wp-json\/wp\/v2\/tags?post=275283"}],"curies":[{"name":"wp","href":"https:\/\/api.w.org\/{rel}","templated":true}]}}