{"id":275291,"date":"2025-12-07T03:57:14","date_gmt":"2025-12-07T03:57:14","guid":{"rendered":"https:\/\/www.europesays.com\/es\/275291\/"},"modified":"2025-12-07T03:57:14","modified_gmt":"2025-12-07T03:57:14","slug":"mensajero-que-entrego-las-frambuesas-con-chocolate-envenenadas-rindio-su-testimonio-y-relaciono-a-alguien-mas","status":"publish","type":"post","link":"https:\/\/www.europesays.com\/es\/275291\/","title":{"rendered":"Mensajero que entreg\u00f3 las frambuesas con chocolate envenenadas rindi\u00f3 su testimonio y relacion\u00f3 a alguien m\u00e1s"},"content":{"rendered":"<p><img alt=\"El mensajero se\u00f1al\u00f3 a una\" class=\"global-image\" decoding=\"async\" fetchpriority=\"high\" height=\"142\" loading=\"eager\" src=\"https:\/\/www.europesays.com\/es\/wp-content\/uploads\/2025\/12\/HDJZNEE3KNF3JHG4TJMYQQUXOM.png\" width=\"141\"\/>El mensajero se\u00f1al\u00f3 a una persona m\u00e1s de haberle encargado el paquete &#8211; cr\u00e9dito Redes sociales\/X<\/p>\n<p class=\"paragraph\">Dos adolescentes, Emilia Forero e In\u00e9s de Bedout, fueron las v\u00edctimas fatales de un macabro plan, al parecer, orquestado por una persona cercana a la familia, que se ha convertido en objetivo de b\u00fasqueda en 196 pa\u00eds por parte de la Interpol. <\/p>\n<p class=\"paragraph\">El doble crimen ocurri\u00f3 en un apartamento del barrio Rosales, en Bogot\u00e1, donde las ni\u00f1as comenzaron a padecer s\u00edntomas de intoxicaci\u00f3n grave tras consumir unas frambuesas contaminadas con talio, <b>que llegaron a su residencia el 3 de abril de 2025 como un supuesto \u201cregalo\u201d. <\/b><\/p>\n<p class=\"paragraph\"><b>Ahora puede seguirnos en<\/b><a rel=\"noopener nofollow\" href=\"https:\/\/www.facebook.com\/infobaecolombia\" target=\"_blank\"><b> <\/b><b>Facebook<\/b><\/a><b> y en nuestro<\/b><a rel=\"noopener nofollow\" href=\"https:\/\/whatsapp.com\/channel\/0029Va4oNEALikgEL4Y8mb2K\" target=\"_blank\"><b> <\/b><b>WhatsApp Channel<\/b><\/a><\/p>\n<p class=\"paragraph\">La Fiscal\u00eda General de la Naci\u00f3n revel\u00f3, seg\u00fan informaci\u00f3n difundida por Noticias Caracol, que las frutas fueron entregadas por un mensajero, cuya identidad y declaraci\u00f3n resultaron clave para avanzar en la investigaci\u00f3n sobre el doble homicidio.<\/p>\n<p><img alt=\"Zulma Guzm\u00e1n era admirada por\" class=\"global-image\" decoding=\"async\" fetchpriority=\"low\" height=\"1080\" loading=\"lazy\" src=\"https:\/\/www.europesays.com\/es\/wp-content\/uploads\/2025\/12\/SUJVAUI4VJHVVMZ7XPLU75HQM4.png\" width=\"1920\"\/>Zulma Guzm\u00e1n era admirada por algunos estudiantes que aspiraban avanzar con sus emprendimientos &#8211; cr\u00e9dito  Achievers Lab\/Youtube<\/p>\n<p class=\"paragraph\">El mensajero, identificado tras un seguimiento a trav\u00e9s de videos de c\u00e1maras de seguridad<b>, relat\u00f3 a la Fiscal\u00eda que recibi\u00f3 el paquete de manos de una supuesta amiga de Zulma Guzm\u00e1n Castro<\/b>, la mujer se\u00f1alada como la principal sospechosa. <\/p>\n<p class=\"paragraph\">Aunque el mensajero prefiri\u00f3 no revelar el nombre de esta persona, s\u00ed detall\u00f3 que tuvo que acercarse en dos ocasiones el mismo d\u00eda a la vivienda de la familia De Bedout para lograr que recibieran el paquete, bajo la premisa de que se trataba de un obsequio. En la primera ocasi\u00f3n se acerc\u00f3 hacia las 6:30 p. m., y la segunda, a las 7:15 p. m. <\/p>\n<p class=\"paragraph\">La Fiscal\u00eda, no obstante, sostiene que el supuesto regalo nunca existi\u00f3 como tal y que su env\u00edo obedeci\u00f3 a un plan premeditado.<\/p>\n<p class=\"paragraph\">Unos d\u00edas despu\u00e9s de aceptar el paquete, Emilia Forero e In\u00e9s de Bedout fueron hospitalizadas junto a <b>otra menor de la familia, tambi\u00e9n intoxicada, pero que sigue luchando por su vida. <\/b>Las dos primeras murieron como consecuencia del envenenamiento con talio, sustancia de alta toxicidad.<\/p>\n<p class=\"paragraph\">La investigaci\u00f3n apunta a que Zulma Guzm\u00e1n Castro, amiga cercana de la familia durante m\u00e1s de 20 a\u00f1os, plane\u00f3 el ataque tras obtener informaci\u00f3n detallada sobre los h\u00e1bitos de las v\u00edctimas, incluida su preferencia por frambuesas con chocolate y los momentos en los que la familia estaba reunida. <\/p>\n<p class=\"paragraph\">Los primeros an\u00e1lisis de la Fiscal\u00eda sugieren que la motivaci\u00f3n<b> habr\u00eda sido un acto de venganza, con agresi\u00f3n indiscriminada y sin importar qui\u00e9n resultara herido.<\/b><\/p>\n<p><img alt=\"Las autoridades se\u00f1alan a Zulma\" class=\"global-image\" decoding=\"async\" fetchpriority=\"low\" height=\"1080\" loading=\"lazy\" src=\"https:\/\/www.europesays.com\/es\/wp-content\/uploads\/2025\/12\/3Q6ASO6YWBGPRMH6EQGWGE4UOM.png\" width=\"1920\"\/>Las autoridades se\u00f1alan a Zulma Guzm\u00e1n Castro como presunta responsable del envenenamiento de dos menores en Bogot\u00e1 &#8211; cr\u00e9dito Canva y captura de pantalla\/redes sociales<\/p>\n<p class=\"paragraph\">Tras la muerte de las adolescentes, y antes de que se conocieran los resultados de la investigaci\u00f3n, Guzm\u00e1n Castro sali\u00f3 de Colombia rumbo a Argentina el 12 de abril de 2025. La Fiscal\u00eda inform\u00f3 que la sospechosa ha transitado por varios pa\u00edses para dificultar su localizaci\u00f3n, lo que llev\u00f3 a la emisi\u00f3n de una circular de Interpol para solicitar la cooperaci\u00f3n de autoridades internacionales en su b\u00fasqueda.<\/p>\n<p class=\"paragraph\">La conmoci\u00f3n generada por la muerte de las adolescentes llev\u00f3 a la emisi\u00f3n de una orden de captura a escala internacional y a la activaci\u00f3n de una circular roja de Interpol contra Guzm\u00e1n Castro.<\/p>\n<p class=\"paragraph\">Estas acciones, seg\u00fan lo establecido en los comunicados oficiales y la naturaleza de las pruebas, han impulsado la <b>cooperaci\u00f3n policial entre diferentes pa\u00edses para avanzar con la b\u00fasqueda y posible extradici\u00f3n de la sospechosa.<\/b><\/p>\n<p class=\"paragraph\">Semana difundi\u00f3 inicialmente un mensaje atribuido a Guzm\u00e1n Castro, posteriormente viralizado en redes sociales, en el que la acusada rechaza las imputaciones en su contra.<\/p>\n<p><img alt=\"Autoridades internacionales buscan a Guzm\u00e1n\" class=\"global-image\" decoding=\"async\" fetchpriority=\"low\" height=\"1324\" loading=\"lazy\" src=\"https:\/\/www.europesays.com\/es\/wp-content\/uploads\/2025\/12\/LUEJORUOQZC4TG2GSLHR7MOR5I.jpeg\" width=\"1068\"\/>Autoridades internacionales buscan a Guzm\u00e1n Castro tras la muerte de dos menores en Bogot\u00e1, mientras la principal sospechosa niega haber huido y asegura que no fue notificada oficialmente de la investigaci\u00f3n &#8211; cr\u00e9dito Redes Sociales<\/p>\n<p class=\"paragraph\">En el texto, Guzm\u00e1n Castro sostiene: \u201cMe acusan de haber huido a Argentina y luego a Brasil, Espa\u00f1a y UK. Los que me conocen saben que no voy a ninguna parte, saben que estaba en Argentina desde hace m\u00e1s de dos a\u00f1os trabajando y que este a\u00f1o comienzo una maestr\u00eda en periodismo; me vine a Espa\u00f1a hace un mes largo con escala en Brasil y fui a UK por mi hijo\u201d. Adem\u00e1s, afirma que no ha recibido una notificaci\u00f3n formal de ninguna investigaci\u00f3n y califica la acusaci\u00f3n de ser un \u201cchisme\u201d que \u201cest\u00e1 creciendo como wild fire (incendio forestal)\u201d.<\/p>\n<p class=\"paragraph\">Guzm\u00e1n Castro reconoce en el mismo mensaje haber sostenido una relaci\u00f3n \u201cclandestina\u201d con el padre de una de las menores fallecidas, dato que aporta contexto al caso. Seg\u00fan registros migratorios citados por fuentes oficiales, la sospechosa dej\u00f3 Colombia el 13 de abril, <b>pocos d\u00edas despu\u00e9s de las muertes, desplazamiento que la Fiscal\u00eda relaciona con la investigaci\u00f3n en curso.<\/b><\/p>\n<p class=\"paragraph\">Aunque indica que resid\u00eda en Argentina desde hace dos a\u00f1os, los registros muestran recientes movimientos hacia Espa\u00f1a, con escalas en Brasil y el Reino Unido, trayecto que ella justifica por motivos familiares y acad\u00e9micos.<\/p>\n<p class=\"paragraph\">Por otra parte, la acusada sostiene que permanece en Espa\u00f1a con el prop\u00f3sito de iniciar una maestr\u00eda en periodismo, y reitera su inconformidad con el procedimiento judicial. Seg\u00fan su versi\u00f3n<b>, considera que la acusaci\u00f3n p\u00fablica se origin\u00f3 sin una notificaci\u00f3n formal,<\/b> mientras que la amplia cobertura medi\u00e1tica ha dejado en segundo plano cualquier opci\u00f3n de defensa en instancias judiciales.<\/p>\n","protected":false},"excerpt":{"rendered":"El mensajero se\u00f1al\u00f3 a una persona m\u00e1s de haberle encargado el paquete &#8211; cr\u00e9dito Redes sociales\/X Dos adolescentes,&hellip;\n","protected":false},"author":2,"featured_media":275292,"comment_status":"","ping_status":"","sticky":false,"template":"","format":"standard","meta":{"footnotes":""},"categories":[42],"tags":[17,18,13,14,11,61,62,63,64,19,20,9,10,15,16,12,21,22,65,66,67],"class_list":{"0":"post-275291","1":"post","2":"type-post","3":"status-publish","4":"format-standard","5":"has-post-thumbnail","7":"category-internacional","8":"tag-breaking-news","9":"tag-breakingnews","10":"tag-featured-news","11":"tag-featurednews","12":"tag-headlines","13":"tag-internacional","14":"tag-international","15":"tag-international-news","16":"tag-internationalnews","17":"tag-latest-news","18":"tag-latestnews","19":"tag-news","20":"tag-noticias","21":"tag-noticias-destacadas","22":"tag-noticiasdestacadas","23":"tag-titulares","24":"tag-ultimas-noticias","25":"tag-ultimasnoticias","26":"tag-world","27":"tag-world-news","28":"tag-worldnews"},"share_on_mastodon":{"url":"https:\/\/pubeurope.com\/@es\/115676279560993871","error":""},"_links":{"self":[{"href":"https:\/\/www.europesays.com\/es\/wp-json\/wp\/v2\/posts\/275291","targetHints":{"allow":["GET"]}}],"collection":[{"href":"https:\/\/www.europesays.com\/es\/wp-json\/wp\/v2\/posts"}],"about":[{"href":"https:\/\/www.europesays.com\/es\/wp-json\/wp\/v2\/types\/post"}],"author":[{"embeddable":true,"href":"https:\/\/www.europesays.com\/es\/wp-json\/wp\/v2\/users\/2"}],"replies":[{"embeddable":true,"href":"https:\/\/www.europesays.com\/es\/wp-json\/wp\/v2\/comments?post=275291"}],"version-history":[{"count":0,"href":"https:\/\/www.europesays.com\/es\/wp-json\/wp\/v2\/posts\/275291\/revisions"}],"wp:featuredmedia":[{"embeddable":true,"href":"https:\/\/www.europesays.com\/es\/wp-json\/wp\/v2\/media\/275292"}],"wp:attachment":[{"href":"https:\/\/www.europesays.com\/es\/wp-json\/wp\/v2\/media?parent=275291"}],"wp:term":[{"taxonomy":"category","embeddable":true,"href":"https:\/\/www.europesays.com\/es\/wp-json\/wp\/v2\/categories?post=275291"},{"taxonomy":"post_tag","embeddable":true,"href":"https:\/\/www.europesays.com\/es\/wp-json\/wp\/v2\/tags?post=275291"}],"curies":[{"name":"wp","href":"https:\/\/api.w.org\/{rel}","templated":true}]}}