{"id":275295,"date":"2025-12-07T03:59:33","date_gmt":"2025-12-07T03:59:33","guid":{"rendered":"https:\/\/www.europesays.com\/es\/275295\/"},"modified":"2025-12-07T03:59:33","modified_gmt":"2025-12-07T03:59:33","slug":"sanchez-se-pasea-en-rebeldia-constitucional-por-el-acto-del-6-de-diciembre-por-tercer-ano","status":"publish","type":"post","link":"https:\/\/www.europesays.com\/es\/275295\/","title":{"rendered":"S\u00e1nchez se pasea en rebeld\u00eda constitucional por el acto del 6 de diciembre por tercer a\u00f1o"},"content":{"rendered":"<p class=\"paragraph\">Un aniversario de la Constituci\u00f3n m\u00e1s, y van tres seguidos, el presidente del Gobierno se pase\u00f3 en  rebeld\u00eda constitucional por el Congreso. Porque <b>Pedro S\u00e1nchez<\/b> se present\u00f3 a otro acto del 6 de diciembre sin haber cumplido el art\u00edculo 134.3 de la Carta Magna (\u00abel Gobierno deber\u00e1 presentar ante el Congreso de los Diputados los Presupuestos Generales del Estado al menos tres meses antes de la expiraci\u00f3n de los del a\u00f1o anterior\u00bb). Aunque insistiendo, eso s\u00ed, en que el Consejo de Ministros los aprobar\u00e1 en el primer trimestre de 2026 y enviar\u00e1 a las Cortes.<\/p>\n<p class=\"paragraph\">\u00daltimamente no hay a\u00f1o en que <b>S\u00e1nchez<\/b> no llegue a este d\u00eda con alg\u00fan incendio. Pero este a\u00f1o se le hab\u00edan multiplicado: <b>Jos\u00e9 Luis \u00c1balos<\/b>, el caso de <b>Paco Salazar<\/b> y el enfado de las feministas del PSOE por c\u00f3mo ha actuado -o no ha actuado- la direcci\u00f3n del partido, el bloqueo de Junts, los intentos del presidente por recomponer la mayor\u00eda de investidura, las malas perspectivas en las elecciones extreme\u00f1as\u2026<\/p>\n<p class=\"paragraph\">Pero el presidente se enfund\u00f3 su traje ign\u00edfugo y trat\u00f3 de pasar a trav\u00e9s de las llamas, haciendo como que no pasaba nada. Lleg\u00f3 a la Carrera de San Jer\u00f3nimo y lo primero que hizo fue mofarse ante la prensa de quienes aseguran que Espa\u00f1a \u00abcamina hacia una dictadura, se rompe, se hunde\u00bb, de los \u00abnost\u00e1lgicos del franquismo\u00bb y de los que \u00abpactan con los nost\u00e1lgicos\u00bb. E invocar el art\u00edculo 43 de la Carta Magna, que reconoce el derecho a la protecci\u00f3n de la salud, frente a \u00ablos recortes, los aumentos de las listas de espera y las privatizaciones\u00bb de los gobiernos del PP.<\/p>\n<p class=\"paragraph\">Eso ante las c\u00e1maras, porque sin ellas delante el presidente puso todo su inter\u00e9s en hacer una encendida defensa de s\u00ed mismo en el caso Salazar. De \u00e9l y, luego ya, del PSOE. En una conversaci\u00f3n informal con los periodistas, <b>S\u00e1nchez<\/b> se\u00f1al\u00f3 que no tiene relaci\u00f3n con <b>Salazar<\/b>, que se ha enterado por la prensa del contenido de las denuncias internas de acoso porque el \u00f3rgano que las recibe act\u00faa con \u00abautonom\u00eda, independencia y confidencialidad\u00bb, que no ha habido \u00abfalta de sensibilidad ni de compromiso\u00bb ni muchos menos un intento de ocultar, que el PSOE es un partido feminista al que nadie puede dar lecciones.<\/p>\n<p class=\"paragraph\">Solo reconoci\u00f3 que ha habido un \u00abpeque\u00f1o error\u00bb porque no han sido todo lo r\u00e1pidos que debieron en la tramitaci\u00f3n de las denuncias. \u00abYo asumo el error en primera persona\u00bb, se\u00f1al\u00f3. Y reiter\u00f3 que est\u00e1n a tiempo de enmendarlo, pero que el partido como tal no puede ir a la Fiscal\u00eda. En todo caso, han de ser las v\u00edctimas, a quienes ofreci\u00f3 la ayuda del partido si se deciden. Neg\u00f3 que la organizaci\u00f3n no las haya cre\u00eddo, y para ello record\u00f3 que <b>Salazar <\/b>fue apartado de sus responsabilidades en julio.<\/p>\n<p class=\"paragraph\">El PSOE sangra por la herida del que fuera uno de los hombres fuertes de <b>S\u00e1nchez<\/b>, y el asunto aterriz\u00f3 en casi todos los corrillos posteriores al acto conmemorativo en el Congreso. Estuvieron todos los ministros, tambi\u00e9n los de Sumar, salvo<b> Jos\u00e9 Manuel Albares<\/b> y <b>\u00d3scar Puente<\/b>. Tambi\u00e9n <b>Alberto N\u00fa\u00f1ez Feij\u00f3o<\/b> y los presidentes de Madrid, Arag\u00f3n, Murcia, Andaluc\u00eda y Comunidad Valenciana. No hubo ning\u00fan presidente regional del PSOE, tampoco <b>Salvador Illa<\/b>. Y al plant\u00f3n habitual del PNV, Bildu, ERC, Junts, Podemos y el BNG se uni\u00f3 este a\u00f1o Vox, que sigue en la tesis de no participar en ning\u00fan acto con el presidente para no \u00abblanquearlo\u00bb.<\/p>\n<p class=\"c-detail__media__subtitle composite_image\">\n<p>        Feij\u00f3o junto a varios de sus presidentes regionalesEFE<\/p>\n<p class=\"paragraph\">Tambi\u00e9n el presidente del Tribunal Constitucional, C\u00e1ndido Conde-Pumpido, pero no as\u00ed la nueva fiscal general del Estado, Isabel Peramato.<\/p>\n<p class=\"paragraph\">El presidente tambi\u00e9n habl\u00f3 de Junts, pero no dijo mucho. Insisti\u00f3 en su objetivo de agotar la legislatura y confi\u00f3 en que Puigdemont se avenga a reconstruir los puentes, que de momento siguen rotos. Aunque no quiso especular con la fecha de su vuelta. \u00abMe da la impresi\u00f3n de que los socios quieren legislatura\u00bb, a\u00f1adi\u00f3.<\/p>\n<p class=\"paragraph\"><b>Feij\u00f3o<\/b>, por su parte, lament\u00f3 que este presidente del Gobierno sea \u00abel que m\u00e1s ha atacado la Constituci\u00f3n\u00bb en 47 a\u00f1os y se comprometi\u00f3 a preparar el 50 aniversario de la Carta Magna con \u00abun gobierno constitucionalista\u00bb. En una conversaci\u00f3n informal con los periodistas, el l\u00edder de los populares neg\u00f3 de nuevo que vaya a presentar una moci\u00f3n de censura sin tener los votos atados y, a este respecto, llam\u00f3 a Junts \u00abcl\u00ednex\u00bb del Gobierno.<\/p>\n<p class=\"paragraph\">Tambi\u00e9n lament\u00f3 que Espa\u00f1a est\u00e1 a punto de pasar de la indignaci\u00f3n a la \u00abresignaci\u00f3n\u00bb; al recordar que, desde el \u00faltimo aniversario de la Constituci\u00f3n, la Justicia ha encarcelado a dos secretarios de Organizaci\u00f3n del PSOE, <b>Jos\u00e9 Luis \u00c1balos<\/b> y <b>Santos Cerd\u00e1n<\/b>.<\/p>\n<p class=\"paragraph\">El acto reuni\u00f3 en la misma sala a la ministra de Sanidad y a la presidenta madrile\u00f1a, pero ni se miraron. <b>M\u00f3nica Garc\u00eda<\/b> culp\u00f3 al \u00abmodelo sanitario\u00bb de Ayuso del \u00abesc\u00e1ndalo\u00bb del Hospital de Torrej\u00f3n de Ardoz y ella achac\u00f3 a \u00abrencillas entre directivos\u00bb el caso destapado por El Pa\u00eds.<\/p>\n","protected":false},"excerpt":{"rendered":"Un aniversario de la Constituci\u00f3n m\u00e1s, y van tres seguidos, el presidente del Gobierno se pase\u00f3 en rebeld\u00eda&hellip;\n","protected":false},"author":2,"featured_media":275296,"comment_status":"","ping_status":"","sticky":false,"template":"","format":"standard","meta":{"footnotes":""},"categories":[5],"tags":[17,18,25,24,13,14,11,19,20,9,10,15,16,23,12,21,22],"class_list":{"0":"post-275295","1":"post","2":"type-post","3":"status-publish","4":"format-standard","5":"has-post-thumbnail","7":"category-titulares","8":"tag-breaking-news","9":"tag-breakingnews","10":"tag-es","11":"tag-espana","12":"tag-featured-news","13":"tag-featurednews","14":"tag-headlines","15":"tag-latest-news","16":"tag-latestnews","17":"tag-news","18":"tag-noticias","19":"tag-noticias-destacadas","20":"tag-noticiasdestacadas","21":"tag-spain","22":"tag-titulares","23":"tag-ultimas-noticias","24":"tag-ultimasnoticias"},"share_on_mastodon":{"url":"https:\/\/pubeurope.com\/@es\/115676286984806717","error":""},"_links":{"self":[{"href":"https:\/\/www.europesays.com\/es\/wp-json\/wp\/v2\/posts\/275295","targetHints":{"allow":["GET"]}}],"collection":[{"href":"https:\/\/www.europesays.com\/es\/wp-json\/wp\/v2\/posts"}],"about":[{"href":"https:\/\/www.europesays.com\/es\/wp-json\/wp\/v2\/types\/post"}],"author":[{"embeddable":true,"href":"https:\/\/www.europesays.com\/es\/wp-json\/wp\/v2\/users\/2"}],"replies":[{"embeddable":true,"href":"https:\/\/www.europesays.com\/es\/wp-json\/wp\/v2\/comments?post=275295"}],"version-history":[{"count":0,"href":"https:\/\/www.europesays.com\/es\/wp-json\/wp\/v2\/posts\/275295\/revisions"}],"wp:featuredmedia":[{"embeddable":true,"href":"https:\/\/www.europesays.com\/es\/wp-json\/wp\/v2\/media\/275296"}],"wp:attachment":[{"href":"https:\/\/www.europesays.com\/es\/wp-json\/wp\/v2\/media?parent=275295"}],"wp:term":[{"taxonomy":"category","embeddable":true,"href":"https:\/\/www.europesays.com\/es\/wp-json\/wp\/v2\/categories?post=275295"},{"taxonomy":"post_tag","embeddable":true,"href":"https:\/\/www.europesays.com\/es\/wp-json\/wp\/v2\/tags?post=275295"}],"curies":[{"name":"wp","href":"https:\/\/api.w.org\/{rel}","templated":true}]}}