{"id":275301,"date":"2025-12-07T04:09:13","date_gmt":"2025-12-07T04:09:13","guid":{"rendered":"https:\/\/www.europesays.com\/es\/275301\/"},"modified":"2025-12-07T04:09:13","modified_gmt":"2025-12-07T04:09:13","slug":"el-miedo-que-ha-superado-la-princesa-leonor-antes-de-regresar-a-casa-por-navidad","status":"publish","type":"post","link":"https:\/\/www.europesays.com\/es\/275301\/","title":{"rendered":"El miedo que ha superado la princesa Leonor antes de regresar a casa\u00a0por\u00a0Navidad"},"content":{"rendered":"<p data-pm-slice=\"1 1 []\"><a href=\"https:\/\/okdiario.com\/look\/actualidad\/imagenes-ineditas-princesa-leonor-haciendo-maniobras-ejercito-del-aire-2438655\" rel=\"nofollow noopener\" target=\"_blank\">La <strong>princesa Leonor<\/strong> se encuentra inmersa en su formaci\u00f3n en el Ej\u00e9rcito del Aire<\/a>. Para ello ingres\u00f3 a principios del pasado mes de septiembre en la base a\u00e9rea de San Javier, donde est\u00e1 conociendo a fondo los entresijos que hay detr\u00e1s de los aviones, los cazas, helic\u00f3pteros y dem\u00e1s flota perteneciente a la AGA (Academia General del Aire). De la misma manera, est\u00e1 <strong>aprendiendo las maniobras y la t\u00e9cnica<\/strong> para poder salir de la escuela como <strong>piloto de combate<\/strong>. Esta es la \u00faltima etapa de su recorrido militar, que comenz\u00f3 en Zaragoza, pas\u00f3 por Mar\u00edn, en Galicia, y finalizar\u00e1 en Murcia, donde la heredera al trono de Espa\u00f1a ha superado uno de sus principales miedos: <strong>sobrevolar el Mar Menor a bordo del Pilatus PC-21<\/strong> \u2014una nave fabricada en Suiza que alcanza una velocidad m\u00e1xima de 685 kil\u00f3metros por hora, una velocidad crucero de 598 km\/h y que se eleva m\u00e1s de 11.000 metros por encima del suelo\u2014.<\/p>\n<p>Una informaci\u00f3n que ha trasladado el periodista especializado en Casas Reales, Pedro Jota Fern\u00e1ndez, en el plat\u00f3 del programa D coraz\u00f3n, emitido los fines de semana en Televisi\u00f3n Espa\u00f1ola. \u00ab<strong>Le daba cierto respeto<\/strong>, pero lo ha conseguido. Ha cumplido parte de su formaci\u00f3n militar\u00bb, ha asegurado el mencionado.<\/p>\n<p>\n<img decoding=\"async\" loading=\"lazy\" class=\"size-medium wp-image-2438679\" alt=\"princesa leonor, imegenes indeditas leonor,\" width=\"620\" height=\"349\"  src=\"https:\/\/www.europesays.com\/es\/wp-content\/uploads\/2025\/10\/placeholder.jpg\"  bad-src=\"https:\/\/www.europesays.com\/es\/wp-content\/uploads\/2025\/10\/placeholder.jpg\"\/><\/p>\n<p><img decoding=\"async\" loading=\"lazy\" class=\"size-medium wp-image-2438679\" src=\"https:\/\/www.europesays.com\/es\/wp-content\/uploads\/2025\/12\/la-princesa-leonor-en-la-academia-del-aire-620x349.jpg\" alt=\"princesa leonor, imegenes indeditas leonor,\" width=\"620\" height=\"349\"  \/><\/p>\n<p> La princesa Leonor en la Academia del Aire. (Foto: Gtres)\n<\/p>\n<p>De la misma manera, ha dado nuevos datos que han trascendido, tal y como ha se\u00f1alado Fern\u00e1ndez, procedentes de fuentes internas de la AGA, y que hacen referencia al <strong>comportamiento de la princesa de Asturias<\/strong> en el d\u00eda a d\u00eda. \u00abCon sus compa\u00f1eros intenta ser una m\u00e1s\u00bb, ha deslizado. \u00abSe pone en las filas de atr\u00e1s para <strong>pasar desapercibida<\/strong>, <strong>no le gusta que le traten con diferencia<\/strong>\u00bb, ha apuntado. Una actitud que hace que \u00ablos profesores no se den cuenta de que est\u00e1\u00bb.<\/p>\n<p>\n<img decoding=\"async\" loading=\"lazy\" class=\"size-medium wp-image-2428853\" alt=\"La princesa Leonor en San Javier. (Foto: Gtres)\" width=\"620\" height=\"349\"  src=\"https:\/\/www.europesays.com\/es\/wp-content\/uploads\/2025\/10\/placeholder.jpg\"  bad-src=\"https:\/\/www.europesays.com\/es\/wp-content\/uploads\/2025\/10\/placeholder.jpg\"\/><\/p>\n<p><img decoding=\"async\" loading=\"lazy\" class=\"size-medium wp-image-2428853\" src=\"https:\/\/www.europesays.com\/es\/wp-content\/uploads\/2025\/12\/u590048_024-1-620x349.jpg\" alt=\"La princesa Leonor en San Javier. (Foto: Gtres)\" width=\"620\" height=\"349\"  \/><\/p>\n<p> La princesa Leonor en San Javier. (Foto: Gtres)\n<\/p>\n<p>Adem\u00e1s de esto, Pedro Jota ha mencionado que <strong>esta \u00faltima fase de instrucci\u00f3n estar\u00eda siendo la m\u00e1s dura<\/strong> de todas tanto a nivel te\u00f3rico como pr\u00e1ctico para la heredera. Prueba de ello es que en los otros destinos, habl\u00e1bamos de salidas de la base enmarcadas en el tiempo de ocio de los j\u00f3venes. En este caso, apenas sale y \u00abpasa muchas horas en su habitaci\u00f3n, <strong>empollando<\/strong>\u00bb, ha dicho. Una racha que podr\u00eda romperse el pr\u00f3ximo 10 de diciembre, coincidiendo con el <a href=\"https:\/\/okdiario.com\/look\/actualidad\/asi-lourdes-losa-numero-1-del-ejercito-del-aire-referente-princesa-leonor-ultima-etapa-militar-2428806\" rel=\"nofollow noopener\" target=\"_blank\">d\u00eda de la <strong>Virgen de Loreto<\/strong>, patrona de los aviadores<\/a>. Un movimiento que se \u00abest\u00e1 valorando\u00bb pero sobre el que, tal y como ha apuntado el periodista, \u00abtiene la \u00faltima palabra la Casa Real\u00bb.<\/p>\n<p>La \u00faltima salida de la princesa Leonor<\/p>\n<p>El pasado 22 de noviembre, la Familia Real fue la anfitriona de un <a href=\"https:\/\/okdiario.com\/look\/actualidad\/cara-b-del-almuerzo-pardo-del-comportamiento-leonor-discurso-felipe-vi-2432611\" rel=\"nofollow noopener\" target=\"_blank\">almuerzo celebrado en el Palacio de El Pardo con motivo del 50\u00ba aniversario de la instauraci\u00f3n de la democracia<\/a> en nuestro pa\u00eds. Un encuentro de <strong>car\u00e1cter privado<\/strong> al que, para asistir, la heredera al trono de Espa\u00f1a tuvo que hacer un alto en el camino en su formaci\u00f3n \u2014un par\u00e9ntesis en el que tambi\u00e9n particip\u00f3 en otros actos relacionados\u2014. Junto a sus padres, los Reyes Felipe VI y do\u00f1a Letizia, y su hermana, la infanta Sof\u00eda, se reencontr\u00f3 con su abuela la Reina Sof\u00eda, con su abuelo el Rey em\u00e9rito, con sus t\u00edas las infantas Elena y Cristina y tambi\u00e9n con sus primos <strong>Victoria Federica<\/strong> y Felipe Juan Froil\u00e1n de Marichalar y Borb\u00f3n e Irene, Juan, Miguel y <a href=\"https:\/\/okdiario.com\/look\/actualidad\/celebramos-25-anos-pablo-urdangarin-abriendo-album-fotos-mas-desconocido-2443781\" rel=\"nofollow noopener\" target=\"_blank\"><strong>Pablo Urdangarin<\/strong> y Borb\u00f3n<\/a>.<\/p>\n<p>\n<img decoding=\"async\" loading=\"lazy\" class=\"size-medium wp-image-2432324\" alt=\"La Familia Real antes de entrar en El Pardo. (Foto: Gtres)\" width=\"620\" height=\"413\"  src=\"https:\/\/www.europesays.com\/es\/wp-content\/uploads\/2025\/10\/placeholder.jpg\"  bad-src=\"https:\/\/www.europesays.com\/es\/wp-content\/uploads\/2025\/10\/placeholder.jpg\"\/><\/p>\n<p><img decoding=\"async\" loading=\"lazy\" class=\"size-medium wp-image-2432324\" src=\"https:\/\/www.europesays.com\/es\/wp-content\/uploads\/2025\/12\/la-familia-real-antes-de-entrar-en-el-pardo-620x413.jpg\" alt=\"La Familia Real antes de entrar en El Pardo. (Foto: Gtres)\" width=\"620\" height=\"413\"  \/><\/p>\n<p> La Familia Real antes de entrar en El Pardo. (Foto: Gtres)\n<\/p>\n<p>Un encuentro que se encontraba en el punto de mira de la prensa, puesto que se desarrollaba en un ambiente convulso y tenso desencadenado por la <strong>publicaci\u00f3n de las memorias de Juan Carlos I <a href=\"https:\/\/okdiario.com\/look\/actualidad\/todo-sobre-laurence-debray-biografa-francesa-memorias-juan-carlos-i-2125531\" rel=\"nofollow noopener\" target=\"_blank\">escritas por Laurence Debray<\/a><\/strong>, su bi\u00f3grafa oficial. Pese a esto, han conseguido mantener el hermetismo y tan solo han trascendido algunos datos como el <strong>discurso, micr\u00f3fono en mano, del Rey de Espa\u00f1a<\/strong>, el brindis o algunos de los platos que conformaban el exquisito men\u00fa, como el mero o el boletus edulis.<\/p>\n","protected":false},"excerpt":{"rendered":"La princesa Leonor se encuentra inmersa en su formaci\u00f3n en el Ej\u00e9rcito del Aire. Para ello ingres\u00f3 a&hellip;\n","protected":false},"author":2,"featured_media":275302,"comment_status":"","ping_status":"","sticky":false,"template":"","format":"standard","meta":{"footnotes":""},"categories":[174],"tags":[255,146,147,25,24,256,811,23],"class_list":{"0":"post-275301","1":"post","2":"type-post","3":"status-publish","4":"format-standard","5":"has-post-thumbnail","7":"category-famosos","8":"tag-celebrities","9":"tag-entertainment","10":"tag-entretenimiento","11":"tag-es","12":"tag-espana","13":"tag-famosos","14":"tag-princesa-leonor","15":"tag-spain"},"share_on_mastodon":{"url":"https:\/\/pubeurope.com\/@es\/115676326548186390","error":""},"_links":{"self":[{"href":"https:\/\/www.europesays.com\/es\/wp-json\/wp\/v2\/posts\/275301","targetHints":{"allow":["GET"]}}],"collection":[{"href":"https:\/\/www.europesays.com\/es\/wp-json\/wp\/v2\/posts"}],"about":[{"href":"https:\/\/www.europesays.com\/es\/wp-json\/wp\/v2\/types\/post"}],"author":[{"embeddable":true,"href":"https:\/\/www.europesays.com\/es\/wp-json\/wp\/v2\/users\/2"}],"replies":[{"embeddable":true,"href":"https:\/\/www.europesays.com\/es\/wp-json\/wp\/v2\/comments?post=275301"}],"version-history":[{"count":0,"href":"https:\/\/www.europesays.com\/es\/wp-json\/wp\/v2\/posts\/275301\/revisions"}],"wp:featuredmedia":[{"embeddable":true,"href":"https:\/\/www.europesays.com\/es\/wp-json\/wp\/v2\/media\/275302"}],"wp:attachment":[{"href":"https:\/\/www.europesays.com\/es\/wp-json\/wp\/v2\/media?parent=275301"}],"wp:term":[{"taxonomy":"category","embeddable":true,"href":"https:\/\/www.europesays.com\/es\/wp-json\/wp\/v2\/categories?post=275301"},{"taxonomy":"post_tag","embeddable":true,"href":"https:\/\/www.europesays.com\/es\/wp-json\/wp\/v2\/tags?post=275301"}],"curies":[{"name":"wp","href":"https:\/\/api.w.org\/{rel}","templated":true}]}}