{"id":275303,"date":"2025-12-07T04:13:09","date_gmt":"2025-12-07T04:13:09","guid":{"rendered":"https:\/\/www.europesays.com\/es\/275303\/"},"modified":"2025-12-07T04:13:09","modified_gmt":"2025-12-07T04:13:09","slug":"katy-perry-sorprende-con-su-anuncio-sobre-justin-trudeau","status":"publish","type":"post","link":"https:\/\/www.europesays.com\/es\/275303\/","title":{"rendered":"Katy Perry sorprende con su anuncio sobre Justin Trudeau"},"content":{"rendered":"<p><strong>Katy Perry uso las redes sociales <\/strong>para oficializar una noticia. <\/p>\n<p>As\u00ed, Instagram suma otro momento que marca tendencia entre los fans, esta vez con una publicaci\u00f3n que llam\u00f3 la atenci\u00f3n mundial.<\/p>\n<p>M\u00e1s noticias Un anuncio que llam\u00f3 la atenci\u00f3n<\/p>\n<p>La cantante <strong>Katy Perry hizo oficial su relaci\u00f3n con Justin Trudeau<\/strong> a trav\u00e9s de Instagram. <\/p>\n<p>La artista comparti\u00f3 fotos y un video durante su paso por Jap\u00f3n, donde se mostr\u00f3 junto al exprimer ministro canadiense.<\/p>\n<p>La publicaci\u00f3n se dio mientras ella viajaba por Asia como parte de su Lifetimes Tour. <\/p>\n<p>Las im\u00e1genes mostraron escenas cotidianas de ambos durante su recorrido por el pa\u00eds.<\/p>\n<p><strong>Momentos compartidos en Jap\u00f3n<\/strong><\/p>\n<p>En una de las fotos, la pareja aparece en una selfi tomada al aire libre. <\/p>\n<p>En el video, se los observa compartiendo una comida y recorriendo lo que parece ser una exposici\u00f3n de arte.<\/p>\n<blockquote class=\"instagram-media\" data-instgrm-captioned=\"\" data-instgrm-permalink=\"https:\/\/www.instagram.com\/p\/DR7MEYMkSwx\/?utm_source=ig_embed&amp;utm_campaign=loading\" data-instgrm-version=\"14\" style=\" background:#FFF; border:0; border-radius:3px; box-shadow:0 0 1px 0 rgba(0,0,0,0.5),0 1px 10px 0 rgba(0,0,0,0.15); margin: 1px; max-width:540px; min-width:326px; padding:0; width:99.375%; width:-webkit-calc(100% - 2px); width:calc(100% - 2px);\"\/>\n<p>Durante ese viaje, Perry acompa\u00f1\u00f3 a Trudeau en una visita al ex primer ministro japon\u00e9s Fumio Kishida y a su esposa, Yuko. <\/p>\n<p>Kishida comparti\u00f3 una imagen del encuentro y se refiri\u00f3 a Perry como la pareja de Trudeau en su publicaci\u00f3n.<\/p>\n<p>De rumores a confirmaci\u00f3n<\/p>\n<p><strong>Perry y Trudeau<\/strong> ya hab\u00edan sido vistos juntos desde julio de 2025 en Montreal. <\/p>\n<p>Esas apariciones encendieron rumores sobre una posible relaci\u00f3n entre ambos.<\/p>\n<p>En septiembre circularon nuevas fotos desde un yate en Santa B\u00e1rbara. Las im\u00e1genes mostraban cercan\u00eda, aunque ninguno de los dos confirm\u00f3 la relaci\u00f3n en ese momento.<\/p>\n<p>La primera aparici\u00f3n p\u00fablica<\/p>\n<p>La primera vez que asistieron juntos a un evento fue el 25 de octubre en Par\u00eds. <\/p>\n<p>Ese momento marc\u00f3 un antecedente importante para lo que se confirm\u00f3 semanas despu\u00e9s.<\/p>\n<p>La confirmaci\u00f3n lleg\u00f3 cuando Perry comparti\u00f3 la fotograf\u00eda que termin\u00f3 con meses de especulaciones. La imagen fue suficiente para que los fans entendieran que era oficial.<\/p>\n<p><script async src=\"\/\/www.instagram.com\/embed.js\"><\/script><\/p>\n","protected":false},"excerpt":{"rendered":"Katy Perry uso las redes sociales para oficializar una noticia. As\u00ed, Instagram suma otro momento que marca tendencia&hellip;\n","protected":false},"author":2,"featured_media":275304,"comment_status":"","ping_status":"","sticky":false,"template":"","format":"standard","meta":{"footnotes":""},"categories":[170],"tags":[146,147,25,24,4885,3013,184,185,23,2922],"class_list":{"0":"post-275303","1":"post","2":"type-post","3":"status-publish","4":"format-standard","5":"has-post-thumbnail","7":"category-musica","8":"tag-entertainment","9":"tag-entretenimiento","10":"tag-es","11":"tag-espana","12":"tag-katy-perry","13":"tag-mundo","14":"tag-music","15":"tag-musica","16":"tag-spain","17":"tag-tendencias"},"share_on_mastodon":{"url":"https:\/\/pubeurope.com\/@es\/115676342100385518","error":""},"_links":{"self":[{"href":"https:\/\/www.europesays.com\/es\/wp-json\/wp\/v2\/posts\/275303","targetHints":{"allow":["GET"]}}],"collection":[{"href":"https:\/\/www.europesays.com\/es\/wp-json\/wp\/v2\/posts"}],"about":[{"href":"https:\/\/www.europesays.com\/es\/wp-json\/wp\/v2\/types\/post"}],"author":[{"embeddable":true,"href":"https:\/\/www.europesays.com\/es\/wp-json\/wp\/v2\/users\/2"}],"replies":[{"embeddable":true,"href":"https:\/\/www.europesays.com\/es\/wp-json\/wp\/v2\/comments?post=275303"}],"version-history":[{"count":0,"href":"https:\/\/www.europesays.com\/es\/wp-json\/wp\/v2\/posts\/275303\/revisions"}],"wp:featuredmedia":[{"embeddable":true,"href":"https:\/\/www.europesays.com\/es\/wp-json\/wp\/v2\/media\/275304"}],"wp:attachment":[{"href":"https:\/\/www.europesays.com\/es\/wp-json\/wp\/v2\/media?parent=275303"}],"wp:term":[{"taxonomy":"category","embeddable":true,"href":"https:\/\/www.europesays.com\/es\/wp-json\/wp\/v2\/categories?post=275303"},{"taxonomy":"post_tag","embeddable":true,"href":"https:\/\/www.europesays.com\/es\/wp-json\/wp\/v2\/tags?post=275303"}],"curies":[{"name":"wp","href":"https:\/\/api.w.org\/{rel}","templated":true}]}}