{"id":275307,"date":"2025-12-07T04:16:23","date_gmt":"2025-12-07T04:16:23","guid":{"rendered":"https:\/\/www.europesays.com\/es\/275307\/"},"modified":"2025-12-07T04:16:23","modified_gmt":"2025-12-07T04:16:23","slug":"7-habitos-diarios-que-fortalecen-la-salud-mental-y-cognitiva-segun-la-ciencia","status":"publish","type":"post","link":"https:\/\/www.europesays.com\/es\/275307\/","title":{"rendered":"7 h\u00e1bitos diarios que fortalecen la salud mental y cognitiva, seg\u00fan la ciencia"},"content":{"rendered":"<p><img alt=\"Freepik\" class=\"global-image\" decoding=\"async\" fetchpriority=\"high\" height=\"1080\" loading=\"eager\" src=\"https:\/\/www.europesays.com\/es\/wp-content\/uploads\/2025\/12\/DWAG25VXH5E63BGXHWQ6QSJSB4.jpg\" width=\"1920\"\/>Freepik<\/p>\n<p class=\"paragraph\">Cuidar la <a href=\"https:\/\/www.infobae.com\/salud\/2025\/07\/22\/las-9-recomendaciones-de-la-neurociencia-para-cuidar-la-salud-cerebral-a-lo-largo-de-la-vida\/\" target=\"_blank\" rel=\"noreferrer nofollow noopener\" title=\"https:\/\/www.infobae.com\/salud\/2025\/07\/22\/las-9-recomendaciones-de-la-neurociencia-para-cuidar-la-salud-cerebral-a-lo-largo-de-la-vida\/\">salud cerebral<\/a> y fortalecer la resiliencia emocional no requiere cambios dr\u00e1sticos ni f\u00f3rmulas inalcanzables. <b>Peque\u00f1os gestos cotidianos, avalados por la ciencia, pueden significar un antes y un despu\u00e9s en el bienestar mental<\/b>. Desde algo tan simple como dormir en completa oscuridad hasta redescubrir el valor de la jardiner\u00eda o el acto de ayudar a los dem\u00e1s, estas pr\u00e1cticas ofrecen una protecci\u00f3n real contra el deterioro cognitivo y ayudan a mantener una mente \u00e1gil, equilibrada y preparada para los desaf\u00edos de cada d\u00eda.<\/p>\n<p class=\"paragraph\">The Washington Post reuni\u00f3 <b>siete estrategias simples que expertos internacionales recomiendan para quienes buscan<\/b> <b>fortalecer su bienestar emocional y proteger su cerebro a largo plazo<\/b>. Conoce cu\u00e1les son los siete h\u00e1bitos y por qu\u00e9 incorporarlas puede cambiar tu vida:<\/p>\n<p class=\"paragraph\">La exposici\u00f3n a la luz durante la noche, incluso en niveles bajos, puede afectar la salud cerebral. <a href=\"https:\/\/academic.oup.com\/sleep\/article\/46\/3\/zsac130\/6608953\" target=\"_blank\" rel=\"noreferrer nofollow noopener\" title=\"https:\/\/academic.oup.com\/sleep\/article\/46\/3\/zsac130\/6608953\">Investigaciones<\/a> citadas por The Washington Post revelan que<b> la luz nocturna aumenta la frecuencia card\u00edaca, reduce las fases profundas del sue\u00f1o y eleva la resistencia a la insulina.<\/b><\/p>\n<p><img alt=\"Dormir en completa oscuridad mejora\" class=\"global-image\" decoding=\"async\" fetchpriority=\"low\" height=\"816\" loading=\"lazy\" src=\"https:\/\/www.europesays.com\/es\/wp-content\/uploads\/2025\/12\/M2T7S3Z4G5A3RJQV7K37J3JOHU.jpg\" width=\"1456\"\/>Dormir en completa oscuridad mejora la calidad del sue\u00f1o y protege la salud cerebral, seg\u00fan estudios cient\u00edficos recientes (Imagen Ilustrativa Infobae)<\/p>\n<p class=\"paragraph\">En adultos mayores, se ha relacionado con mayores tasas de obesidad, diabetes e hipertensi\u00f3n, adem\u00e1s de perjudicar la memoria y el estado de alerta. <b>El uso de un antifaz para dormir se presenta como una soluci\u00f3n simple y eficaz para mejorar la calidad del sue\u00f1o <\/b>y, por ende, la salud cerebral.<\/p>\n<p class=\"paragraph\">El yoga, conocido tradicionalmente por promover la flexibilidad y la salud f\u00edsica, tambi\u00e9n genera beneficios cognitivos. Un<a href=\"https:\/\/www.nature.com\/articles\/s41398-024-02807-0\" target=\"_blank\" rel=\"noreferrer nofollow noopener\" title=\"https:\/\/www.nature.com\/articles\/s41398-024-02807-0\"> estudio <\/a>reciente sugiere que esta disciplina favorece a personas mayores en riesgo de deterioro cognitivo y enfermedad de Alzheimer. <\/p>\n<p class=\"paragraph\"><b>Sat Bir Singh Khalsa<\/b>, profesor asociado de medicina en la Facultad de Medicina de Harvard, explic\u00f3 a <b>The Washington Post<\/b> que el yoga combina respiraci\u00f3n, relajaci\u00f3n, meditaci\u00f3n y posturas, permitiendo adaptar la pr\u00e1ctica seg\u00fan las necesidades de cada persona. Khalsa sostuvo: \u201cSe trata de optimizar el funcionamiento y el rendimiento como ser humano en todos los niveles\u201d.<\/p>\n<p class=\"paragraph\">Mantenerse al d\u00eda con las vacunas no solo protege contra enfermedades infecciosas; tambi\u00e9n puede reducir el riesgo de demencia. Un estudio publicado en <a href=\"https:\/\/www.nature.com\/articles\/s43587-024-00682-4\" target=\"_blank\" rel=\"noreferrer nofollow noopener\" title=\"https:\/\/www.nature.com\/articles\/s43587-024-00682-4\">Nature Aging<\/a>, citado por The Washington Post, refuerza la relaci\u00f3n entre infecciones graves \u2014como gripe, herpes y enfermedades respiratorias\u2014 y una aceleraci\u00f3n de la atrofia cerebral, as\u00ed como un mayor riesgo de demencia a\u00f1os despu\u00e9s. <\/p>\n<p><img alt=\"Mantenerse al d\u00eda con las\" class=\"global-image\" decoding=\"async\" fetchpriority=\"low\" height=\"768\" loading=\"lazy\" src=\"https:\/\/www.europesays.com\/es\/wp-content\/uploads\/2025\/12\/I6XEOHCTORGDZK4EGPQCDQ2JCY.png\" width=\"1408\"\/>Mantenerse al d\u00eda con las vacunas reduce el riesgo de demencia y protege el cerebro frente a infecciones graves, seg\u00fan Nature Aging (Imagen Ilustrativa Infobae)<\/p>\n<p class=\"paragraph\"><b>Rudy Tanzi<\/b>, profesor de neurolog\u00eda en <b>Harvard<\/b> y director del <b>Centro McCance para la Salud Cerebral en el Hospital General de Massachusetts<\/b>, destac\u00f3 que estos hallazgos representan \u201cun salto m\u00e1s all\u00e1 de estudios previos que ya hab\u00edan asociado la infecci\u00f3n con la susceptibilidad a la enfermedad de Alzheimer\u201d. Investigaciones recientes<b> demostraron que las vacunas contra la gripe y el herpes z\u00f3ster pueden disminuir el riesgo de demencia<\/b>, mientras que las infecciones graves se relacionan con accidentes cerebrovasculares y ataques card\u00edacos posteriores.<\/p>\n<p class=\"paragraph\">La hipertensi\u00f3n figura como uno de los factores de riesgo m\u00e1s comunes y prevenibles para el desarrollo de demencia. Seg\u00fan datos recogidos por The Washington Post, casi la mitad de los adultos de <b>Estados Unidos<\/b> presenta presi\u00f3n arterial alta, lo cual dificulta el suministro de ox\u00edgeno y nutrientes al cerebro y la eliminaci\u00f3n de desechos metab\u00f3licos. <\/p>\n<p class=\"paragraph\"><b>Silvia Fossati<\/b>, profesora asociada de neurociencias y directora interina del <b>Centro de Alzheimer de la Universidad de Temple<\/b>, explic\u00f3 que la hipertensi\u00f3n provoca una reducci\u00f3n del flujo sangu\u00edneo cerebral, afecta la vasculatura y contribuye en forma acumulativa a la patolog\u00eda del Alzheimer.<\/p>\n<p><img alt=\"Controlar la presi\u00f3n arterial es\" class=\"global-image\" decoding=\"async\" fetchpriority=\"low\" height=\"768\" loading=\"lazy\" src=\"https:\/\/www.europesays.com\/es\/wp-content\/uploads\/2025\/12\/AQIKRKN6GNHGTHFBYJ5DO637D4.png\" width=\"1408\"\/>Controlar la presi\u00f3n arterial es clave para prevenir la demencia y mantener el flujo sangu\u00edneo adecuado al cerebro, advierten expertos (Imagen Ilustrativa Infobae)<\/p>\n<p class=\"paragraph\">El temor a perderse algo, conocido como FOMO, es frecuente en la era digital. Sin embargo, surge la tendencia del JOMO \u2014la alegr\u00eda de perderse algo\u2014 como una <b>alternativa para el <\/b><a href=\"https:\/\/www.infobae.com\/tag\/bienestar\/\" target=\"_blank\" rel=\"noreferrer nofollow noopener\" title=\"https:\/\/www.infobae.com\/tag\/bienestar\/\"><b>bienestar <\/b><\/a><b>emocional<\/b>. <b>Tali Gazit<\/b>, profesora asociada de ciencias de la informaci\u00f3n en la Universidad Bar-Ilan de Israel, indic\u00f3 a The Washington Post: <b>\u201cJOMO nos recuerda que no s\u00f3lo no podemos temer que nos estemos perdiendo algo importante, sino en realidad disfrutar de perdernos algo\u201d. <\/b><\/p>\n<p class=\"paragraph\">Aunque la investigaci\u00f3n sobre JOMO se centra en el uso de redes sociales, esta actitud puede aplicarse a otros \u00e1mbitos, ayudando a reducir la preocupaci\u00f3n por las acciones de los dem\u00e1s y favoreciendo el bienestar emocional.<\/p>\n<p><img alt=\"La jardiner\u00eda, tanto en interiores\" class=\"global-image\" decoding=\"async\" fetchpriority=\"low\" height=\"816\" loading=\"lazy\" src=\"https:\/\/www.europesays.com\/es\/wp-content\/uploads\/2025\/12\/CKPRT6R6ENDQBGBQ5EJDUE736Y.jpg\" width=\"1456\"\/>La jardiner\u00eda, tanto en interiores como exteriores, promueve la salud mental y fortalece la conexi\u00f3n con la naturaleza y la comunidad (Imagen Ilustrativa Infobae)<\/p>\n<p class=\"paragraph\"><b>La jardiner\u00eda<\/b>, tanto en espacios interiores como exteriores, se asocia consistentemente con mejoras en la salud mental y el bienestar general. <\/p>\n<p class=\"paragraph\"><a href=\"https:\/\/www.sciencedirect.com\/science\/article\/pii\/S2211335516301401\" target=\"_blank\" rel=\"noreferrer nofollow noopener\" title=\"https:\/\/www.sciencedirect.com\/science\/article\/pii\/S2211335516301401\">Estudios<\/a> citados por The Washington Post revelan que esta actividad conecta a las personas con la naturaleza y fomenta la interacci\u00f3n social. <b>Jonathan Kingsley<\/b>, profesor titular de promoci\u00f3n de la salud en la Universidad Tecnol\u00f3gica de Swinburne en Australia, resumi\u00f3 el valor de la jardiner\u00eda al expresar:<b> \u201cSiento que se trata simplemente de volver a unir las piezas de lo que nos hace humanos\u201d.<\/b><\/p>\n<p class=\"paragraph\">Destinar tiempo, dinero o energ\u00eda a otras personas genera beneficios tanto para quien recibe como para quien da. Las<a href=\"https:\/\/link.springer.com\/article\/10.1007\/s10902-011-9267-5\" target=\"_blank\" rel=\"noreferrer nofollow noopener\" title=\"https:\/\/link.springer.com\/article\/10.1007\/s10902-011-9267-5\"> investigaciones<\/a> demuestran que <b>los actos de altruismo<\/b>, como el voluntariado o las donaciones, contribuyen al bienestar personal aun sin obtener una retribuci\u00f3n. <\/p>\n<p><img alt=\"El altruismo, a trav\u00e9s del\" class=\"global-image\" decoding=\"async\" fetchpriority=\"low\" height=\"816\" loading=\"lazy\" src=\"https:\/\/www.europesays.com\/es\/wp-content\/uploads\/2025\/12\/6WL74X7DURFGBAAFMYT3G3JXGY.jpg\" width=\"1456\"\/>El altruismo, a trav\u00e9s del voluntariado o donaciones, genera beneficios emocionales y refuerza la salud cerebral, seg\u00fan investigaciones (Imagen Ilustrativa Infobae)<\/p>\n<p class=\"paragraph\">Aunque en <b>Estados Unidos<\/b> el voluntariado y las donaciones han disminuido en los \u00faltimos a\u00f1os, las evidencias indican que ayudar a los dem\u00e1s puede desencadenar <b>un ciclo positivo, en el que el bienestar generado por el altruismo impulsa nuevas acciones solidarias y refuerza la salud emocional<\/b>.<\/p>\n","protected":false},"excerpt":{"rendered":"Freepik Cuidar la salud cerebral y fortalecer la resiliencia emocional no requiere cambios dr\u00e1sticos ni f\u00f3rmulas inalcanzables. Peque\u00f1os&hellip;\n","protected":false},"author":2,"featured_media":275308,"comment_status":"","ping_status":"","sticky":false,"template":"","format":"standard","meta":{"footnotes":""},"categories":[92],"tags":[8689,67179,13952,44770,25,24,165,13557,681,597,588,166,23,7589],"class_list":{"0":"post-275307","1":"post","2":"type-post","3":"status-publish","4":"format-standard","5":"has-post-thumbnail","7":"category-salud","8":"tag-adultos-mayores","9":"tag-campana-de-salud","10":"tag-clinica","11":"tag-enfermera","12":"tag-es","13":"tag-espana","14":"tag-health","15":"tag-inmunizacion","16":"tag-medicina","17":"tag-prevencion","18":"tag-proteccion","19":"tag-salud","20":"tag-spain","21":"tag-vacunacion"},"share_on_mastodon":{"url":"https:\/\/pubeurope.com\/@es\/115676355247208287","error":""},"_links":{"self":[{"href":"https:\/\/www.europesays.com\/es\/wp-json\/wp\/v2\/posts\/275307","targetHints":{"allow":["GET"]}}],"collection":[{"href":"https:\/\/www.europesays.com\/es\/wp-json\/wp\/v2\/posts"}],"about":[{"href":"https:\/\/www.europesays.com\/es\/wp-json\/wp\/v2\/types\/post"}],"author":[{"embeddable":true,"href":"https:\/\/www.europesays.com\/es\/wp-json\/wp\/v2\/users\/2"}],"replies":[{"embeddable":true,"href":"https:\/\/www.europesays.com\/es\/wp-json\/wp\/v2\/comments?post=275307"}],"version-history":[{"count":0,"href":"https:\/\/www.europesays.com\/es\/wp-json\/wp\/v2\/posts\/275307\/revisions"}],"wp:featuredmedia":[{"embeddable":true,"href":"https:\/\/www.europesays.com\/es\/wp-json\/wp\/v2\/media\/275308"}],"wp:attachment":[{"href":"https:\/\/www.europesays.com\/es\/wp-json\/wp\/v2\/media?parent=275307"}],"wp:term":[{"taxonomy":"category","embeddable":true,"href":"https:\/\/www.europesays.com\/es\/wp-json\/wp\/v2\/categories?post=275307"},{"taxonomy":"post_tag","embeddable":true,"href":"https:\/\/www.europesays.com\/es\/wp-json\/wp\/v2\/tags?post=275307"}],"curies":[{"name":"wp","href":"https:\/\/api.w.org\/{rel}","templated":true}]}}