{"id":275309,"date":"2025-12-07T04:17:14","date_gmt":"2025-12-07T04:17:14","guid":{"rendered":"https:\/\/www.europesays.com\/es\/275309\/"},"modified":"2025-12-07T04:17:14","modified_gmt":"2025-12-07T04:17:14","slug":"su-salto-a-la-competencia-que-nadie-se-esperaba","status":"publish","type":"post","link":"https:\/\/www.europesays.com\/es\/275309\/","title":{"rendered":"su salto a la competencia que nadie se esperaba"},"content":{"rendered":"<p id=\"eHCzvCCAUB\" data-wc=\"94\">Eran cerca de las dos y media de la tarde de este viernes cuando saltaba la noticia bomba: Televisi\u00f3n Espa\u00f1ola ficha a <strong>Jes\u00fas V\u00e1zquez<\/strong> y le encomienda como primer trabajo ponerse al frente de la pr\u00f3xima edici\u00f3n del <strong>Benidorm Fest\u00a0<\/strong>(que se celebrar\u00e1 en la ciudad alicantina del 10 al 14 de febrero de 2026). Sin duda, una noticia de impacto en la industria que nadie o muy pocos se esperaban, principalmente por el hecho de que el comunicador gallego se marche definitivamente de Telecinco, la que ha sido su casa durante tant\u00edsimo tiempo.<\/p>\n<p> <img src=\"https:\/\/www.europesays.com\/es\/wp-content\/uploads\/2025\/12\/c219e3bb3d69-gettyimages-2233379590.jpg\"   width=\"682\" height=\"1024\" loading=\"lazy\" decoding=\"async\" alt=\"Jes\u00fas V\u00e1zquez, el pasado septiembre en el FesTVal de Vitoria\" fetchpriority=\"auto\" class=\"image ho-image\"\/>\u00a9 Getty ImagesJes\u00fas V\u00e1zquez, el pasado septiembre en el FesTVal de Vitoria<\/p>\n<p id=\"eg6iYVOCoqf\" data-wc=\"87\">Que el popular presentador abandone Mediaset se puede catalogar de hist\u00f3rico, puesto que fue en ah\u00ed donde comenz\u00f3 su dilatada carrera hace nada menos que 34 a\u00f1os. Era en aquel m\u00edtico programa musical dirigido a un p\u00fablico juvenil llamado <strong>La quinta marcha<\/strong>,\u00a0al lado de una jovenc\u00edsima Pen\u00e9lope Cruz, cuando nac\u00edan las cadenas privadas en nuestro pa\u00eds a principios de los noventa. Despu\u00e9s llegar\u00eda el talk show\u00a0<strong>Hablando se entiende la basca<\/strong>, lo que le confirmar\u00eda ya como una de las estrellas emergentes de la peque\u00f1a pantalla.<\/p>\n<p id=\"eg5V-M_XVI3\" data-wc=\"95\">Posteriormente, tras un par\u00e9ntesis de casi un lustro fuera de la emisora de Fuencarral, regresar\u00eda Jes\u00fas V\u00e1zquez a la misma en 2002 con <strong>Pop Stars: todo por un sue\u00f1o. <\/strong>De ah\u00ed, ya no se mover\u00eda. Desde entonces, se convertir\u00eda en el rostro emblema del canal y ser\u00eda \u00e9l quien capitaneara espacios tan reconocidos y exitosos como<strong>\u00a0Gran Hermano, Operaci\u00f3n Triunfo, Supervivientes, Pek\u00edn Express o La Voz<\/strong>, entre muchos otros. De hecho, a d\u00eda de hoy, ostenta el r\u00e9cord Guinness mundial del hombre que m\u00e1s formatos en lengua hispana ha presentado, con un total de 46.<\/p>\n<p> <img src=\"https:\/\/www.europesays.com\/es\/wp-content\/uploads\/2025\/12\/0b1d60ea6688-gettyimages-461223068.jpg\"   width=\"682\" height=\"1024\" loading=\"lazy\" decoding=\"async\" alt=\"Jes\u00fas V\u00e1zquez, en enero de 2015 durante la presentaci\u00f3n de 'La Voz'\" fetchpriority=\"auto\" class=\"image ho-image\"\/>\u00a9 Getty ImagesJes\u00fas V\u00e1zquez, en enero de 2015 durante la presentaci\u00f3n de &#8216;La Voz&#8217;<\/p>\n<p id=\"ezRhfQsg5QE\" data-wc=\"109\">Ahora, su incorporaci\u00f3n a TVE resulta toda una sorpresa, si bien \u00e9l mismo ya dio pistas hace unos meses de que algo as\u00ed podr\u00eda ocurrir. Fue durante su paso por el FesTVal de Vitoria-Gasteiz el pasado septiembre, donde asegur\u00f3 que tras <a class=\"hm-link ho-link\" href=\"https:\/\/www.hola.com\/actualidad\/20251130870294\/jorge-gonzalez-ganador-bailando-con-las-estrellas-anabel-pantoja\/\" data-mrf-recirculation=\"article-body-link\" rel=\"nofollow noopener\" target=\"_blank\">la emisi\u00f3n de Bailando con las Estrellas\u00a0<\/a>(el \u00faltimo programa que ha llevado en Telecinco hace apenas una semana)<strong>\u00a0<\/strong>se quedar\u00eda libre para afrontar nuevos proyectos. Es decir, que entonces ya sab\u00eda que no prorrogar\u00eda su contrato de larga duraci\u00f3n con Mediaset como ven\u00eda haciendo hasta ahora (la \u00faltima vez fue en 2022), sin saberse realmente a\u00fan qui\u00e9n de los dos ha tomado la decisi\u00f3n de romper lazos.<\/p>\n<p id=\"eUJBEVE5L9b\" data-wc=\"101\">Tras su salto a la competencia, el presentador de 60 a\u00f1os llevar\u00e1 como primer encargo -junto a In\u00e9s Hernand, Javier Ambrossi y Lalach\u00fas- un Benidorm Fest que en su quinta edici\u00f3n se presenta algo (o mucho) m\u00e1s descafeinado que de costumbre. Esto es as\u00ed porque el certamen ha perdido el objetivo principal con el que se organiz\u00f3 en su d\u00eda: elegir a nuestro representante de Eurovisi\u00f3n. No habr\u00e1 por tanto premio gordo para el ganador del concurso musical, tras la <a class=\"hm-link ho-link\" href=\"https:\/\/www.hola.com\/actualidad\/20251204871254\/eurovision-espana-no-participa-por-primera-vez-historia\/\" data-mrf-recirculation=\"article-body-link\" rel=\"nofollow noopener\" target=\"_blank\">renuncia de la cadena p\u00fablica<\/a> esta semana a participar en el festival de Viena 2026 por la no exclusi\u00f3n de Israel.<\/p>\n<p> <img src=\"https:\/\/www.europesays.com\/es\/wp-content\/uploads\/2025\/12\/4d871cff9b5f-gettyimages-1985755320.jpg\"   width=\"1024\" height=\"682\" loading=\"lazy\" decoding=\"async\" alt=\"Final del Benidorm Fest 2024 en el Palacio de Deportes L'Illa\" fetchpriority=\"auto\" class=\"image ho-image\"\/>\u00a9 Getty ImagesFinal del Benidorm Fest 2024 en el Palacio de Deportes L&#8217;Illa<\/p>\n<p id=\"eCeXfTliPNM\" data-wc=\"102\">Pese a ello, Jes\u00fas se ha mostrado <strong>\u00abmuy contento y feliz\u00bb\u00a0<\/strong>por esta etapa que comienza, asegurando que necesitaba cambiar de aires para \u00abexplorar\u00bb otros caminos. \u00abHe pasado una \u00e9poca maravillosa y muy larga en otra empresa\u00bb, dec\u00eda en alusi\u00f3n a Mediaset, pero \u00abestoy en los \u00faltimos a\u00f1os de mi vida (profesional) y quiero probar cosas nuevas\u00bb, se\u00f1al\u00f3 este viernes en declaraciones al programa Directo al grano. \u201cNunca hab\u00eda trabajado en la cadena p\u00fablica y me hace much\u00edsima ilusi\u00f3n estar en la televisi\u00f3n de todos los espa\u00f1oles\u00bb, subrayaba, \u00abque adem\u00e1s est\u00e1 apostando por grandes formatos, con informaci\u00f3n y entretenimiento de calidad\u00bb, apostill\u00f3.<\/p>\n","protected":false},"excerpt":{"rendered":"Eran cerca de las dos y media de la tarde de este viernes cuando saltaba la noticia bomba:&hellip;\n","protected":false},"author":2,"featured_media":275310,"comment_status":"","ping_status":"","sticky":false,"template":"","format":"standard","meta":{"footnotes":""},"categories":[91],"tags":[517,146,147,25,24,38778,23],"class_list":{"0":"post-275309","1":"post","2":"type-post","3":"status-publish","4":"format-standard","5":"has-post-thumbnail","7":"category-entretenimiento","8":"tag-actualidad","9":"tag-entertainment","10":"tag-entretenimiento","11":"tag-es","12":"tag-espana","13":"tag-jesus-vazquez","14":"tag-spain"},"share_on_mastodon":{"url":"https:\/\/pubeurope.com\/@es\/115676358335696648","error":""},"_links":{"self":[{"href":"https:\/\/www.europesays.com\/es\/wp-json\/wp\/v2\/posts\/275309","targetHints":{"allow":["GET"]}}],"collection":[{"href":"https:\/\/www.europesays.com\/es\/wp-json\/wp\/v2\/posts"}],"about":[{"href":"https:\/\/www.europesays.com\/es\/wp-json\/wp\/v2\/types\/post"}],"author":[{"embeddable":true,"href":"https:\/\/www.europesays.com\/es\/wp-json\/wp\/v2\/users\/2"}],"replies":[{"embeddable":true,"href":"https:\/\/www.europesays.com\/es\/wp-json\/wp\/v2\/comments?post=275309"}],"version-history":[{"count":0,"href":"https:\/\/www.europesays.com\/es\/wp-json\/wp\/v2\/posts\/275309\/revisions"}],"wp:featuredmedia":[{"embeddable":true,"href":"https:\/\/www.europesays.com\/es\/wp-json\/wp\/v2\/media\/275310"}],"wp:attachment":[{"href":"https:\/\/www.europesays.com\/es\/wp-json\/wp\/v2\/media?parent=275309"}],"wp:term":[{"taxonomy":"category","embeddable":true,"href":"https:\/\/www.europesays.com\/es\/wp-json\/wp\/v2\/categories?post=275309"},{"taxonomy":"post_tag","embeddable":true,"href":"https:\/\/www.europesays.com\/es\/wp-json\/wp\/v2\/tags?post=275309"}],"curies":[{"name":"wp","href":"https:\/\/api.w.org\/{rel}","templated":true}]}}