{"id":275313,"date":"2025-12-07T04:23:05","date_gmt":"2025-12-07T04:23:05","guid":{"rendered":"https:\/\/www.europesays.com\/es\/275313\/"},"modified":"2025-12-07T04:23:05","modified_gmt":"2025-12-07T04:23:05","slug":"esta-navidad-todos-los-distritos-de-alcala-organizan-multitud-de-actividades-para-toda-la-familia-ayuntamiento-de-alcala-de-henares","status":"publish","type":"post","link":"https:\/\/www.europesays.com\/es\/275313\/","title":{"rendered":"Esta Navidad todos los distritos de Alcal\u00e1 organizan multitud de actividades para toda la familia &#8211; Ayuntamiento de Alcal\u00e1 de Henares"},"content":{"rendered":"<ol>\n<li><a href=\"https:\/\/news.google.com\/rss\/articles\/CBMi0gFBVV95cUxQUGdmMkRQbDVlLWlKN05IcjZwQ0hkS3VxRmh5bjdDRzV1QmYxTHQ3MkVmcjVfeHpCaHloQ2w3TC00VWluWUpYU2l0YWtnZmJTTWhFLWl2V2lmcW5aZVlVSU1QaWhqd0FmTzdVNnBzWV9ObW5uTm1vVkZhMk1rYzRhalFJQVFjUENlMHN2TW0yd2Z1bVRXSDl0NDBuWWdXcUV6a2RxaVVHTExoVjBWalNLY2tGVWFqNXdkSm52RlAzeEQxOTVMM1NHSGJvVkxCTmN0QWc?oc=5\" target=\"_blank\" rel=\"nofollow noopener\">Esta Navidad todos los distritos de Alcal\u00e1 organizan multitud de actividades para toda la familia<\/a>&nbsp;&nbsp;Ayuntamiento de Alcal\u00e1 de Henares<\/li>\n<li><a href=\"https:\/\/news.google.com\/rss\/articles\/CBMipAFBVV95cUxOMjB0aFRhcEtoRDRNWlRTNU5iNzByS2poQWV4MTkzSXRsZWduSmJZT05ONUMzZWRSRVpPLUc0UW5JNVhTZGNzX0xablZNMVkwYVEzQmJTaHVZcjE1a0N4YmhqRGoxX0l4bWh0ZlMzSFVWakZRRVFPU0lYaEwzWDZzeU1KRFkwbVVjNGF1UkdYZl9Za21TZUJyR3V4R1RCaTQwbGlLUw?oc=5\" target=\"_blank\" rel=\"nofollow noopener\">Un puente de diciembre para disfrutar de la Navidad en Alcal\u00e1 de Henares<\/a>&nbsp;&nbsp;Dream Alcal\u00e1<\/li>\n<li><a href=\"https:\/\/news.google.com\/rss\/articles\/CBMi7AFBVV95cUxQYWZjd3pwQmRzdFpiT2J5MHUxNi1QSVYxZHVuel9JSEZBLXNXcUVSek5wOVRjZFNRSE9DRTg3SE1QbGxUd1k4dVN3Zm9URmg1OGhoVEdEczZhREFlRUZDY0hRWGNjcWh3QmFlTXFNVmN6RlRZdm9Ha0pRME00bm5ONEl0STY5UUQ4YTJtUGFjUTBVX2lGaUpaVHBVbVB3d3NvRG5uR3gxNi1rTW1Oclg4X1UwUWZTUmwtYVA4V19wQjYyN1FXN2pVZVZkV0x0YTF5SEhOX3RIbFhlNzlkY19fb0ZEZ1dMQ0V1MnY5WA?oc=5\" target=\"_blank\" rel=\"nofollow noopener\">Alcal\u00e1 de Guada\u00edra (Sevilla) da la bienvenida a la Navidad con una gran fiesta y el encendido del alumbrado<\/a>&nbsp;&nbsp;Europa Press<\/li>\n<li><a href=\"https:\/\/news.google.com\/rss\/articles\/CBMiyAFBVV95cUxNV29iOUZYeFI1RHdaZ2l5UVlFRktaSHlRRlRRcTRsWHY0bWxOQ2xCTU1KTWNtS1ZaZVBUQkJpMm03SjR1NVNQSFBOVzRHaTBYbWpRdTVObm1sQUZuOU5oajRkZmtnenYyZXdaczVfWEYxbl9hbUFfcjNLb0xZRXJaeElYX2c4dnZTVUVyRTUzX3Mzam01VUtCWDJuOHhUa21DcWZiekNlang4Z1RsbXd5aEVDQVd1cGpRbEtvU29xcGpYdlNGQkJJbtIBzgFBVV95cUxOamVOcGJONFRwNVlqUHA2eE9hMl9aLXRvekMwbDBIRzRjTG4zTVNZTFBrMVl5a1lHakJPaWM1YzA3ZmVZUFF2NUxUcnJ5WnJuLUhqWGVEcHhYVzdlb2Q3Rzh2aDNIU0FQdVhZdzRoY3JyUU1NcUNZRXc4bTU0cWttWlNlZUZPaVMzQzVZUkVCRGxqeWNIVWZNaE9GeTlvbzNDLTc0cXdrbHFkYTZubDdHUjB6dHlSN1JXY0dVbjBMaWtWZGhXY01Mbnp1djV2QQ?oc=5\" target=\"_blank\" rel=\"nofollow noopener\">M\u00e1s de 3.000 flores adornar\u00e1n las calles de Alcal\u00e1 de Guada\u00edra durante las navidades<\/a>&nbsp;&nbsp;Teleprensa<\/li>\n<li><a href=\"https:\/\/news.google.com\/rss\/articles\/CBMipAFBVV95cUxQVk1KQ18wUUN2TjgyeTJmSVdXU1pxaDhGbEIxZU9xdVFKd3NYT0d4LTlNNVdnbkRDckVNdVZEZEMzaGo1UG10LWhkVlAzNmphTXhodW9TWWJHRVVrMTNPellRNGlpZGd5X09kNHNFSGotMlZaU01XZE5hVVNZLXhTVlhIb0NISTFwZjRrWHRKYW1EVTBKVkR2X2tSbGlFR3U4VF9qaA?oc=5\" target=\"_blank\" rel=\"nofollow noopener\">Alcal\u00e1 de Guada\u00edra enciende este viernes la Navidad con la gran fiesta del alumbrado en la Plaza del la Almazara<\/a>&nbsp;&nbsp;La Noci\u00f3n<\/li>\n<\/ol>\n","protected":false},"excerpt":{"rendered":"Esta Navidad todos los distritos de Alcal\u00e1 organizan multitud de actividades para toda la familia&nbsp;&nbsp;Ayuntamiento de Alcal\u00e1 de&hellip;\n","protected":false},"author":2,"featured_media":248356,"comment_status":"","ping_status":"","sticky":false,"template":"","format":"standard","meta":{"footnotes":""},"categories":[5],"tags":[17,18,25,24,13,14,11,19,20,9,10,15,16,23,12,21,22],"class_list":{"0":"post-275313","1":"post","2":"type-post","3":"status-publish","4":"format-standard","5":"has-post-thumbnail","7":"category-titulares","8":"tag-breaking-news","9":"tag-breakingnews","10":"tag-es","11":"tag-espana","12":"tag-featured-news","13":"tag-featurednews","14":"tag-headlines","15":"tag-latest-news","16":"tag-latestnews","17":"tag-news","18":"tag-noticias","19":"tag-noticias-destacadas","20":"tag-noticiasdestacadas","21":"tag-spain","22":"tag-titulares","23":"tag-ultimas-noticias","24":"tag-ultimasnoticias"},"share_on_mastodon":{"url":"https:\/\/pubeurope.com\/@es\/115676381387869151","error":""},"_links":{"self":[{"href":"https:\/\/www.europesays.com\/es\/wp-json\/wp\/v2\/posts\/275313","targetHints":{"allow":["GET"]}}],"collection":[{"href":"https:\/\/www.europesays.com\/es\/wp-json\/wp\/v2\/posts"}],"about":[{"href":"https:\/\/www.europesays.com\/es\/wp-json\/wp\/v2\/types\/post"}],"author":[{"embeddable":true,"href":"https:\/\/www.europesays.com\/es\/wp-json\/wp\/v2\/users\/2"}],"replies":[{"embeddable":true,"href":"https:\/\/www.europesays.com\/es\/wp-json\/wp\/v2\/comments?post=275313"}],"version-history":[{"count":0,"href":"https:\/\/www.europesays.com\/es\/wp-json\/wp\/v2\/posts\/275313\/revisions"}],"wp:featuredmedia":[{"embeddable":true,"href":"https:\/\/www.europesays.com\/es\/wp-json\/wp\/v2\/media\/248356"}],"wp:attachment":[{"href":"https:\/\/www.europesays.com\/es\/wp-json\/wp\/v2\/media?parent=275313"}],"wp:term":[{"taxonomy":"category","embeddable":true,"href":"https:\/\/www.europesays.com\/es\/wp-json\/wp\/v2\/categories?post=275313"},{"taxonomy":"post_tag","embeddable":true,"href":"https:\/\/www.europesays.com\/es\/wp-json\/wp\/v2\/tags?post=275313"}],"curies":[{"name":"wp","href":"https:\/\/api.w.org\/{rel}","templated":true}]}}