{"id":275314,"date":"2025-12-07T04:31:18","date_gmt":"2025-12-07T04:31:18","guid":{"rendered":"https:\/\/www.europesays.com\/es\/275314\/"},"modified":"2025-12-07T04:31:18","modified_gmt":"2025-12-07T04:31:18","slug":"ennis-top3-asistente-del-ucam","status":"publish","type":"post","link":"https:\/\/www.europesays.com\/es\/275314\/","title":{"rendered":"Ennis: Top3 asistente del UCAM"},"content":{"rendered":"<p>Partidazo del UCAM Murcia en Burgos. Y van&#8230; En la s\u00e9ptima victoria de la temporada (nunca hab\u00edan llegado tan r\u00e1pido), Dylan Ennis volvi\u00f3 a destacar con 17 puntos y 4 asistencias. Gracias a ello, sigue ascendiendo posiciones en los rankings hist\u00f3ricos del club murciano.<\/p>\n<p>Ennis ha entrado hoy en el podio de mejores pasadores, rebasando al base <strong>Chris Thomas<\/strong>. Por delante, solo <strong>Campazzo<\/strong> y <strong>Nacho Su\u00e1rez<\/strong>.<\/p>\n<tr>\nPos<br \/>\nJugador<br \/>\nPartidos<br \/>\nAsistencias<br \/>\n<\/tr>\n<tr>\n<td>1<\/td>\n<td>Facu Campazzo<\/td>\n<td>68<\/td>\n<td>380<\/td>\n<\/tr>\n<tr>\n<td>2<\/td>\n<td>Nacho Su\u00e1rez<\/td>\n<td>65<\/td>\n<td>311<\/td>\n<\/tr>\n<tr>\n<td><strong>3<\/strong><\/td>\n<td><strong>Dylan Ennis<\/strong><\/td>\n<td><strong>88<\/strong><\/td>\n<td><strong>280<\/strong><\/td>\n<\/tr>\n<tr>\n<td>4<\/td>\n<td>Chris Thomas<\/td>\n<td>5<\/td>\n<td>279<\/td>\n<\/tr>\n<p>En su tercera campa\u00f1a en Murcia, <strong>Ennis<\/strong> ya es su s\u00e9ptimo m\u00e1ximo anotador, promediando 14,4 tantos por partido.<\/p>\n<tr>\nPos<br \/>\nJugador<br \/>\nPartidos<br \/>\nPuntos<br \/>\n<\/tr>\n<tr>\n<td>1<\/td>\n<td>Nemanja Radovic<\/td>\n<td>290<\/td>\n<td>2.379<\/td>\n<\/tr>\n<tr>\n<td>2<\/td>\n<td>Ralph McPherson<\/td>\n<td>99<\/td>\n<td>2.082<\/td>\n<\/tr>\n<tr>\n<td>3<\/td>\n<td>Xavi S\u00e1nchez Bernat<\/td>\n<td>221<\/td>\n<td>1.505<\/td>\n<\/tr>\n<tr>\n<td>4<\/td>\n<td>Sadiel Rojas<\/td>\n<td>292<\/td>\n<td>1.468<\/td>\n<\/tr>\n<tr>\n<td>5<\/td>\n<td>Augusto Lima<\/td>\n<td>162<\/td>\n<td>1.410<\/td>\n<\/tr>\n<tr>\n<td>6<\/td>\n<td>Jos\u00e9 \u00c1ngel Antelo<\/td>\n<td>145<\/td>\n<td>1.384<\/td>\n<\/tr>\n<tr>\n<td><strong>7<\/strong><\/td>\n<td><strong>Dylan Ennis<\/strong><\/td>\n<td><strong>88<\/strong><\/td>\n<td><strong>1.271<\/strong><\/td>\n<\/tr>\n<tr>\n<td>8<\/td>\n<td>Duane Washington<\/td>\n<td>58<\/td>\n<td>1.255<\/td>\n<\/tr>\n","protected":false},"excerpt":{"rendered":"Partidazo del UCAM Murcia en Burgos. Y van&#8230; En la s\u00e9ptima victoria de la temporada (nunca hab\u00edan llegado&hellip;\n","protected":false},"author":2,"featured_media":275315,"comment_status":"","ping_status":"","sticky":false,"template":"","format":"standard","meta":{"footnotes":""},"categories":[269],"tags":[299,298,168,25,24,23,167],"class_list":{"0":"post-275314","1":"post","2":"type-post","3":"status-publish","4":"format-standard","5":"has-post-thumbnail","7":"category-baloncesto","8":"tag-baloncesto","9":"tag-basketball","10":"tag-deportes","11":"tag-es","12":"tag-espana","13":"tag-spain","14":"tag-sports"},"share_on_mastodon":{"url":"https:\/\/pubeurope.com\/@es\/115676412961352417","error":""},"_links":{"self":[{"href":"https:\/\/www.europesays.com\/es\/wp-json\/wp\/v2\/posts\/275314","targetHints":{"allow":["GET"]}}],"collection":[{"href":"https:\/\/www.europesays.com\/es\/wp-json\/wp\/v2\/posts"}],"about":[{"href":"https:\/\/www.europesays.com\/es\/wp-json\/wp\/v2\/types\/post"}],"author":[{"embeddable":true,"href":"https:\/\/www.europesays.com\/es\/wp-json\/wp\/v2\/users\/2"}],"replies":[{"embeddable":true,"href":"https:\/\/www.europesays.com\/es\/wp-json\/wp\/v2\/comments?post=275314"}],"version-history":[{"count":0,"href":"https:\/\/www.europesays.com\/es\/wp-json\/wp\/v2\/posts\/275314\/revisions"}],"wp:featuredmedia":[{"embeddable":true,"href":"https:\/\/www.europesays.com\/es\/wp-json\/wp\/v2\/media\/275315"}],"wp:attachment":[{"href":"https:\/\/www.europesays.com\/es\/wp-json\/wp\/v2\/media?parent=275314"}],"wp:term":[{"taxonomy":"category","embeddable":true,"href":"https:\/\/www.europesays.com\/es\/wp-json\/wp\/v2\/categories?post=275314"},{"taxonomy":"post_tag","embeddable":true,"href":"https:\/\/www.europesays.com\/es\/wp-json\/wp\/v2\/tags?post=275314"}],"curies":[{"name":"wp","href":"https:\/\/api.w.org\/{rel}","templated":true}]}}