{"id":275318,"date":"2025-12-07T04:33:12","date_gmt":"2025-12-07T04:33:12","guid":{"rendered":"https:\/\/www.europesays.com\/es\/275318\/"},"modified":"2025-12-07T04:33:12","modified_gmt":"2025-12-07T04:33:12","slug":"la-tierna-foto-de-nina-que-derrite-a-fans-de-una-nueva-vida","status":"publish","type":"post","link":"https:\/\/www.europesays.com\/es\/275318\/","title":{"rendered":"la tierna foto de ni\u00f1a que derrite a fans de Una nueva vida"},"content":{"rendered":"<p>El pasado 2 de diciembre, <b>Afra Sara\u00e7o\u011flu<\/b>, la actriz turca que da vida a <b>Seyran <\/b>en la exitosa serie de Antena 3 <b>Una nueva vida<\/b>, celebr\u00f3 su <b>28 cumplea\u00f1os <\/b>de una manera muy especial: compartiendo en <b>Instagram <\/b>una tierna foto de su <b>infancia<\/b>. La imagen, que muestra a una <b>peque\u00f1a Afra<\/b> con una sonrisa inocente y mirada curiosa, ha conquistado a sus seguidores, acumulando miles de \u201cme gusta\u201d y comentarios llenos de cari\u00f1o en pocas horas.<\/p>\n<p>La publicaci\u00f3n no solo ha despertado <b>nostalgia <\/b>entre sus fans, sino que tambi\u00e9n ha reforzado el<b> v\u00ednculo emocional<\/b> que la actriz mantiene con su <b>audiencia<\/b>. Muchos seguidores destacaron lo <b>adorable <\/b>que se ve en la foto y c\u00f3mo, incluso de ni\u00f1a, irradiaba la <b>dulzura <\/b>que hoy la caracteriza en pantalla. Entre los miles de comentarios, destaca la muestra de amor y cari\u00f1o que le ha dedicado <b>Diren Polato\u011fullar\u0131<\/b>, quien interpreta a Kazim, su padre en la ficci\u00f3n.<\/p>\n<p><b>Afra Sara\u00e7o\u011flu <\/b>se ha convertido en uno de los rostros m\u00e1s reconocidos de la ficci\u00f3n turca gracias a su papel como Seyran en <b>Una nueva vida<\/b>, una historia que mezcla<b> tradici\u00f3n y modernidad<\/b> y que ha enganchado a millones de espectadores en Espa\u00f1a. La serie, emitida por Antena 3, narra la vida de una joven que se enfrenta a un matrimonio concertado con Ferit Korhan, interpretado por Mert Ramazan Demir, y ha sido todo un fen\u00f3meno internacional.<\/p>\n<p>Nacida en Edremit en 1997, Afra inici\u00f3 su carrera en el cine en 2017 y r\u00e1pidamente se consolid\u00f3 como <b>una de las actrices m\u00e1s prometedoras de Turqu\u00eda<\/b>. Su talento y carisma la han llevado a protagonizar proyectos que hoy se distribuyen en m\u00e1s de 100 pa\u00edses, convirti\u00e9ndola en una estrella global. Adem\u00e1s, su qu\u00edmica en pantalla con Mert Ramazan Demir ha dado lugar a una de las parejas m\u00e1s comentadas en redes sociales.<\/p>\n<p>Con esta publicaci\u00f3n, <b>Afra <\/b>no solo celebra un nuevo a\u00f1o de vida, sino que tambi\u00e9n confirma su<b> cercan\u00eda con los fans<\/b>, que han convertido su cumplea\u00f1os en tendencia en <b>Instagram<\/b>. Sin duda, la actriz sigue demostrando que, tanto dentro como fuera de la pantalla, sabe c\u00f3mo <b>emocionar y conectar con su p\u00fablico<\/b>.<\/p>\n<p>   <img decoding=\"async\" title=\"Kazim\" alt=\"Kazim\" width=\"480\" height=\"270\" src=\"https:\/\/www.europesays.com\/es\/wp-content\/uploads\/2025\/12\/kazim_70.jpg\" loading=\"lazy\" class=\"lazy\"\/><\/p>\n","protected":false},"excerpt":{"rendered":"El pasado 2 de diciembre, Afra Sara\u00e7o\u011flu, la actriz turca que da vida a Seyran en la exitosa&hellip;\n","protected":false},"author":2,"featured_media":275319,"comment_status":"","ping_status":"","sticky":false,"template":"","format":"standard","meta":{"footnotes":""},"categories":[174],"tags":[255,146,147,25,24,256,23],"class_list":{"0":"post-275318","1":"post","2":"type-post","3":"status-publish","4":"format-standard","5":"has-post-thumbnail","7":"category-famosos","8":"tag-celebrities","9":"tag-entertainment","10":"tag-entretenimiento","11":"tag-es","12":"tag-espana","13":"tag-famosos","14":"tag-spain"},"share_on_mastodon":{"url":"https:\/\/pubeurope.com\/@es\/115676421113674127","error":""},"_links":{"self":[{"href":"https:\/\/www.europesays.com\/es\/wp-json\/wp\/v2\/posts\/275318","targetHints":{"allow":["GET"]}}],"collection":[{"href":"https:\/\/www.europesays.com\/es\/wp-json\/wp\/v2\/posts"}],"about":[{"href":"https:\/\/www.europesays.com\/es\/wp-json\/wp\/v2\/types\/post"}],"author":[{"embeddable":true,"href":"https:\/\/www.europesays.com\/es\/wp-json\/wp\/v2\/users\/2"}],"replies":[{"embeddable":true,"href":"https:\/\/www.europesays.com\/es\/wp-json\/wp\/v2\/comments?post=275318"}],"version-history":[{"count":0,"href":"https:\/\/www.europesays.com\/es\/wp-json\/wp\/v2\/posts\/275318\/revisions"}],"wp:featuredmedia":[{"embeddable":true,"href":"https:\/\/www.europesays.com\/es\/wp-json\/wp\/v2\/media\/275319"}],"wp:attachment":[{"href":"https:\/\/www.europesays.com\/es\/wp-json\/wp\/v2\/media?parent=275318"}],"wp:term":[{"taxonomy":"category","embeddable":true,"href":"https:\/\/www.europesays.com\/es\/wp-json\/wp\/v2\/categories?post=275318"},{"taxonomy":"post_tag","embeddable":true,"href":"https:\/\/www.europesays.com\/es\/wp-json\/wp\/v2\/tags?post=275318"}],"curies":[{"name":"wp","href":"https:\/\/api.w.org\/{rel}","templated":true}]}}