{"id":275320,"date":"2025-12-07T04:37:14","date_gmt":"2025-12-07T04:37:14","guid":{"rendered":"https:\/\/www.europesays.com\/es\/275320\/"},"modified":"2025-12-07T04:37:14","modified_gmt":"2025-12-07T04:37:14","slug":"mon-laferte-y-lunay-deslumbran-en-fashion-awards-con-willy-chavarria","status":"publish","type":"post","link":"https:\/\/www.europesays.com\/es\/275320\/","title":{"rendered":"Mon Laferte y Lunay deslumbran en Fashion Awards con Willy Chavarr\u00eda"},"content":{"rendered":"<p class=\"paragraph larva \/\/ lrv-u-margin-lr-auto  lrv-a-font-body-m   \">\n\tDesde hitos profesionales y nuevos lanzamientos de m\u00fasica hasta anuncios importantes y m\u00e1s, los editores de\u00a0Billboard\u00a0destacan semanalmente momentos inspiradores de la\u00a0m\u00fasica latina. Esto es lo que sucedi\u00f3 esta semana.<\/p>\n<p>\t\t\t\t\tExplorar\t\t<\/p>\n<p>\t\t\t<a href=\"https:\/\/www.billboard.com\/artist\/becky-g\/\" class=\"c-lazy-image__link lrv-a-unstyle-link\" rel=\"nofollow noopener\" target=\"_blank\"><\/p>\n<p>\t\t\t\t\t\t<img class=\"c-lazy-image__img lrv-u-background-color-grey-lightest lrv-u-width-100p lrv-u-display-block lrv-u-height-auto\" src=\"https:\/\/www.billboard.com\/wp-content\/themes\/vip\/pmc-billboard-2021\/assets\/public\/lazyload-fallback.gif\" data-lazy-src=\"https:\/\/www.europesays.com\/es\/wp-content\/uploads\/2025\/12\/becky-g-v9i-344x344.jpg\" alt=\"\" data-lazy- data-lazy- height=\"\" width=\"\" decoding=\"async\"\/><\/p>\n<p>\t\t\t<\/a><\/p>\n<p>\t\t\t<a href=\"https:\/\/www.billboard.com\/artist\/marc-anthony\/\" class=\"c-lazy-image__link lrv-a-unstyle-link\" rel=\"nofollow noopener\" target=\"_blank\"><\/p>\n<p>\t\t\t\t\t\t<img class=\"c-lazy-image__img lrv-u-background-color-grey-lightest lrv-u-width-100p lrv-u-display-block lrv-u-height-auto\" src=\"https:\/\/www.billboard.com\/wp-content\/themes\/vip\/pmc-billboard-2021\/assets\/public\/lazyload-fallback.gif\" data-lazy-src=\"https:\/\/www.europesays.com\/es\/wp-content\/uploads\/2025\/12\/marc-anthony-iab-344x344.jpg\" alt=\"\" data-lazy- data-lazy- height=\"\" width=\"\" decoding=\"async\"\/><\/p>\n<p>\t\t\t<\/a><\/p>\n<p class=\"c-tagline    lrv-u-text-transform-uppercase lrv-u-color-black u-padding-t-13 lrv-u-padding-b-2 lrv-u-margin-tb-00 lrv-u-text-align-center lrv-u-border-t-1 lrv-u-border-color-black lrv-u-width-100p a-bbesp-font-secondary-fancy-xs@desktop a-bbesp-font-primary-m@mobile-max u-letter-spacing-0041@desktop u-letter-spacing-0656@mobile-max u-line-height-10px@desktop u-line-height-12px@mobile-max\">Vea los \u00faltimos videos, gr\u00e1ficos y noticias<\/p>\n<p>\t\tMon Laferte, Lunay y m\u00e1s deslumbran en Fashion Awards con Willy Chavarr\u00eda\t<\/p>\n<p class=\"paragraph larva \/\/ lrv-u-margin-lr-auto  lrv-a-font-body-m   \">\n\tLos Fashion Awards, reconocidos como el \u201cMet Gala\u201d del Reino Unido, reunieron a estrellas internacionales el lunes (1 de diciembre) en Londres. El dise\u00f1ador mexicano-estadounidense Willy Chavarr\u00eda llev\u00f3 a un grupo din\u00e1mico de artistas latinos, incluidos Mon Laferte y Lunay, adem\u00e1s de Mahmood y Ellie Goulding. Chavarr\u00eda, nominado como dise\u00f1ador del a\u00f1o, utiliz\u00f3 el prestigioso evento y la misi\u00f3n de su marca para promover la dignidad humana.<\/p>\n<p class=\"paragraph larva \/\/ lrv-u-margin-lr-auto  lrv-a-font-body-m   \">\n\tLa estrella chilena Mon Laferte llam\u00f3 la atenci\u00f3n con un vestido de cuero rojo tipo abrigo combinado con su cabello rubio platinado, mientras que el artista puertorrique\u00f1o Lunay luci\u00f3 un abrigo met\u00e1lico de tono oliva, inspirado en los zoot suits y dise\u00f1ado por Chavarr\u00eda. \u201cColaborar con Willy siempre es emocionante\u201d, dijo Lunay a <a rel=\"noreferrer noopener nofollow\" target=\"_blank\" href=\"https:\/\/manabouttown.tv\/fashion\/lunay-the-fashion-awards-interview-2025\">Man About Town<\/a>. \u201cEstar rodeado de creatividad y asistir como invitado de Willy es un honor. Aqu\u00ed es donde lo mejor de la moda se re\u00fane, y me encanta inspirarme [\u2026] Cada vez que trabajamos juntos, me siento como la versi\u00f3n m\u00e1s fuerte y aut\u00e9ntica de m\u00ed mismo\u201d.<\/p>\n<p class=\"paragraph larva \/\/ lrv-u-margin-lr-auto  lrv-a-font-body-m   \">\n\tEl dise\u00f1ador, radicado en Nueva York, es reconocido por combinar la alta moda con un estilo callejero, siluetas audaces y un inconfundible toque chicano y latino. Sus creaciones son habituales en las alfombras rojas y en la cultura pop.<\/p>\n<p>\t\t\t\t\t\t<img loading=\"lazy\" class=\"c-lazy-image__img lrv-u-background-color-grey-lightest lrv-u-width-100p lrv-u-display-block lrv-u-height-auto\" src=\"https:\/\/www.billboard.com\/wp-content\/themes\/vip\/pmc-billboard-2021\/assets\/public\/lazyload-fallback.gif\" data-lazy-src=\"https:\/\/www.europesays.com\/es\/wp-content\/uploads\/2025\/12\/Willy-Chavarria-Mon-Laferte-fashion-awards-billboard-1200.jpg\" alt=\"Willy Chavarria &amp; Mon Laferte\" data-lazy- data-lazy- height=\"1024\" width=\"819\" decoding=\"async\"\/><\/p>\n<p>\t\t\t\t\tWilly Chavarria &amp; Mon Laferte<\/p>\n<p>\t\t\t\t\t\t\t\t\tDiego Bendezu<\/p>\n<p>\t\tBecky G estrena Rebbeca en su natal Inglewood\t<\/p>\n<p class=\"paragraph larva \/\/ lrv-u-margin-lr-auto  lrv-a-font-body-m   \">\n\tBecky G present\u00f3 su documental Rebbeca en el Miracle Theatre de Inglewood, California el domingo (30 de noviembre). Patrocinado por Miracle Theatre y Patr\u00f3n Tequila, el evento tuvo lugar antes del estreno nacional de la pel\u00edcula, programado para el 10 y 13 de diciembre. Entre los asistentes estuvieron Wilmer Valderrama, will.i.am, Chiquis Rivera, Dolores Huerta y el alcalde de Inglewood, James T. Butts Jr., junto con miembros del Ayuntamiento de Inglewood.<\/p>\n<p class=\"paragraph larva \/\/ lrv-u-margin-lr-auto  lrv-a-font-body-m   \">\n\t\u201cNunca tuve dudas de que el estreno de este documental ser\u00eda en la ciudad que me vio crecer porque mi orgullo por mis ra\u00edces es genuino\u201d, dijo Becky antes de la proyecci\u00f3n. \u201cPero lo que no estaba preparada para enfrentar emocionalmente fue ver esta sala llena de tantas caras conocidas. La peque\u00f1a yo sol\u00eda comprar su uniforme escolar aqu\u00ed al lado, y no creo que hubiera imaginado d\u00edas como hoy\u201d. Los boletos est\u00e1n disponibles en <a rel=\"noreferrer noopener nofollow\" target=\"_blank\" href=\"https:\/\/beckygisrebbeca.com\/\">beckygisrebbeca.com<\/a>.<\/p>\n<p>\t\t\t\t\t\t<img loading=\"lazy\" class=\"c-lazy-image__img lrv-u-background-color-grey-lightest lrv-u-width-100p lrv-u-display-block lrv-u-height-auto\" src=\"https:\/\/www.billboard.com\/wp-content\/themes\/vip\/pmc-billboard-2021\/assets\/public\/lazyload-fallback.gif\" data-lazy-src=\"https:\/\/www.europesays.com\/es\/wp-content\/uploads\/2025\/12\/becky-g-rebecca-la-premiere-2025-billboard-1200.jpg\" alt=\"Becky G attends the premiere of \" rebbeca=\"\" on=\"\" nov.=\"\" in=\"\" los=\"\" angeles=\"\" california.=\"\" data-lazy- data-lazy- height=\"683\" width=\"1024\" decoding=\"async\"\/><\/p>\n<p>\t\t\t\t\tBecky G asiste a la premiere de Rebbeca el 30 de noviembre de 2025 en Los \u00c1ngeles, California.<\/p>\n<p>\t\t\t\t\t\t\t\t\tJC Olivera\/Getty Images for State of the Art<\/p>\n<p>\t\tL\u00edderes de la industria comparten las claves del auge global de la m\u00fasica mexicana\t<\/p>\n<p class=\"paragraph larva \/\/ lrv-u-margin-lr-auto  lrv-a-font-body-m   \">\n\tL\u00edderes de la industria se reunieron el martes (2 de diciembre) para \u201cThe Rise of M\u00fasica Mexicana: Lessons for the Global Music Industry\u201d, un panel que explor\u00f3 el crecimiento exponencial del g\u00e9nero y su impacto en la escena musical global. Moderado por Isabela Raygoza de Billboard Espa\u00f1ol, la discusi\u00f3n cont\u00f3 con la participaci\u00f3n de Lorena Cabral (directora de A&amp;R, Downtown Artist &amp; Label Services), Daniel Luna (CEO, D Luna Music), Carlos Santos (gerente de sello y cofundador de K Music) y Jorge Navarro (gerente de asociaciones musicales, MX &amp; CO, YouTube Music).<\/p>\n<p class=\"paragraph larva \/\/ lrv-u-margin-lr-auto  lrv-a-font-body-m   \">\n\tComo parte de la serie <a rel=\"noreferrer noopener nofollow\" target=\"_blank\" href=\"https:\/\/musicbiz.org\/music-biz-passport\/\">Music Biz Passport<\/a>, que destac\u00f3 territorios globales como Brasil, Francia y China, la conversaci\u00f3n se centr\u00f3 en c\u00f3mo la m\u00fasica mexicana evolucion\u00f3 de un g\u00e9nero regional a una fuerza potente, resaltando a artistas como Peso Pluma, Luis R. Conriquez, Net\u00f3n Vega y m\u00e1s, quienes est\u00e1n rompiendo barreras culturales y dominando el streaming a nivel mundial. Los panelistas exploraron c\u00f3mo el \u00e9xito de este g\u00e9nero puede servir como modelo para que otros artistas ampl\u00eden su alcance y trasciendan fronteras. Mira el panel completo a continuaci\u00f3n.<\/p>\n<p>\t\tMarc Anthony enciende el \u00e1rbol de Navidad en Rockefeller Center\t<\/p>\n<p class=\"paragraph larva \/\/ lrv-u-margin-lr-auto  lrv-a-font-body-m   \">\n\tEl encendido del \u00e1rbol de Navidad de Rockefeller Center de este a\u00f1o se llev\u00f3 a cabo el mi\u00e9rcoles (3 de diciembre), marcando el inicio de la temporada de fiestas en la ciudad de Nueva York. Transmitido en vivo por NBC y Peacock, el evento tuvo como protagonista un abeto de Noruega de 75 pies (casi 23 metros), proveniente de East Greenbush, Nueva York, decorado con 50.000 luces LED y una estrella Swarovski. Entre los artistas que se presentaron estuvieron Brad Paisley, Carly Pearce, Michael Bubl\u00e9, Laufey, Halle Bailey y Marc Anthony. La superestrella de la salsa interpret\u00f3 \u201cChristmas Auld Lang Syne\u201d, \u201cFeliz Navidad\u201d y su gran \u00e9xito \u201cVivir mi vida\u201d, encantando al p\u00fablico mientras celebraba la temporada.<\/p>\n<p>\t\t\t\t\t\t<img loading=\"lazy\" class=\"c-lazy-image__img lrv-u-background-color-grey-lightest lrv-u-width-100p lrv-u-display-block lrv-u-height-auto\" src=\"https:\/\/www.billboard.com\/wp-content\/themes\/vip\/pmc-billboard-2021\/assets\/public\/lazyload-fallback.gif\" data-lazy-src=\"https:\/\/www.europesays.com\/es\/wp-content\/uploads\/2025\/12\/marc-anthony-christmas-tree-lighting-nyc-2025-billboard-1200.jpg\" alt=\"Marc Anthony performs during the annual Rockefeller Christmas Tree Lighting on Dec. 3, 2025 in NYC.\" data-lazy- data-lazy- height=\"683\" width=\"1024\" decoding=\"async\"\/><\/p>\n<p>\t\t\t\t\tMarc Anthony canta durante el encendido anual del \u00e1rbol de Navidad de Rockefeller Center, el 3 de diciembre de 2025 en Nueva York.<\/p>\n<p>\t\t\t\t\t\t\t\t\tRalph Bavaro\/NBC\/Getty Images<\/p>\n<p>\t\tFuerza Regida es reconocida por Harvard\t<\/p>\n<p class=\"paragraph larva \/\/ lrv-u-margin-lr-auto  lrv-a-font-body-m   \">\n\tEl martes (2 de diciembre), Fuerza Regida fue reconocida con el premio Harvard-Radcliffe RAZA Trailblazer Award, que destaca sus contribuciones a la m\u00fasica regional mexicana y su creciente impacto en las listas globales. Este premio celebra el papel de la banda en llevar la m\u00fasica mexicana al p\u00fablico mainstream. Como parte del evento, el grupo de San Bernardino particip\u00f3 en una sesi\u00f3n de preguntas y respuestas con estudiantes de Harvard, coorganizada por Neon16.<\/p>\n<p>\t\tGloria Trevi anuncia concierto para celebrar su cumplea\u00f1os\t<\/p>\n<p class=\"paragraph larva \/\/ lrv-u-margin-lr-auto  lrv-a-font-body-m   \">\n\t\u00a1Es una celebraci\u00f3n en vivo de Gloria Trevi! La legendaria cantante de pop latino anunci\u00f3 un concierto \u00fanico en Los \u00c1ngeles el martes (2 de diciembre) para celebrar otro a\u00f1o de vida. El evento se llevar\u00e1 a cabo el 28 de febrero en el BMO Stadium, y los boletos estar\u00e1n disponibles a partir del viernes (5 de diciembre) en <a rel=\"noreferrer noopener nofollow\" target=\"_blank\" href=\"https:\/\/www.livenation.com\/\">LiveNation.com<\/a>. <\/p>\n<p class=\"paragraph larva \/\/ lrv-u-margin-lr-auto  lrv-a-font-body-m   \">\n\t\u201cCelebrar mi cumplea\u00f1os en el escenario es la mejor manera de agradecerle a la vida y a mi p\u00fablico por tantos a\u00f1os de amor y resistencia\u201d, dijo\u00a0Trevi en un comunicado. Promovido por Live Nation, Great Talent y Latino Live, esta presentaci\u00f3n exclusiva promete ser una \u201chist\u00f3rica celebraci\u00f3n de su m\u00fasica, su legado y sus fans\u201d, seg\u00fan el comunicado.<\/p>\n<p>\t\t\t\t\t\t<img loading=\"lazy\" class=\"c-lazy-image__img lrv-u-background-color-grey-lightest lrv-u-width-100p lrv-u-display-block lrv-u-height-auto\" src=\"https:\/\/www.billboard.com\/wp-content\/themes\/vip\/pmc-billboard-2021\/assets\/public\/lazyload-fallback.gif\" data-lazy-src=\"https:\/\/www.europesays.com\/es\/wp-content\/uploads\/2025\/12\/gloria-trevi-bmo-staidum-2025-cr-ruben-chairez-billboard-1200.jpg\" alt=\"Gloria Trevi\" data-lazy- data-lazy- height=\"1024\" width=\"753\" decoding=\"async\"\/><\/p>\n<p>\t\t\t\t\tGloria Trevi en el BMO Stadium.<\/p>\n<p>\t\t\t\t\t\t\t\t\tRuben Chairez<\/p>\n","protected":false},"excerpt":{"rendered":"Desde hitos profesionales y nuevos lanzamientos de m\u00fasica hasta anuncios importantes y m\u00e1s, los editores de\u00a0Billboard\u00a0destacan semanalmente momentos&hellip;\n","protected":false},"author":2,"featured_media":275321,"comment_status":"","ping_status":"","sticky":false,"template":"","format":"standard","meta":{"footnotes":""},"categories":[170],"tags":[146,147,25,24,9834,67180,184,185,23],"class_list":{"0":"post-275320","1":"post","2":"type-post","3":"status-publish","4":"format-standard","5":"has-post-thumbnail","7":"category-musica","8":"tag-entertainment","9":"tag-entretenimiento","10":"tag-es","11":"tag-espana","12":"tag-genre-espau00f1ol","13":"tag-momentos-inspiradores-espanol","14":"tag-music","15":"tag-musica","16":"tag-spain"},"share_on_mastodon":{"url":"https:\/\/pubeurope.com\/@es\/115676436908845532","error":""},"_links":{"self":[{"href":"https:\/\/www.europesays.com\/es\/wp-json\/wp\/v2\/posts\/275320","targetHints":{"allow":["GET"]}}],"collection":[{"href":"https:\/\/www.europesays.com\/es\/wp-json\/wp\/v2\/posts"}],"about":[{"href":"https:\/\/www.europesays.com\/es\/wp-json\/wp\/v2\/types\/post"}],"author":[{"embeddable":true,"href":"https:\/\/www.europesays.com\/es\/wp-json\/wp\/v2\/users\/2"}],"replies":[{"embeddable":true,"href":"https:\/\/www.europesays.com\/es\/wp-json\/wp\/v2\/comments?post=275320"}],"version-history":[{"count":0,"href":"https:\/\/www.europesays.com\/es\/wp-json\/wp\/v2\/posts\/275320\/revisions"}],"wp:featuredmedia":[{"embeddable":true,"href":"https:\/\/www.europesays.com\/es\/wp-json\/wp\/v2\/media\/275321"}],"wp:attachment":[{"href":"https:\/\/www.europesays.com\/es\/wp-json\/wp\/v2\/media?parent=275320"}],"wp:term":[{"taxonomy":"category","embeddable":true,"href":"https:\/\/www.europesays.com\/es\/wp-json\/wp\/v2\/categories?post=275320"},{"taxonomy":"post_tag","embeddable":true,"href":"https:\/\/www.europesays.com\/es\/wp-json\/wp\/v2\/tags?post=275320"}],"curies":[{"name":"wp","href":"https:\/\/api.w.org\/{rel}","templated":true}]}}