{"id":275322,"date":"2025-12-07T04:39:10","date_gmt":"2025-12-07T04:39:10","guid":{"rendered":"https:\/\/www.europesays.com\/es\/275322\/"},"modified":"2025-12-07T04:39:10","modified_gmt":"2025-12-07T04:39:10","slug":"ya-no-son-agua-y-aceite-la-mejora-del-real-madrid-pasa-por-el-entendimiento-entre-vinicius-y-mbappe-futbol","status":"publish","type":"post","link":"https:\/\/www.europesays.com\/es\/275322\/","title":{"rendered":"\u00abYa no son agua y aceite\u00bb: la mejora del Real Madrid pasa por el entendimiento entre Vinicius y Mbapp\u00e9 | F\u00fatbol"},"content":{"rendered":"<p><a href=\"https:\/\/cadenaser.com\/nacional\/2025\/12\/06\/tebas-es-dificil-inventarse-tantas-cosas-como-hace-el-real-madrid-cadena-ser\/\" target=\"_blank\" rel=\"nofollow noopener\" title=\"https:\/\/cadenaser.com\/nacional\/2025\/12\/06\/tebas-es-dificil-inventarse-tantas-cosas-como-hace-el-real-madrid-cadena-ser\/\">El Real Madrid<\/a> recibe al Celta de Vigo con la opci\u00f3n de aumentar en ocho puntos la distancia con el Atl\u00e9tico de Madrid, que ha ca\u00eddo en San Mam\u00e9s frente al Athletic Club. El conjunto de Xabi Alonso visit\u00f3 el mi\u00e9rcoles el feudo del conjunto vasco y sali\u00f3 victorioso y con muy buenas sensaciones. Un doblete de Kylian Mbapp\u00e9 y un gol de Eduardo Camavinga dio la victoria al Real Madrid. <\/p>\n<p>\u00abEl Madrid, si mantiene la din\u00e1mica del partido del Athletic tendremos a partir de ahora buenas noticias\u00bb, comenta Tom\u00e1s Roncero sobre el partido del conjunto madrile\u00f1o en Bilbao y el futuro que espera si mantiene el buen rendimiento. \u00abEl otro d\u00eda vimos un rock and roll que llena estadio\u00bb, menciona Roncero sobre el cambio de din\u00e1mica y como se vio un Real Madrid mucho m\u00e1s vertical con Vinicius y Mbapp\u00e9 compenetr\u00e1ndose muy bien. \u00abNos estamos acercando a lo que ped\u00eda Xabi\u00bb, interpreta el subdirector del Diario AS sobre el cambio de estilo de juego que est\u00e1 implementando Xabi Alonso despu\u00e9s de ver que no estaba funcionando. <\/p>\n<p>M\u00e1s informaci\u00f3n<\/p>\n<p>\u00abXabi Alonso tiene una idea y est\u00e1 adapt\u00e1ndola a los jugadores que tiene, ha dado un paso hacia adelante, no aferr\u00e1ndose a sus ideas\u00bb, aclara Roncero sobre la nueva manera de jugar del conjunto entrenado por el tolosarra. \u00abHa adaptado su idea a los jugadores\u00bb, a\u00f1ade Tom\u00e1s Roncero. \u00abSolamente los soberbios y perdedores mueren con su idea. Xabi Alonso la est\u00e1 adaptando\u00bb, apunta Roncero a la valent\u00eda de Xabi Alonso de modificar su idea de juego. \u00abVinicius feliz con la vida y su futbol es una m\u00e1quina, el otro d\u00eda no hab\u00eda manera de pararle\u00bb, alaba Roncero al jugador brasile\u00f1o y su mejor\u00eda en el terreno de juego. Pese a que el brasile\u00f1o acumula diez partidos consecutivos sin meter gol con el Real Madrid, est\u00e1 mejorando su rendimiento en el campo de futbol. <\/p>\n<p>\u00abVini y Mbapp\u00e9 ya no son agua y aceite, ahora los dos conjugan el mismo verbo y se nota y eso para el Madrid es dinamita\u00bb, comenta Roncero sobre como ahora las dos estrellas del Real Madrid se compenetran perfectamente y eso ayuda al club a obtener mejores resultados. \u00abEl otro d\u00eda el Athletic Club no pod\u00eda pararle\u00bb, menciona Roncero sobre el gran partido que hizo el mi\u00e9rcoles el extremo brasile\u00f1o en San Mam\u00e9s. \u00abLos dos se buscan y conectan\u00bb, a\u00f1ade Roncero sobre la mejor\u00eda entre ambos.<\/p>\n<p>\u00abDescarto al Atl\u00e9tico para LaLiga. Es el cuento de nunca acabar\u00bb, expresa Tom\u00e1s Roncero sobre c\u00f3mo el equipo entrenado por Simeone queda descartado por la lucha de la liga al quedarse a nueve puntos del FC Barcelona. \u00abSu liga se termin\u00f3 despu\u00e9s de meter cinco goles al Real Madrid en el derbi. Sab\u00eda que contra el Bar\u00e7a perder\u00edan\u00bb, detalla Roncero sobre el futuro del Atl\u00e9tico de Madrid en la competici\u00f3n nacional. <\/p>\n","protected":false},"excerpt":{"rendered":"El Real Madrid recibe al Celta de Vigo con la opci\u00f3n de aumentar en ocho puntos la distancia&hellip;\n","protected":false},"author":2,"featured_media":275323,"comment_status":"","ping_status":"","sticky":false,"template":"","format":"standard","meta":{"footnotes":""},"categories":[93],"tags":[168,25,24,23,167],"class_list":{"0":"post-275322","1":"post","2":"type-post","3":"status-publish","4":"format-standard","5":"has-post-thumbnail","7":"category-deportes","8":"tag-deportes","9":"tag-es","10":"tag-espana","11":"tag-spain","12":"tag-sports"},"share_on_mastodon":{"url":"https:\/\/pubeurope.com\/@es\/115676445062208547","error":""},"_links":{"self":[{"href":"https:\/\/www.europesays.com\/es\/wp-json\/wp\/v2\/posts\/275322","targetHints":{"allow":["GET"]}}],"collection":[{"href":"https:\/\/www.europesays.com\/es\/wp-json\/wp\/v2\/posts"}],"about":[{"href":"https:\/\/www.europesays.com\/es\/wp-json\/wp\/v2\/types\/post"}],"author":[{"embeddable":true,"href":"https:\/\/www.europesays.com\/es\/wp-json\/wp\/v2\/users\/2"}],"replies":[{"embeddable":true,"href":"https:\/\/www.europesays.com\/es\/wp-json\/wp\/v2\/comments?post=275322"}],"version-history":[{"count":0,"href":"https:\/\/www.europesays.com\/es\/wp-json\/wp\/v2\/posts\/275322\/revisions"}],"wp:featuredmedia":[{"embeddable":true,"href":"https:\/\/www.europesays.com\/es\/wp-json\/wp\/v2\/media\/275323"}],"wp:attachment":[{"href":"https:\/\/www.europesays.com\/es\/wp-json\/wp\/v2\/media?parent=275322"}],"wp:term":[{"taxonomy":"category","embeddable":true,"href":"https:\/\/www.europesays.com\/es\/wp-json\/wp\/v2\/categories?post=275322"},{"taxonomy":"post_tag","embeddable":true,"href":"https:\/\/www.europesays.com\/es\/wp-json\/wp\/v2\/tags?post=275322"}],"curies":[{"name":"wp","href":"https:\/\/api.w.org\/{rel}","templated":true}]}}