{"id":275324,"date":"2025-12-07T04:40:12","date_gmt":"2025-12-07T04:40:12","guid":{"rendered":"https:\/\/www.europesays.com\/es\/275324\/"},"modified":"2025-12-07T04:40:12","modified_gmt":"2025-12-07T04:40:12","slug":"los-difusos-limites-del-cannabis-terapeutico-su-potencial-medico-choca-con-el-riesgo-psiquiatrico-salud-y-bienestar","status":"publish","type":"post","link":"https:\/\/www.europesays.com\/es\/275324\/","title":{"rendered":"Los difusos l\u00edmites del cannabis terap\u00e9utico: su potencial m\u00e9dico choca con el riesgo psiqui\u00e1trico | Salud y bienestar"},"content":{"rendered":"<p class=\"\">Hay un <a href=\"https:\/\/elpais.com\/salud-y-bienestar\/2023-07-08\/el-renacimiento-psicodelico-la-ciencia-reaviva-el-potencial-terapeutico-de-las-drogas-psicoactivas.html#?rel=mas_sumario\" target=\"_self\" rel=\"nofollow noopener\" title=\"https:\/\/elpais.com\/salud-y-bienestar\/2023-07-08\/el-renacimiento-psicodelico-la-ciencia-reaviva-el-potencial-terapeutico-de-las-drogas-psicoactivas.html#?rel=mas_sumario\">eterno dilema<\/a> cient\u00edfico que empapa todo lo que tiene que ver con el potencial terap\u00e9utico del cannabis, la droga ilegal m\u00e1s consumida. Aunque se toma desde hace miles de a\u00f1os con fines curativos y se le presumen decenas de efectos positivos, los problemas asociados a su consumo tambi\u00e9n est\u00e1n bien descritos, sobre todo, en el campo de la salud mental. En busca de ese equilibrio entre beneficios y riesgos, la comunidad cient\u00edfica trata de identificar la evidencia m\u00e1s robusta para alumbrar<a href=\"https:\/\/elpais.com\/elpais\/2019\/10\/24\/ciencia\/1571931530_020881.html\" target=\"_self\" rel=\"nofollow noopener\" title=\"https:\/\/elpais.com\/elpais\/2019\/10\/24\/ciencia\/1571931530_020881.html\"> las fronteras reales<\/a> de su potencial medicinal, cu\u00e1ndo, c\u00f3mo y para qui\u00e9n puede servir; pero el puzle est\u00e1 siendo dif\u00edcil de armar.<\/p>\n<p class=\"\">El<a href=\"https:\/\/elpais.com\/elpais\/2015\/07\/15\/ciencia\/1436976665_397370.html\" target=\"_self\" rel=\"nofollow noopener\" title=\"https:\/\/elpais.com\/elpais\/2015\/07\/15\/ciencia\/1436976665_397370.html\"> poder terap\u00e9utico<\/a> est\u00e1 ah\u00ed, nadie lo duda. Pero sus m\u00e1rgenes todav\u00eda son, a ojos de la ciencia, confusos: <a href=\"https:\/\/jamanetwork.com\/journals\/jama\/fullarticle\/2842072\" target=\"_self\" rel=\"nofollow noopener\" title=\"https:\/\/jamanetwork.com\/journals\/jama\/fullarticle\/2842072\">una revisi\u00f3n<\/a> publicada recientemente en la revista Jama concluy\u00f3 que la evidencia sobre el uso del cannabis y sus derivados con fines terap\u00e9uticos es \u201cinsuficiente\u201d para la mayor\u00eda de indicaciones m\u00e9dicas que se proponen. Se ven beneficios en epilepsia, esclerosis m\u00faltiple o dolor, pero los expertos advierten tambi\u00e9n de riesgos asociados al uso medicinal, como el peligro de desarrollar dependencia. O que se banalice el consumo recreativo de esta droga en la calle. <\/p>\n<p>M\u00e1s informaci\u00f3n<\/p>\n<p class=\"\">El mundo empuja para buscar respuestas y legislar sobre su potencial terap\u00e9utico. Una veintena de pa\u00edses ya lo ha avalado y tambi\u00e9n <a href=\"https:\/\/elpais.com\/sociedad\/2020-12-02\/la-onu-reconoce-oficialmente-las-propiedades-medicinales-del-cannabis.html\" rel=\"nofollow noopener\" target=\"_blank\">la ONU reconoci\u00f3<\/a> en 2020 que podr\u00eda tener propiedades medicinales. Hace apenas un par de meses, Espa\u00f1a dio un paso adelante con la aprobaci\u00f3n de <a href=\"https:\/\/www.boe.es\/diario_boe\/txt.php?id=BOE-A-2025-20077\" rel=\"nofollow noopener\" target=\"_blank\">un real decreto ley<\/a> que regula su uso y, a la espera de un reglamento que concrete para qu\u00e9 dolencias se permite, ya se sabe que <a href=\"https:\/\/elpais.com\/sociedad\/2025-10-07\/el-gobierno-aprueba-el-uso-del-cannabis-medicinal-solo-en-hospitales-y-recetado-por-especialistas.html\" rel=\"nofollow noopener\" target=\"_blank\">se dispensar\u00e1 en hospitales <\/a>y bajo prescripci\u00f3n m\u00e9dica.<\/p>\n<p class=\"\">Ahora bien, aunque la calle y la industria aprieten, la evidencia cient\u00edfica disponible hasta ahora no es tan entusiasta. Los hallazgos favorables son limitados y muchos estudios, de baja calidad, por el peque\u00f1o tama\u00f1o de las muestras, la corta duraci\u00f3n de los tratamientos, la inconsistencia en las pautas y las dosis, los resultados heterog\u00e9neos y la variabilidad en los preparados con cannabinoides. No ayuda tampoco que el cannabis sea, en realidad, una amalgama de m\u00e1s de un centenar de mol\u00e9culas con acciones diversas y sinergias que se entrecruzan y pueden variar las respuestas.<\/p>\n<p class=\"\">\u201cLa cosa no es blanca o negra. Ni es la panacea ni es un desastre. Los cannabinoides terap\u00e9uticos pueden ser f\u00e1rmacos \u00fatiles y tienen sus beneficios, pero tambi\u00e9n riesgos. Y no son para todo el mundo\u201d, sintetiza Marta Torrens, psiquiatra del Hospital del Mar experta en adicciones. <\/p>\n<p class=\"\">Los cannabinoides m\u00e1s estudiados son el THC (con propiedades psicoactivas) y el CBD. Ambos propician que se liberen mensajeros qu\u00edmicos en el cerebro que pueden influir en la sensaci\u00f3n de dolor, en el estado de \u00e1nimo, el sue\u00f1o o la memoria. El gran objetivo cient\u00edfico es encontrar en estas u otras mol\u00e9culas, la f\u00f3rmula para disociar el efecto psicoactivo del terap\u00e9utico y potenciar este \u00faltimo. Pero el camino no est\u00e1 exento de riesgos indeseados. <\/p>\n<p class=\"\"><a href=\"https:\/\/elpais.com\/salud-y-bienestar\/2023-03-24\/cuantos-porros-implican-un-alto-riesgo-para-la-salud-cinco-a-la-semana-seguro.html\" target=\"_self\" rel=\"nofollow noopener\" title=\"https:\/\/elpais.com\/salud-y-bienestar\/2023-03-24\/cuantos-porros-implican-un-alto-riesgo-para-la-salud-cinco-a-la-semana-seguro.html\">Merc\u00e9 Balcells<\/a>, jefa de la Unidad de Conductas Adictivas del Hospital Cl\u00ednic de Barcelona, recuerda que las consecuencias nocivas del consumo tradicional de cannabis son bien conocidas. \u201cPuede incrementar la <a href=\"https:\/\/elpais.com\/elpais\/2019\/03\/20\/ciencia\/1553078542_916699.html\" target=\"_self\" rel=\"nofollow noopener\" title=\"https:\/\/elpais.com\/elpais\/2019\/03\/20\/ciencia\/1553078542_916699.html\">patolog\u00eda psiqui\u00e1trica<\/a> y ser un detonante, por ejemplo, de esquizofrenia [en personas que tienen una predisposici\u00f3n de base]. Tambi\u00e9n puede generar sintomatolog\u00eda depresiva, crisis de p\u00e1nico, deterioro cognitivo, problemas cardiovasculares, pulmonares, c\u00e1ncer\u2026 Y no sabemos si los efectos en la memoria y en el aprendizaje son reversibles\u201d, conviene. <\/p>\n<p>Eficacia limitada<\/p>\n<p class=\"\">Sobre el margen terap\u00e9utico, apunta: \u201cAlgunas mol\u00e9culas van a ser \u00fatiles en enfermedades del neurodesarrollo o tendr\u00e1n poder analg\u00e9sico, pero est\u00e1 en discusi\u00f3n, por ejemplo, su poder ansiol\u00edtico y en qu\u00e9 dosis, porque tambi\u00e9n pueden dar crisis de p\u00e1nico\u201d. <\/p>\n<p class=\"\">Hay f\u00e1rmacos a base de derivados cann\u00e1bicos ya aprobados para tratar las n\u00e1useas y v\u00f3mitos inducidos por quimioterapia, para estimular el apetito en personas con VIH, para epilepsias infantiles raras o para tratar la espasticidad muscular en la esclerosis m\u00faltiple. Y tambi\u00e9n hay evidencia de su poder para tratar el dolor neurop\u00e1tico que no responde a otros tratamientos. <\/p>\n<p class=\"\">Pero la solvencia cient\u00edfica se tambalea cuando se plantea para tratar el dolor oncol\u00f3gico, el insomnio o la demencia. Y tampoco se recomienda para tratar enfermedades psiqui\u00e1tricas, recuerda Kevin Hill, autor de la revisi\u00f3n cient\u00edfica: \u201cLa evidencia hasta la fecha es bastante clara: el cannabis medicinal no es un tratamiento eficaz para la mayor\u00eda de los trastornos mentales. De hecho, agrava muchos problemas psiqui\u00e1tricos, como la ansiedad y la depresi\u00f3n\u201d.<\/p>\n<p>Separar el grano de la paja<\/p>\n<p class=\"\">Dentro del universo que explora los fines terap\u00e9uticos del cannabis, la revisi\u00f3n publicada en Jama hace tambi\u00e9n una distinci\u00f3n fundamental entre los preparados farmac\u00e9uticos a base de derivados cann\u00e1bicos, que est\u00e1n sujetos al control de las agencias reguladoras, y la mayor\u00eda de productos vendidos en otro tipo de dispensarios, como tiendas especializadas, que no cumplen con los mismos est\u00e1ndares que se le requieren a los medicamentos. <\/p>\n<p class=\"\">No es lo mismo una formulaci\u00f3n farmac\u00e9utica con una dosis controlada de un cannabinoide concreto que fumarse un porro. La forma y el fondo importan. Y m\u00e1s, recuerdan los expertos, cuando el cannabis que se encuentra en la calle es cada vez m\u00e1s potente, lo que aumenta la capacidad adictiva y el riesgo de desarrollar otros trastornos mentales.<\/p>\n<p class=\"\">No todo lo cann\u00e1bico es terap\u00e9utico ni comparable entre s\u00ed, recordaba hace unas semanas Jan Vollert, profesor de Neurociencia de la Universidad de Exeter, a prop\u00f3sito de <a href=\"https:\/\/www.nature.com\/articles\/s41591-025-03977-0 \" target=\"_self\" rel=\"nofollow noopener\" title=\"https:\/\/www.nature.com\/articles\/s41591-025-03977-0 \">un ensayo cl\u00ednico <\/a>que conclu\u00eda que un extracto del cannabis, llamado VER-01, reduc\u00eda el dolor lumbar cr\u00f3nico: \u201cSe trata de una sustancia muy espec\u00edfica, administrada de forma controlada. No es comparable en absoluto con fumar cannabis. Si bien existen muchos casos de personas que informan que su dolor mejora al consumir cannabis, no hemos podido respaldarlo con pruebas s\u00f3lidas. En mi opini\u00f3n, este estudio no justifica el consumo de cannabis, ya que fumar cannabis y tomar VER-01 son probablemente tan similares como comer avellanas y Nutella: pueden tener una base similar, pero simplemente no son comparables\u201d, apuntaba en declaraciones al portal <a href=\"https:\/\/www.sciencemediacentre.org\/\" target=\"_self\" rel=\"nofollow noopener\" title=\"https:\/\/www.sciencemediacentre.org\/\">Science Media Centre<\/a>. <\/p>\n<p class=\"\">Para hacer un buen uso del poder terap\u00e9utico del cannabis, es clave, defiende Torrens, un control farmac\u00e9utico riguroso de las formulaciones, prescripci\u00f3n m\u00e9dica y una supervisi\u00f3n sanitaria constante. Para identificar \u2014y descartar\u2014 poblaci\u00f3n de riesgo (embarazadas, personas con antecedentes psiqui\u00e1tricos&#8230;) o vigilar potenciales efectos secundarios o interacciones con otros f\u00e1rmacos, por ejemplo.<\/p>\n<p>La amenaza de la adicci\u00f3n<\/p>\n<p class=\"\">Alrededor del uso medicinal del cannabis pulula tambi\u00e9n <a href=\"https:\/\/elpais.com\/salud-y-bienestar\/2023-03-24\/cuantos-porros-implican-un-alto-riesgo-para-la-salud-cinco-a-la-semana-seguro.html\" target=\"_self\" rel=\"nofollow noopener\" title=\"https:\/\/elpais.com\/salud-y-bienestar\/2023-03-24\/cuantos-porros-implican-un-alto-riesgo-para-la-salud-cinco-a-la-semana-seguro.html\">el fantasma de la adicci\u00f3n<\/a>: la revisi\u00f3n publicada en Jama recuerda, de hecho, que un metaan\u00e1lisis ya inform\u00f3 de que el 29% de las personas que consum\u00eda cannabis con fines m\u00e9dicos cumpl\u00eda criterios de trastorno por consumo de esta sustancia. <\/p>\n<p class=\"\">Otro de los temores alrededor de la expansi\u00f3n terap\u00e9utica del cannabis es que se pueda banalizar el uso de esta sustancia como droga y<a href=\"https:\/\/elpais.com\/salud-y-bienestar\/2024-10-14\/el-futuro-del-consumo-recreativo-las-bebidas-con-thc-amenazan-con-destronar-al-alcohol.html\" target=\"_self\" rel=\"nofollow noopener\" title=\"https:\/\/elpais.com\/salud-y-bienestar\/2024-10-14\/el-futuro-del-consumo-recreativo-las-bebidas-con-thc-amenazan-con-destronar-al-alcohol.html\"> aumente el consumo<\/a>. \u201cA nivel de prevalencia de consumo, est\u00e1 escalando posiciones y acerc\u00e1ndose al nivel de drogas legales\u201d, avisa Balcells, que apuesta por seguir monitorizando las tendencias y, ahora que se empieza a regular el cannabis con fines terap\u00e9uticos en Espa\u00f1a, ver tambi\u00e9n \u201cqu\u00e9 tipo de consumo se instaura\u201d. <\/p>\n<p class=\"\">En la misma l\u00ednea, Marina D\u00edaz Mars\u00e1, presidenta de la Sociedad Espa\u00f1ola de Psiquiatr\u00eda, admite que les preocupa que la nueva norma en Espa\u00f1a \u201cinvisibilice las consecuencias psiqui\u00e1tricas del consumo recreativo del cannabis\u201d y pide que el decreto ley incorpore una campa\u00f1a de concienciaci\u00f3n sobre los riesgos del uso l\u00fadico: \u201cNada tiene que ver la recomendaci\u00f3n terap\u00e9utica con el uso recreativo en j\u00f3venes, que puede ser devastador\u201d. En Espa\u00f1a, el Informe Europeo sobre Drogas report\u00f3 una prevalencia de consumo de cannabis en los \u00faltimos 12 meses del 12,6% en 2024 entre poblaci\u00f3n de 15 a 64 a\u00f1os. Es superior a la de Francia (10,8%) y Portugal (2,8%).<\/p>\n","protected":false},"excerpt":{"rendered":"Hay un eterno dilema cient\u00edfico que empapa todo lo que tiene que ver con el potencial terap\u00e9utico del&hellip;\n","protected":false},"author":2,"featured_media":275325,"comment_status":"","ping_status":"","sticky":false,"template":"","format":"standard","meta":{"footnotes":""},"categories":[92],"tags":[5733,67181,1293,39557,25,1815,24,165,646,21980,5698,681,1817,166,23],"class_list":{"0":"post-275324","1":"post","2":"type-post","3":"status-publish","4":"format-standard","5":"has-post-thumbnail","7":"category-salud","8":"tag-cannabis","9":"tag-dolencias","10":"tag-enfermedades","11":"tag-epilepsia","12":"tag-es","13":"tag-esclerosis-multiple","14":"tag-espana","15":"tag-health","16":"tag-investigacion-cientifica","17":"tag-marihuana","18":"tag-medicamentos","19":"tag-medicina","20":"tag-pacientes","21":"tag-salud","22":"tag-spain"},"share_on_mastodon":{"url":"https:\/\/pubeurope.com\/@es\/115676448237541758","error":""},"_links":{"self":[{"href":"https:\/\/www.europesays.com\/es\/wp-json\/wp\/v2\/posts\/275324","targetHints":{"allow":["GET"]}}],"collection":[{"href":"https:\/\/www.europesays.com\/es\/wp-json\/wp\/v2\/posts"}],"about":[{"href":"https:\/\/www.europesays.com\/es\/wp-json\/wp\/v2\/types\/post"}],"author":[{"embeddable":true,"href":"https:\/\/www.europesays.com\/es\/wp-json\/wp\/v2\/users\/2"}],"replies":[{"embeddable":true,"href":"https:\/\/www.europesays.com\/es\/wp-json\/wp\/v2\/comments?post=275324"}],"version-history":[{"count":0,"href":"https:\/\/www.europesays.com\/es\/wp-json\/wp\/v2\/posts\/275324\/revisions"}],"wp:featuredmedia":[{"embeddable":true,"href":"https:\/\/www.europesays.com\/es\/wp-json\/wp\/v2\/media\/275325"}],"wp:attachment":[{"href":"https:\/\/www.europesays.com\/es\/wp-json\/wp\/v2\/media?parent=275324"}],"wp:term":[{"taxonomy":"category","embeddable":true,"href":"https:\/\/www.europesays.com\/es\/wp-json\/wp\/v2\/categories?post=275324"},{"taxonomy":"post_tag","embeddable":true,"href":"https:\/\/www.europesays.com\/es\/wp-json\/wp\/v2\/tags?post=275324"}],"curies":[{"name":"wp","href":"https:\/\/api.w.org\/{rel}","templated":true}]}}