{"id":275330,"date":"2025-12-07T04:47:10","date_gmt":"2025-12-07T04:47:10","guid":{"rendered":"https:\/\/www.europesays.com\/es\/275330\/"},"modified":"2025-12-07T04:47:10","modified_gmt":"2025-12-07T04:47:10","slug":"extremadura-examina-la-corrupcion-del-psoe-la-fuerza-de-vox-y-el-camino-de-feijoo-a-la-moncloa","status":"publish","type":"post","link":"https:\/\/www.europesays.com\/es\/275330\/","title":{"rendered":"Extremadura examina la corrupci\u00f3n del PSOE, la fuerza de Vox y el camino de Feij\u00f3o a la Moncloa"},"content":{"rendered":"\n<p> Despu\u00e9s de dieciocho meses sin votar, Espa\u00f1a vuelve al modo electoral y lo hace convocando a las urnas al menos al 25% de la poblaci\u00f3n espa\u00f1ola. Las elecciones en Extremadura del pr\u00f3ximo 21 de diciembre se presentan como un punto de inflexi\u00f3n de la legislatura, en la medida en que supondr\u00e1n el <strong>primer examen en urnas a la corrupci\u00f3n del PSOE<\/strong>, al crecimiento de Vox en las encuestas y a la estrategia de <strong>Alberto N\u00fa\u00f1ez Feij\u00f3o<\/strong> para llegar a La Moncloa cuando quedan un m\u00e1ximo de 19 meses para las generales. M\u00e1s all\u00e1 del inter\u00e9s de los candidatos por llevar el debate a sus propuestas en el \u00e1mbito regional, la campa\u00f1a no podr\u00e1 abstraerse de los debates de la pol\u00edtica nacional, pero hay algo m\u00e1s: el resultado tendr\u00e1 repercusiones en la legislatura. <\/p>\n<p> As\u00ed, la campa\u00f1a extreme\u00f1a y la actualidad pol\u00edtica nacional se entrelazan de muchas maneras: el efecto de la corrupci\u00f3n del PSOE, cuando <strong>su candidato est\u00e1 imputado<\/strong> en el caso del hermano del presidente del Gobierno; la <strong>relaci\u00f3n entre el PP y Vox<\/strong>, tanto desde el punto de vista de los porcentajes de voto que obtengan como de su capacidad para alcanzar acuerdos estables <a href=\"https:\/\/www.elconfidencial.com\/espana\/comunidad-valenciana\/2025-11-15\/pp-vox-acercan-acuerdo-rapido-investir-perez-llorca-antes-diciembre_4247622\/\" target=\"_self\" rel=\"nofollow noopener\">despu\u00e9s del sellado en la Comunidad Valenciana<\/a>; o la traslaci\u00f3n al conjunto del pa\u00eds de debates extreme\u00f1os que tienen reflejo en Espa\u00f1a, como la convocatoria de elecciones ante la incapacidad de aprobar los Presupuestos de 2026 o el cierre de la central nuclear de Almaraz. <\/p>\n<p> La media de las \u00faltimas encuestas sit\u00faa a <strong>Mar\u00eda Guardiola<\/strong> (PP) como clara vencedora con una media del 41,4% de los votos, con m\u00e1s de seis puntos de ventaja sobre <strong>Miguel \u00c1ngel Gallardo<\/strong> (PSOE), con el 34,8%. Por detr\u00e1s, el candidato de Vox, <strong>\u00d3scar Fern\u00e1ndez Calle<\/strong>, concita una media del 12,7% de los sufragios y la de Unidas por Extremadura, <strong>Irene de Miguel<\/strong>, con un 6,7%. Estos datos ofrecen cambios significativos sobre los<a href=\"https:\/\/www.elconfidencial.com\/espana\/2023-05-29\/resultados-elecciones-autonomicas-municipales-extremadura_3646739\/\" target=\"_self\" rel=\"nofollow noopener\"> resultados de las \u00faltimas elecciones<\/a>, cuando el PSOE de <strong>Guillermo Fern\u00e1ndez Vara<\/strong> se impuso con el 39,9%, frente a un 38,8% del PP de Guardiola, aunque en esca\u00f1os el resultado fue de empate a 28. Vox se present\u00f3 con Gordillo y obtuvo cinco esca\u00f1os (8,13%) y Unidas logr\u00f3 cuatro (6,01%) con la misma candidata. <\/p>\n<p> Primera conclusi\u00f3n: hay un movimiento de voto hacia la derecha, algo que no es ajeno a la tendencia espa\u00f1ola, europea y mundial. Segunda: Guardiola ha convocado buscando mejorar sus resultados, algo que parece conseguido, y <strong>aspirando a una mayor\u00eda absoluta<\/strong>, lo que en el inicio de campa\u00f1a <strong>se antoja lejano<\/strong>. Tercera: Vox pretende iniciar una senda de crecimiento que lo convierta en una fuerza indispensable para formar gobiernos. Cuarta: <a href=\"https:\/\/www.elconfidencial.com\/espana\/2025-11-02\/gallardo-el-nino-de-la-katana-que-incendia-el-psoe-ex-y-busca_4239210\/\" target=\"_self\" rel=\"nofollow noopener\">el PSOE ha designado a un candidato imputado <\/a>para demostrar a sus votantes potenciales que en Moncloa act\u00faan sobre la base de que existe una persecuci\u00f3n judicial contra el presidente del Gobierno. Y quinta: la izquierda radical, que el 21D concurre en una uni\u00f3n que no se repetir\u00e1 en el resto de citas auton\u00f3micas y parece inviable en las generales, lo que sin embargo le permite <strong>mantener, incluso mejorar, los resultados.<\/strong> <\/p>\n<p>            La batalla nacional           <\/p>\n<p> Una primera forma de medir la importancia nacional de estas elecciones est\u00e1 en <strong>la presencia de los l\u00edderes nacionale<\/strong>s. <a href=\"https:\/\/www.elconfidencial.com\/espana\/2025-12-04\/feijoo-calienta-la-campana-en-extremadura_4260447\/\" target=\"_self\" rel=\"nofollow noopener\">Feij\u00f3o estar\u00e1 activo<\/a>: s\u00f3lo en el comienzo de campa\u00f1a visit\u00f3 en dos d\u00edas seis municipios, incluido Villanueva de la Serena, del que es oriundo el candidato socialista. Pero el PP no quiere que el l\u00edder nacional pise la estrategia de la candidata, por lo que no coincidir\u00e1n demasiado. \u00c9l se ocupar\u00e1 de <a href=\"https:\/\/www.elconfidencial.com\/espana\/2025-12-04\/feijoo-calienta-la-campana-en-extremadura_4260447\/\" target=\"_self\" rel=\"nofollow noopener\">que los extreme\u00f1os no se olviden de S\u00e1nchez<\/a>; ella quiere destacar su faceta de gestora, no s\u00f3lo por los m\u00e9ritos contra\u00eddos en estos dos a\u00f1os,que han supuesto un incremento en las expectativas de voto. Tambi\u00e9n por su pasado como funcionaria de la Junta de Extremadura, un aspecto biogr\u00e1fico que quiere reforzar. Y un mensaje clave: el PP es una opci\u00f3n \u00abseria\u00bb para los votantes socialistas \u00abdecepcionados\u00bb. Crecer por el centro. Feij\u00f3o en estado puro, una estrategia que adquiere todo el sentido en una regi\u00f3n dominada hist\u00f3ricamente por el PSOE. <\/p>\n<p>              <img decoding=\"async\" class=\"inTextNews__img\" alt=\"Foto: feijoo-calienta-la-campana-en-extremadura\" src=\"https:\/\/www.europesays.com\/es\/wp-content\/uploads\/2025\/12\/f.elconfidencial.com\/original\/bd3\/649\/bd2\/bd3649bd20d9e07a47ebc02b98a8a9cc.jpg\"  \/>     <\/p>\n<p>TE PUEDE INTERESAR<\/p>\n<p>      <a class=\"inTextNews__title\" href=\"https:\/\/www.elconfidencial.com\/espana\/2025-12-04\/feijoo-calienta-la-campana-en-extremadura_4260447\/\" onclick=\"window.ECCO.emit(&#039;amplitude&#039;, { dataEventName: &#039;click_related_article_module&#039;, data: { related_article_url: &#039;https:\/\/www.elconfidencial.com\/espana\/2025-12-04\/feijoo-calienta-la-campana-en-extremadura_4260447\/&#039;, related_article_author: &#039;Ana Bel\u00e9n Ramos&#039;, related_article_section: &#039;espana&#039; } })\" rel=\"nofollow noopener\" target=\"_blank\"> Feij\u00f3o calienta la campa\u00f1a en Extremadura: \u00abEl PSOE es un partido peligroso para las mujeres\u00bb <\/a>   <\/p>\n<p>    Ana Bel\u00e9n Ramos   <\/p>\n<p> El presidente del Gobierno, <strong>Pedro S\u00e1nchez<\/strong>, no participar\u00e1 en tantos actos, pero en el \u00faltimo mes ha habido mucha presencia de ministros en eventos del partido en la regi\u00f3n. En el acto de pegada de carteles el pasado jueves mostr\u00f3 una estrategia que se explica<strong> tanto por lo que dice como por lo que no dice<\/strong>. Entre los primeros, dos ejes claros: <a href=\"https:\/\/www.elconfidencial.com\/espana\/2025-11-30\/moncloa-crisis-psoe-sanchez-caiman_4257205\/\" target=\"_self\" rel=\"nofollow noopener\">la confrontaci\u00f3n directa con la alternativa <\/a>(\u00ab<strong>quiero que pierdan las derechas<\/strong>\u00ab, exclam\u00f3) y un mensaje triunfalista con los buenos datos macro que adornan la econom\u00eda espa\u00f1ola. Entre los segundos, ninguna referencia a la imputaci\u00f3n del candidato ni a la reacci\u00f3n del PSOE ante los esc\u00e1ndalos sexuales vinculados a <strong>Francisco Salazar<\/strong> y al partido en Torremolinos. <\/p>\n<p> Muy en l\u00ednea con la estrategia habitual del partido, <a href=\"https:\/\/www.elconfidencial.com\/espana\/2025-12-04\/abascal-multiplica-extremadura-problema-pp-oxigeno-sanchez_4259649\/\" target=\"_self\" rel=\"nofollow noopener\">el principal reclamo de Vox es<\/a><strong> Santiago Abascal<\/strong>. El presidente de la formaci\u00f3n lleva un mes recorriendo las zonas rurales de Extremadura con un discurso que busca atraer el voto de quienes viven en las localidades de menos de 10.000 habitantes, muy relevantes en una convocatoria que llama a las urnas a 890.967 extreme\u00f1os. Y dos ideas m\u00e1s que enlazan directamente con dos de sus mensajes habituales en clave nacional: Extremadura padece \u00ab<strong>el mal del bipartidismo<\/strong>\u00ab, de manera que Vox se presenta como una alternativa a ambos; y Guardiola es una l\u00edder de izquierdas, idea que Abascal expres\u00f3 el mismo viernes con claridad: \u00abEs la Irene Montero extreme\u00f1a\u00bb. <\/p>\n<p> La lectura nacional est\u00e1 en el mismo origen de la convocatoria electoral. Guardiola tom\u00f3 la decisi\u00f3n de adelantar las elecciones ante las dificultades para aprobar los presupuestos regionales, lo que habr\u00eda supuesto prorrogar por segunda vez los aprobados en febrero de 2025. Esta decisi\u00f3n es un <strong>claro mensaje a Pedro S\u00e1nchez<\/strong>, que ya empezaba a justificar en las autonom\u00edas del PP sin cuentas p\u00fablicas su legitimidad para permanecer en La Moncloa a pesar de que no ha habido Presupuestos Generales del Estado (PGE) en toda la legislatura. <\/p>\n<p> Ese mismo argumento puede suceder en Arag\u00f3n, donde el presidente <strong>Jorge Azc\u00f3n<\/strong> (PP) va <a href=\"https:\/\/www.elconfidencial.com\/espana\/2025-11-25\/vox-ruptura-aragon-pp-elecciones-2026_4253708\/\" target=\"_self\" rel=\"nofollow noopener\">camino de encontrarse en <strong>una situaci\u00f3n equiparable <\/strong><\/a><strong>a la de Guardiola<\/strong>, por lo que no es descartable que tambi\u00e9n haya un nuevo adelanto electoral para coger al PSOE fuera de foco. Es m\u00e1s, la candidata ser\u00eda la ministra portavoz, por lo que una motivaci\u00f3n a\u00f1adida para el PP es la posibilidad de arrear un varapalo al PSOE sino tambi\u00e9n al Gobierno. <\/p>\n<p>              <img decoding=\"async\" class=\"inTextNews__img\" alt=\"Foto: presion-psoe-sanchez-libere-ministras-candidatas\" src=\"https:\/\/www.europesays.com\/es\/wp-content\/uploads\/2025\/12\/f.elconfidencial.com\/original\/4e6\/730\/1a4\/4e67301a4753b1dc0c44a8690b7a726a.jpg\"  \/>     <\/p>\n<p>TE PUEDE INTERESAR<\/p>\n<p>      <a class=\"inTextNews__title\" href=\"https:\/\/www.elconfidencial.com\/espana\/2025-10-05\/presion-psoe-sanchez-libere-ministras-candidatas_4222162\/\" onclick=\"window.ECCO.emit(&#039;amplitude&#039;, { dataEventName: &#039;click_related_article_module&#039;, data: { related_article_url: &#039;https:\/\/www.elconfidencial.com\/espana\/2025-10-05\/presion-psoe-sanchez-libere-ministras-candidatas_4222162\/&#039;, related_article_author: &#039;Juan Fern\u00e1ndez-Miranda&#039;, related_article_section: &#039;espana&#039; } })\" rel=\"nofollow noopener\" target=\"_blank\"> Presi\u00f3n en el PSOE para que S\u00e1nchez no sacrifique al partido y \u00ablibere\u00bb a las ministras candidatas  <\/a>   <\/p>\n<p>    Juan Fern\u00e1ndez-Miranda   <\/p>\n<p> En este momento, Castilla y Le\u00f3n es la segunda cita en el calendario, a lo m\u00e1s tardar el 15 de marzo. Las expectativas del presidente, <strong>Alfonso Fern\u00e1ndez Ma\u00f1ueco<\/strong> (PP), son positivas, aunque al igual que en Extremadura no suficientes para alcanzar la mayor\u00eda absoluta. No obstante, hay una diferencia sustancial: en Castilla y Le\u00f3n el PP s\u00ed sube a costa de Vox, con quien gobern\u00f3 durante m\u00e1s de dos a\u00f1os con <strong>Juan Garc\u00eda-Gallardo<\/strong> como vicepresidente, hasta que Abascal decidi\u00f3 romper los gobiernos auton\u00f3micos con el PP <a href=\"https:\/\/www.elconfidencial.com\/espana\/2025-11-24\/purgada-vox-abascal-lidera-mandan-ariza-mendez-monasterio_4252040\/%C3%A7\" target=\"_self\" rel=\"nofollow noopener\">sin consultar ni informar a sus vicepresidentes y consejeros<\/a>. Aun as\u00ed, el PSOE, que presentar\u00e1 un candidato poco conocido, el tambi\u00e9n alcalde de Soria <strong>Carlos Mart\u00ednez<\/strong>, no consigue mejorar resultados <\/p>\n<p>                El factor Andaluc\u00eda           <\/p>\n<p> En Andaluc\u00eda, la media de encuestas empieza a poner en riesgo la mayor\u00eda absoluta con la que actualmente gobierna <strong>Juanma Moreno<\/strong>, pero no porque suba el PSOE, sino por Vox. Es decir, no peligra la continuidad de Moreno, pero s\u00ed da un mayor poder al partido de Abascal, una realidad que tiene dos lecturas en clave nacional: se avecina un nuevo varapalo para S\u00e1nchez, porque la candidata es <a href=\"https:\/\/www.elconfidencial.com\/tags\/personajes\/maria-jesus-montero-19808\/\" target=\"_self\" rel=\"nofollow noopener\">su vicepresidenta primera<\/a>,<strong> Mar\u00eda Jes\u00fas Montero<\/strong>; y mantendr\u00e1 vivo el duelo entre PP y Vox del que tanto provecho sabe sacar La Moncloa. <\/p>\n<p> En los \u00faltimos comicios, el PP logr\u00f3 la mayor\u00eda absoluta con el 43,13% de los votos (58 esca\u00f1os), seguido por el PSOE con el 24,09% (30 diputados). Vox obtuvo el 13,46% de los votos (14), Por Andaluc\u00eda el 7,68% (5), y Adelante Andaluc\u00eda el 4,58% (2). El \u00faltimo bar\u00f3metro publicado en octubre de 2025, <strong>el PP ha mantenido la mayor\u00eda absoluta en todos los sondeos<\/strong> realizados, con la \u00fanica excepci\u00f3n del m\u00e1s reciente: asigna al PP una horquilla entre 54 y 56 diputados, cuando la mayor\u00eda absoluta est\u00e1 situada en los 55, informa EP. <\/p>\n<p>              <img decoding=\"async\" class=\"inTextNews__img\" alt=\"Foto: fin-sanchismo-psoe-pedro-sanchez-1hms\" src=\"https:\/\/www.europesays.com\/es\/wp-content\/uploads\/2025\/12\/f.elconfidencial.com\/original\/744\/c39\/76e\/744c3976e96176e844eebffe9ffaf7be.jpg\"  \/>   Opini\u00f3n     <\/p>\n<p>TE PUEDE INTERESAR<\/p>\n<p>      <a class=\"inTextNews__title\" href=\"https:\/\/blogs.elconfidencial.com\/espana\/matacan\/2025-12-04\/fin-sanchismo-psoe-pedro-sanchez-1hms_4259781\/\" onclick=\"window.ECCO.emit(&#039;amplitude&#039;, { dataEventName: &#039;click_related_article_module&#039;, data: { related_article_url: &#039;https:\/\/blogs.elconfidencial.com\/espana\/matacan\/2025-12-04\/fin-sanchismo-psoe-pedro-sanchez-1hms_4259781\/&#039;, related_article_author: &#039;Javier Caraballo&#039;, related_article_section: &#039;matacan&#039; } })\" rel=\"nofollow noopener\" target=\"_blank\"> El fin del sanchismo no ser\u00e1 ma\u00f1ana <\/a>   <\/p>\n<p>    Javier Caraballo   <\/p>\n<p> El <a href=\"https:\/\/www.elconfidencial.com\/espana\/2024-01-02\/horizontes-2024-votaciones-espana-ciclo-electoral-continuo_3803798\/\" target=\"_self\" rel=\"nofollow noopener\">anterior ciclo electoral <\/a>comenz\u00f3 con las gallegas (18 de febrero), continu\u00f3 con las vascas (18 de abril) y las catalanas (12 de mayo) y finaliz\u00f3 con las europeas (9 de junio), citas todas ellas que condicionaron el primer semestre de 2024. Desde entonces, el debate pol\u00edtico nacional ha estado centrado en el cara a cara entre <strong>Pedro S\u00e1nchez<\/strong> y <strong>Alberto N\u00fa\u00f1ez Feij\u00f3o<\/strong> y marcado por el avance de los esc\u00e1ndalos de corrupci\u00f3n que afectan al Gobierno: la condena e inhabilitaci\u00f3n del fiscal general del Estado, <strong>\u00c1lvaro Garc\u00eda Ortiz<\/strong>; las cinco imputaciones a la mujer del presidente, <strong>Bego\u00f1a G\u00f3mez<\/strong>; el pr\u00f3ximo juicio a su hermano,<strong> David S\u00e1nchez<\/strong>; y los ingresos en prisi\u00f3n de los dos \u00faltimos secretarios de Organizaci\u00f3n del PSOE, <strong>Santos Cerd\u00e1n<\/strong> y <strong>Jos\u00e9 Luis \u00c1balos<\/strong>, que tambi\u00e9n fue ministro de Transportes. <\/p>\n<p> Con todos estos ingredientes, el pr\u00f3ximo ciclo comienza con una llamada a las urnas en tres comunidades que re\u00fanen 12,15 millones de ciudadanos, el 25% de la poblaci\u00f3n espa\u00f1ola: 1,05 de extreme\u00f1os, 2,4 de castellanoleoneses y 8,7 millones de andaluces. <strong>Algo m\u00e1s si se suma a los 1,36 millones de aragoneses<\/strong>. Se trata de una cantidad de votantes suficientes para enviar un mensaje en los tres interrogantes planteados al comienzo de este art\u00edculo: la corrupci\u00f3n del PSOE, la fuerza de Vox y el camino de Feij\u00f3o a la Moncloa. <\/p>\n","protected":false},"excerpt":{"rendered":"Despu\u00e9s de dieciocho meses sin votar, Espa\u00f1a vuelve al modo electoral y lo hace convocando a las urnas&hellip;\n","protected":false},"author":2,"featured_media":275331,"comment_status":"","ping_status":"","sticky":false,"template":"","format":"standard","meta":{"footnotes":""},"categories":[8],"tags":[17,18,25,24,13,14,11,19,20,9,10,15,16,23,12,21,22],"class_list":{"0":"post-275330","1":"post","2":"type-post","3":"status-publish","4":"format-standard","5":"has-post-thumbnail","7":"category-espana","8":"tag-breaking-news","9":"tag-breakingnews","10":"tag-es","11":"tag-espana","12":"tag-featured-news","13":"tag-featurednews","14":"tag-headlines","15":"tag-latest-news","16":"tag-latestnews","17":"tag-news","18":"tag-noticias","19":"tag-noticias-destacadas","20":"tag-noticiasdestacadas","21":"tag-spain","22":"tag-titulares","23":"tag-ultimas-noticias","24":"tag-ultimasnoticias"},"share_on_mastodon":{"url":"https:\/\/pubeurope.com\/@es\/115676476095786073","error":""},"_links":{"self":[{"href":"https:\/\/www.europesays.com\/es\/wp-json\/wp\/v2\/posts\/275330","targetHints":{"allow":["GET"]}}],"collection":[{"href":"https:\/\/www.europesays.com\/es\/wp-json\/wp\/v2\/posts"}],"about":[{"href":"https:\/\/www.europesays.com\/es\/wp-json\/wp\/v2\/types\/post"}],"author":[{"embeddable":true,"href":"https:\/\/www.europesays.com\/es\/wp-json\/wp\/v2\/users\/2"}],"replies":[{"embeddable":true,"href":"https:\/\/www.europesays.com\/es\/wp-json\/wp\/v2\/comments?post=275330"}],"version-history":[{"count":0,"href":"https:\/\/www.europesays.com\/es\/wp-json\/wp\/v2\/posts\/275330\/revisions"}],"wp:featuredmedia":[{"embeddable":true,"href":"https:\/\/www.europesays.com\/es\/wp-json\/wp\/v2\/media\/275331"}],"wp:attachment":[{"href":"https:\/\/www.europesays.com\/es\/wp-json\/wp\/v2\/media?parent=275330"}],"wp:term":[{"taxonomy":"category","embeddable":true,"href":"https:\/\/www.europesays.com\/es\/wp-json\/wp\/v2\/categories?post=275330"},{"taxonomy":"post_tag","embeddable":true,"href":"https:\/\/www.europesays.com\/es\/wp-json\/wp\/v2\/tags?post=275330"}],"curies":[{"name":"wp","href":"https:\/\/api.w.org\/{rel}","templated":true}]}}