{"id":275332,"date":"2025-12-07T04:48:38","date_gmt":"2025-12-07T04:48:38","guid":{"rendered":"https:\/\/www.europesays.com\/es\/275332\/"},"modified":"2025-12-07T04:48:38","modified_gmt":"2025-12-07T04:48:38","slug":"los-boicots-han-sumido-al-festival-en-una-crisis","status":"publish","type":"post","link":"https:\/\/www.europesays.com\/es\/275332\/","title":{"rendered":"Los boicots han sumido al festival en una crisis"},"content":{"rendered":"<p class=\"c-paragraph\">The New York Times, uno de los peri\u00f3dicos m\u00e1s le\u00eddos en EEUU y todo el mundo, habla del <b>\u00abboicot\u00bb de Espa\u00f1a, Irlanda<\/b> y otros pa\u00edses al festival por la participaci\u00f3n de Israel.\u00a0<\/p>\n<p class=\"c-paragraph\">\u00abMuchos aficionados a Eurovisi\u00f3n <b>han lamentado la participaci\u00f3n de Israel desde que su ej\u00e9rcito inici\u00f3 una incursi\u00f3n en Gaza<\/b> tras los ataques liderados por Ham\u00e1s hace dos a\u00f1os. A medida que se agravaba la crisis humanitaria en Gaza, varios pa\u00edses miembros declararon que Israel ya no deber\u00eda participar en el evento musical\u00bb, ha recogido en su art\u00edculo.<\/p>\n<p class=\"c-paragraph\"><b>\u00abRTVE, la cadena p\u00fablica que organiza la participaci\u00f3n de Espa\u00f1a<\/b>, anunci\u00f3 posteriormente en un comunicado de prensa que el pa\u00eds boicoteaba el evento del pr\u00f3ximo a\u00f1o, que se celebrar\u00e1 en Viena en mayo. La emisora dijo que decidi\u00f3 retirarse despu\u00e9s de solicitar una votaci\u00f3n sobre la suspensi\u00f3n de Israel que no fue aprobada\u00bb, se\u00f1ala este medio, sobre la corporaci\u00f3n p\u00fablica espa\u00f1ola que gestiona la candidatura espa\u00f1ola en el festival.<\/p>\n<p class=\"c-paragraph\">Cuenta el peri\u00f3dico que \u00aba pesar de estar fuera de Europa, Israel ha podido competir en Eurovisi\u00f3n desde 1973 gracias a que KAN, su emisora p\u00fablica, es miembro de la Uni\u00f3n Europea de Radiodifusi\u00f3n. Israel se ha convertido en <b>una de las potencias del concurso, con cuatro victorias\u00bb,<\/b> ha a\u00f1adido.<\/p>\n<p class=\"c-paragraph\">\u00abLos boicots han sumido <b>al concurso de canto m\u00e1s visto del mundo en una nueva crisis,<\/b> con dudas sobre si los aficionados de esos pa\u00edses seguir\u00e1n vi\u00e9ndolo. Dado que Espa\u00f1a es uno de los cinco mayores contribuyentes financieros al concurso, se clasifica autom\u00e1ticamente para la final de cada a\u00f1o\u00bb, ha resaltado el art\u00edculo.<\/p>\n","protected":false},"excerpt":{"rendered":"The New York Times, uno de los peri\u00f3dicos m\u00e1s le\u00eddos en EEUU y todo el mundo, habla del&hellip;\n","protected":false},"author":2,"featured_media":275333,"comment_status":"","ping_status":"","sticky":false,"template":"","format":"standard","meta":{"footnotes":""},"categories":[5],"tags":[17,18,25,24,13,14,4596,11,19,20,5866,9,10,15,16,23,60708,12,21,22,5867],"class_list":{"0":"post-275332","1":"post","2":"type-post","3":"status-publish","4":"format-standard","5":"has-post-thumbnail","7":"category-titulares","8":"tag-breaking-news","9":"tag-breakingnews","10":"tag-es","11":"tag-espana","12":"tag-featured-news","13":"tag-featurednews","14":"tag-habla","15":"tag-headlines","16":"tag-latest-news","17":"tag-latestnews","18":"tag-new","19":"tag-news","20":"tag-noticias","21":"tag-noticias-destacadas","22":"tag-noticiasdestacadas","23":"tag-spain","24":"tag-times","25":"tag-titulares","26":"tag-ultimas-noticias","27":"tag-ultimasnoticias","28":"tag-york"},"share_on_mastodon":{"url":"https:\/\/pubeurope.com\/@es\/115676479679822628","error":""},"_links":{"self":[{"href":"https:\/\/www.europesays.com\/es\/wp-json\/wp\/v2\/posts\/275332","targetHints":{"allow":["GET"]}}],"collection":[{"href":"https:\/\/www.europesays.com\/es\/wp-json\/wp\/v2\/posts"}],"about":[{"href":"https:\/\/www.europesays.com\/es\/wp-json\/wp\/v2\/types\/post"}],"author":[{"embeddable":true,"href":"https:\/\/www.europesays.com\/es\/wp-json\/wp\/v2\/users\/2"}],"replies":[{"embeddable":true,"href":"https:\/\/www.europesays.com\/es\/wp-json\/wp\/v2\/comments?post=275332"}],"version-history":[{"count":0,"href":"https:\/\/www.europesays.com\/es\/wp-json\/wp\/v2\/posts\/275332\/revisions"}],"wp:featuredmedia":[{"embeddable":true,"href":"https:\/\/www.europesays.com\/es\/wp-json\/wp\/v2\/media\/275333"}],"wp:attachment":[{"href":"https:\/\/www.europesays.com\/es\/wp-json\/wp\/v2\/media?parent=275332"}],"wp:term":[{"taxonomy":"category","embeddable":true,"href":"https:\/\/www.europesays.com\/es\/wp-json\/wp\/v2\/categories?post=275332"},{"taxonomy":"post_tag","embeddable":true,"href":"https:\/\/www.europesays.com\/es\/wp-json\/wp\/v2\/tags?post=275332"}],"curies":[{"name":"wp","href":"https:\/\/api.w.org\/{rel}","templated":true}]}}