{"id":275344,"date":"2025-12-07T05:06:10","date_gmt":"2025-12-07T05:06:10","guid":{"rendered":"https:\/\/www.europesays.com\/es\/275344\/"},"modified":"2025-12-07T05:06:10","modified_gmt":"2025-12-07T05:06:10","slug":"recomendaciones-de-los-medicos-para-que-la-gripe-no-vaya-a-peor","status":"publish","type":"post","link":"https:\/\/www.europesays.com\/es\/275344\/","title":{"rendered":"Recomendaciones de los m\u00e9dicos para que la gripe no vaya a peor"},"content":{"rendered":"<p>La <strong>Sociedad Espa\u00f1ola de M\u00e9dicos de Atenci\u00f3n Primaria<\/strong> (SEMERGEN) acaba de hacer un llamamiento a las autoridades para que se <strong>refuercen las medidas de prevenci\u00f3n<\/strong>, en un intento de reducir el riesgo de contagios de <a href=\"https:\/\/okdiario.com\/salud\/aviso-epidemiologico-repuntan-casos-virus-respiratorios-ninos-vuelve-covid-15392203\" target=\"_blank\" rel=\"noopener noreferrer nofollow\">virus respiratorios<\/a>, adem\u00e1s de una respuesta coordinada con criterios homog\u00e9neos en todo el territorio nacional.<\/p>\n<p>Los sistemas de vigilancia muestran que en Espa\u00f1a <strong>la tasa de casos<\/strong> de esta temporada, que abarca el final de este a\u00f1o y los comienzos del 2026 <strong>est\u00e1 muy por encima de la que se registraba en las mismas fechas del a\u00f1o pasado, <\/strong>por lo que va a ser una temporada particularmente compleja.<\/p>\n<p>Las consultas por este tipo de infecciones est\u00e1 creando <strong>tensi\u00f3n asistencial<\/strong> en las consultas de Atenci\u00f3n Primaria y, seg\u00fan informa esta sociedad cient\u00edfica, las p<strong>oblaciones m\u00e1s afectadas son ni\u00f1os<\/strong>, <strong>personas mayores<\/strong> y quienes viven con <strong>enfermedades cr\u00f3nicas.<\/strong><\/p>\n<p>De acuerdo con los expertos del Grupo de Trabajo de Infecciones, Migrante, Vacunas y Actividades Preventivas (IMVAP) y el Grupo de Trabajo de Respiratorio de SEMERGEN, <strong>las temperaturas inusualmente<\/strong><br \/><strong>oscilantes de este oto\u00f1o son la causa de este repunte.<\/strong><\/p>\n<p>La prevenci\u00f3n est\u00e1 en la vacuna<\/p>\n<p>El Sistema de Vigilancia de Infecciones Respiratorias Agudas (SiVIRA) ha identificado el virus de la gripe A (H3N2) como variedad predominante.<br \/>El pico m\u00e1s temprano puede hacer que <strong>la temporada sea m\u00e1s prolongada o las oleadas de contagios m\u00e1s numerosas<\/strong>, aunque dependen tambi\u00e9n de la climatolog\u00eda y la movilidad de la poblaci\u00f3n durante las vacaciones de Navidad, indican los expertos de SEMERGEN. <strong>Un elemento clave ser\u00e1 la cobertura vacunal.<\/strong><\/p>\n<p>La sociedad que representa a los m\u00e9dicos de cabecera pide a las autoridades preparar adecuadamente a los centros de salud y garantizar recursos suficientes, incluyendo la disponibilidad de <strong>pruebas de diagn\u00f3stico que permitan diferenciar gripe, covid-19 y virus respiratorio sincitial (VRS) de otros virus respiratorios<\/strong>, pero la principal herramienta preventiva ser\u00e1n las vacunas, insisten.<\/p>\n<p>Una de las tareas de los m\u00e9dicos es informar a la poblaci\u00f3n sobre la <strong>importancia de las vacunas, sobre todo para los grupos de riesgo. <\/strong>El Comit\u00e9 Asesor de Vacunas insiste en la importancia de <strong>conseguir coberturas elevadas de vacunaci\u00f3n antigripal esta temporada.<\/strong> Los objetivos que el Ministerio de Sanidad ha propuesto son una cobertura del 75% entre las personas de 65 o m\u00e1s a\u00f1os de edad y entre los profesionales de los centros sanitarios y sociosanitarios; del 60% entre las mujeres embarazadas y las personas pertenecientes a los grupos de riesgo y del 60% para los ni\u00f1os de 6 a 59 meses.<\/p>\n<p>En SEMERGEN, recuerdan: \u00abDebemos tomarnos el tiempo necesario para revisar el calendario vacunal de todos nuestros pacientes y transmitirles confianza, ya que <strong>las vacunas han demostrado sobradamente su eficacia y seguridad\u00bb<\/strong> e insisten en la necesidad de mantener actualizada la vacunaci\u00f3n frente a todas las infecciones prevenibles- incluida la vacuna frente al covid en los grupos de poblaci\u00f3n de m\u00e1s de 70 a\u00f1os o personas con patolog\u00edas cr\u00f3nicas, cuyas tasas de vacunaci\u00f3n est\u00e1n disminuyendo por la menor percepci\u00f3n del riesgo-, para <strong>reducir de forma significativa las posibles complicaciones graves<\/strong>, especialmente en personas mayores, pacientes cr\u00f3nicos e inmunodeprimidos.<\/p>\n<p>Asimismo, indican que <strong>una cobertura vacunal adecuada ayuda a evitar la saturaci\u00f3n de las consultas y los servicios de urgencias<\/strong>, especialmente en los periodos epid\u00e9micos, cuando la demanda asistencial aumenta de manera notable.<\/p>\n<p>La <strong>vacuna antigripal tarda aproximadamente 14 d\u00edas en ofrecer protecci\u00f3n<\/strong>, por lo que inmunizarse cuanto antes contribuye a reducir el riesgo de infecci\u00f3n.<\/p>\n","protected":false},"excerpt":{"rendered":"La Sociedad Espa\u00f1ola de M\u00e9dicos de Atenci\u00f3n Primaria (SEMERGEN) acaba de hacer un llamamiento a las autoridades para&hellip;\n","protected":false},"author":2,"featured_media":275345,"comment_status":"","ping_status":"","sticky":false,"template":"","format":"standard","meta":{"footnotes":""},"categories":[92],"tags":[25,24,165,166,23],"class_list":{"0":"post-275344","1":"post","2":"type-post","3":"status-publish","4":"format-standard","5":"has-post-thumbnail","7":"category-salud","8":"tag-es","9":"tag-espana","10":"tag-health","11":"tag-salud","12":"tag-spain"},"share_on_mastodon":{"url":"https:\/\/pubeurope.com\/@es\/115676550470328505","error":""},"_links":{"self":[{"href":"https:\/\/www.europesays.com\/es\/wp-json\/wp\/v2\/posts\/275344","targetHints":{"allow":["GET"]}}],"collection":[{"href":"https:\/\/www.europesays.com\/es\/wp-json\/wp\/v2\/posts"}],"about":[{"href":"https:\/\/www.europesays.com\/es\/wp-json\/wp\/v2\/types\/post"}],"author":[{"embeddable":true,"href":"https:\/\/www.europesays.com\/es\/wp-json\/wp\/v2\/users\/2"}],"replies":[{"embeddable":true,"href":"https:\/\/www.europesays.com\/es\/wp-json\/wp\/v2\/comments?post=275344"}],"version-history":[{"count":0,"href":"https:\/\/www.europesays.com\/es\/wp-json\/wp\/v2\/posts\/275344\/revisions"}],"wp:featuredmedia":[{"embeddable":true,"href":"https:\/\/www.europesays.com\/es\/wp-json\/wp\/v2\/media\/275345"}],"wp:attachment":[{"href":"https:\/\/www.europesays.com\/es\/wp-json\/wp\/v2\/media?parent=275344"}],"wp:term":[{"taxonomy":"category","embeddable":true,"href":"https:\/\/www.europesays.com\/es\/wp-json\/wp\/v2\/categories?post=275344"},{"taxonomy":"post_tag","embeddable":true,"href":"https:\/\/www.europesays.com\/es\/wp-json\/wp\/v2\/tags?post=275344"}],"curies":[{"name":"wp","href":"https:\/\/api.w.org\/{rel}","templated":true}]}}