{"id":275350,"date":"2025-12-07T05:11:08","date_gmt":"2025-12-07T05:11:08","guid":{"rendered":"https:\/\/www.europesays.com\/es\/275350\/"},"modified":"2025-12-07T05:11:08","modified_gmt":"2025-12-07T05:11:08","slug":"si-hay-que-repetir-elecciones-se-repiten","status":"publish","type":"post","link":"https:\/\/www.europesays.com\/es\/275350\/","title":{"rendered":"\u00abSi hay que repetir elecciones, se repiten\u00bb"},"content":{"rendered":"<p style=\"\"><strong>\u00abCada vez que cedemos ante Vox<\/strong>, cada vez que nos arrodillamos, <strong>perdemos\u00bb<\/strong>. La reflexi\u00f3n, de un presidente auton\u00f3mico del PP que acudi\u00f3 al Congreso en el <a href=\"https:\/\/www.abc.es\/espana\/sanchez-asume-responsabilidad-salazar-primera-persona-20251206135757-nt.html\" target=\"_self\" data-voc-vtm-id=\"in-text-traffic\" title=\"D\u00eda de la Constituci\u00f3n\" data-mrf-link=\"www.abc.es\" rel=\"nofollow noopener\">D\u00eda de la Constituci\u00f3n<\/a>, resume la sensaci\u00f3n que se ha ido extendiendo en todos los  &#8230; rincones del partido. Un sentimiento de \u00abhasta aqu\u00ed\u00bb ante un rival, el m\u00e1s peligroso que han tenido nunca por la derecha, que no deja de crecer en las encuestas. Y que, a la vista de la campa\u00f1a en Extremadura y los mensajes de Santiago Abascal, no ser\u00e1 f\u00e1cil de detener. <\/p>\n<p class=\"voc-p\" style=\"\">Alberto N\u00fa\u00f1ez Feij\u00f3o no dud\u00f3 en responder a la amenaza del l\u00edder de Vox, que estos d\u00edas ha llegado a afirmar que podr\u00eda exigir que Mar\u00eda Guardiola diera un paso al lado para garantizar la presidencia de Extremadura al PP. El l\u00edder conservador no solo blind\u00f3 a la presidenta de la Junta, sino que desde\u00f1\u00f3 el envite de su principal competidor pregunt\u00e1ndose si realmente era una broma el planteamiento. Otros presidentes auton\u00f3micos fueron todav\u00eda menos prudentes: \u00abNos piden que quitemos a una presidenta auton\u00f3mica. Y que cambiemos la candidatura de la persona que va a ganar las elecciones por mucho. Ver para no creer\u00bb, afirmaba un bar\u00f3n de peso del PP. \u00abYo tengo claro que<strong> hay que ir hasta el final. Y si hay que repetir elecciones, se repiten<\/strong>. Pero ya est\u00e1 bien. Que explique Vox por qu\u00e9 impide a los presidentes del PP gobernar\u00bb, lanzaba otro dirigente territorial.<\/p>\n<p class=\"voc-p\" style=\"\">Ese \u00abya est\u00e1 bien\u00bb lo encarnaron pr\u00e1cticamente todos los l\u00edderes auton\u00f3micos que desfilaron este s\u00e1bado por el Congreso. Coincidieron en que el <strong>\u00abobjetivo de Vox es ir a por el PP\u00bb<\/strong> y alguno anticip\u00f3 que \u00absu error, como le ocurri\u00f3 a Ciudadanos, es pensar que pueden llegar a sustituirnos\u00bb. Y eso, continu\u00f3 un presidente auton\u00f3mico, \u00abno va a ocurrir\u00bb. Todas las miradas est\u00e1n centradas en Extremadura porque ser\u00e1 el momento en el que realmente el partido calibre la fuerza de Vox en este <a href=\"https:\/\/www.abc.es\/espana\/pp-vox-reactivan-batalla-derecha-tras-zanjar-20251201191442-nt.html\" target=\"_self\" data-voc-vtm-id=\"in-text-traffic\" title=\"nuevo ciclo electoral\" data-mrf-link=\"www.abc.es\" rel=\"nofollow noopener\">nuevo ciclo electoral<\/a>. De esos resultados dependen muchas cosas. Y, sin duda, condicionar\u00e1n el resto de citas auton\u00f3micas: Castilla y Le\u00f3n y Andaluc\u00eda, y casi con toda seguridad Arag\u00f3n.<\/p>\n<p>\nArag\u00f3n, a punto\n<\/p>\n<p class=\"voc-p\" style=\"\">El presidente de esta comunidad, Jorge Azc\u00f3n, confirm\u00f3 tambi\u00e9n este 6 de diciembre que en los pr\u00f3ximos d\u00edas habr\u00e1 una decisi\u00f3n en firme sobre sus elecciones. ABC ya public\u00f3 <a href=\"https:\/\/www.abc.es\/espana\/varias-comunidades-pp-sopesan-adelantar-elecciones-2026-20250929182414-nt.html\" target=\"_self\" data-voc-vtm-id=\"in-text-traffic\" title=\"hace dos meses\" data-mrf-link=\"www.abc.es\" rel=\"nofollow noopener\">hace dos meses<\/a> que sopesaba un adelanto electoral, igual que Guardiola, por no tener presupuestos. Ser\u00e1 en los pr\u00f3ximos d\u00edas cuando se vea con los grupos parlamentarios y tenga la certeza de si Vox le va a tumbar las cuentas p\u00fablicas. Si es as\u00ed se confirmar\u00e1 el adelanto y<strong> los aragoneses ir\u00edan a las urnas en el mes de febrero<\/strong>. <\/p>\n<p class=\"voc-p\" style=\"\">Este goteo de elecciones, insistieron los presidentes auton\u00f3micos, \u00abfortalecer\u00e1\u00bb al PP y \u00abconfirmar\u00e1 la descomposici\u00f3n del PSOE\u00bb. En el partido de Feij\u00f3o est\u00e1n convencidos de que en todas las autonom\u00edas se confirmar\u00e1 el proceso de derechizaci\u00f3n total -la suma de PP y Vox va a ser muy alta- y descuentan una ca\u00edda en picado de apoyos en el caso de los socialistas. Con todo, ninguno augur\u00f3 que Pedro S\u00e1nchez pueda pensar en adelantarlas. No tienen dudas de que el presidente <strong>\u00abmira solo por la situaci\u00f3n judicial de su entorno\u00bb<\/strong> y <strong>\u00abno le ha importado sacrificar a su partido\u00bb<\/strong>. En Extremadura, manteniendo a Miguel \u00c1ngel Gallardo, a pesar de estar al borde del banquillo. Y en Arag\u00f3n -si se confirma- y Andaluc\u00eda con las dos ministras m\u00e1s expuestas, Pilar Alegr\u00eda y Mar\u00eda Jes\u00fas Montero. <\/p>\n<p class=\"voc-title\">\u00abEs el Gobierno que m\u00e1s ha atacado nunca la Constituci\u00f3n\u00bb<\/p>\n<p class=\"voc-article-position__name\">Alberto N\u00fa\u00f1ez Feij\u00f3o<\/p>\n<p class=\"voc-article-position__employ\">Presidente del PP<\/p>\n<p class=\"voc-p\" style=\"\">Feij\u00f3o tambi\u00e9n aprovech\u00f3 el D\u00eda de la Constituci\u00f3n para ajustar cuentas. Primero, arremeti\u00f3 duramente contra S\u00e1nchez, al que acus\u00f3 de encabezar el Gobierno \u00abque m\u00e1s ha atacado\u00bb la Carta Magna en sus 47 a\u00f1os de vigencia, comprometi\u00e9ndose a iniciar \u00abuna \u00e9poca restituyente\u00bb si llega a la Moncloa. En conversaci\u00f3n informal con periodistas tambi\u00e9n dej\u00f3 claro que, en su opini\u00f3n, Abascal -que se ausent\u00f3 del acto, como del resto de grandes d\u00edas institucionales-<a href=\"https:\/\/www.abc.es\/espana\/feijoo-alerta-sobre-vox-jugando-peligrosas-20251206144611-nt.html\" target=\"_self\" data-voc-vtm-id=\"in-text-traffic\" title=\" \u00abest\u00e1 jugando a cosas muy peligrosas\u00bb.\" data-mrf-link=\"www.abc.es\" rel=\"nofollow noopener\"> \u00abest\u00e1 jugando a cosas muy peligrosas\u00bb.<\/a><\/p>\n","protected":false},"excerpt":{"rendered":"\u00abCada vez que cedemos ante Vox, cada vez que nos arrodillamos, perdemos\u00bb. La reflexi\u00f3n, de un presidente auton\u00f3mico&hellip;\n","protected":false},"author":2,"featured_media":275351,"comment_status":"","ping_status":"","sticky":false,"template":"","format":"standard","meta":{"footnotes":""},"categories":[8],"tags":[17,18,42202,4374,25,24,13,14,11,19,20,9,10,15,16,956,13902,21734,23,12,21,22,624],"class_list":{"0":"post-275350","1":"post","2":"type-post","3":"status-publish","4":"format-standard","5":"has-post-thumbnail","7":"category-espana","8":"tag-breaking-news","9":"tag-breakingnews","10":"tag-conjura","11":"tag-elecciones","12":"tag-es","13":"tag-espana","14":"tag-featured-news","15":"tag-featurednews","16":"tag-headlines","17":"tag-latest-news","18":"tag-latestnews","19":"tag-news","20":"tag-noticias","21":"tag-noticias-destacadas","22":"tag-noticiasdestacadas","23":"tag-pp","24":"tag-repetir","25":"tag-repiten","26":"tag-spain","27":"tag-titulares","28":"tag-ultimas-noticias","29":"tag-ultimasnoticias","30":"tag-vox"},"share_on_mastodon":{"url":"https:\/\/pubeurope.com\/@es\/115676570341338416","error":""},"_links":{"self":[{"href":"https:\/\/www.europesays.com\/es\/wp-json\/wp\/v2\/posts\/275350","targetHints":{"allow":["GET"]}}],"collection":[{"href":"https:\/\/www.europesays.com\/es\/wp-json\/wp\/v2\/posts"}],"about":[{"href":"https:\/\/www.europesays.com\/es\/wp-json\/wp\/v2\/types\/post"}],"author":[{"embeddable":true,"href":"https:\/\/www.europesays.com\/es\/wp-json\/wp\/v2\/users\/2"}],"replies":[{"embeddable":true,"href":"https:\/\/www.europesays.com\/es\/wp-json\/wp\/v2\/comments?post=275350"}],"version-history":[{"count":0,"href":"https:\/\/www.europesays.com\/es\/wp-json\/wp\/v2\/posts\/275350\/revisions"}],"wp:featuredmedia":[{"embeddable":true,"href":"https:\/\/www.europesays.com\/es\/wp-json\/wp\/v2\/media\/275351"}],"wp:attachment":[{"href":"https:\/\/www.europesays.com\/es\/wp-json\/wp\/v2\/media?parent=275350"}],"wp:term":[{"taxonomy":"category","embeddable":true,"href":"https:\/\/www.europesays.com\/es\/wp-json\/wp\/v2\/categories?post=275350"},{"taxonomy":"post_tag","embeddable":true,"href":"https:\/\/www.europesays.com\/es\/wp-json\/wp\/v2\/tags?post=275350"}],"curies":[{"name":"wp","href":"https:\/\/api.w.org\/{rel}","templated":true}]}}