{"id":27536,"date":"2025-08-05T16:02:08","date_gmt":"2025-08-05T16:02:08","guid":{"rendered":"https:\/\/www.europesays.com\/es\/27536\/"},"modified":"2025-08-05T16:02:08","modified_gmt":"2025-08-05T16:02:08","slug":"avatar-fuego-y-ceniza-cambia-de-villano-y-da-un-palo-a-la-saga-de-ciencia-ficcion-entendemos-la-expectacion-de-disney-vandal","status":"publish","type":"post","link":"https:\/\/www.europesays.com\/es\/27536\/","title":{"rendered":"&#039;Avatar: Fuego y ceniza&#039; cambia de villano y da un palo a la saga de ciencia ficci\u00f3n: entendemos la expectaci\u00f3n de Disney &#8211; Vandal"},"content":{"rendered":"<ol>\n<li><a href=\"https:\/\/news.google.com\/rss\/articles\/CBMi9wFBVV95cUxOZ3RSM3d6dTZnSkYzb0dvQVN3WlhQQkZ4bmk2Ul8tSk5mWjlCUW9fZDBBSWdlZGVYcUlRbTlNX09lUDdVbzRVbzdHOEZsWlFCcWM5NTlEcDFfakQ1QzNuMF8xbmJjQ2RwYnhubGczQk9jbjc4QkNraEZPX1ZOZTFWOXhReW1iRk45MnRCOHhyMTNyQzZZZ0tCWXhwQU4yaElLZk5ubEY1LURXcUhoUmZBYW9FUHF1eUFvRHVSVUtrT1EzXy0yWEstTjhjdUxOeFJYNFN3Zm4yN2s2NjdQdlhqMFk0VjBSX3NKQlhydWZVV1laQnduRFhj0gH8AUFVX3lxTE92bWsxcXZsclpBMi1CdzJFVHJpX21DeEV6VldTcDl3X1FZVjBzUVpxamRZMF9XdmxSUFhudjhoUmU5UnFYUnBDcENLOHJDVVpDaENteG54TXlieGFaeTZTWUVtMDFzczFIbERrZk5kdkh1T1lVQ29zZTBob095bDZxT1ZNc2RJa0RWaDZnVnFTVEdud1Q0anZpbDQzNEZ5bXNBWjkzMno2WjM2UGhvUEdrdFh2WmFZVUxCdHZHU0VmNnVpRk16dUlPLWdOQ1NxNzh4RXpFTHRjU3Q3NElxZ3NCaU44YXBGbXdVN0ZNT3hOcWFkQ3Nmc3FsbnRVRQ?oc=5\" target=\"_blank\" rel=\"nofollow noopener\">&#8216;Avatar: Fuego y ceniza&#8217; cambia de villano y da un palo a la saga de ciencia ficci\u00f3n: entendemos la expectaci\u00f3n de Disney<\/a>&nbsp;&nbsp;Vandal<\/li>\n<li><a href=\"https:\/\/news.google.com\/rss\/articles\/CBMia0FVX3lxTFByRnFaT3hmekNFNmwtU3NLRnM5WHdHTjdOQlgxbXZvbUZVc0V3X3BobkFvZHlMTU45c1hMZmY3U09vRFVrX21POUQ5NDBieXg2OTB2UjlRTlVMb19VWUJsaXhQcFZHU1VyMTQw0gFwQVVfeXFMTWdmVWFRbVhZR3ZXcmNCbzhTaTcwRjJOWlp6Y2k4aTN2RVdmd2VOUzFySVBiSWtkYXk5bmlOLUJmcHR3S0c1aWFaNlc3MVFLNzI1eUFTVGFiVjRaQWk1V1Z4RmNuS1l2SkxRQW95d0JKMg?oc=5\" target=\"_blank\" rel=\"nofollow noopener\">En menos de cinco meses llega a cines la pel\u00edcula que podr\u00eda marcar la historia: la continuaci\u00f3n de la saga m\u00e1s taquillera<\/a>&nbsp;&nbsp;SensaCine<\/li>\n<li><a href=\"https:\/\/news.google.com\/rss\/articles\/CBMi-gFBVV95cUxQSU1VTGJWT0oyZm15RHNNZ3NXRFFIRGltc19jMnEwQU40aGtINHFMcGdFaWpGbHhVVjRTcDQ3amw0bU4yM21QVVZaR1R0eUVjbHFGeG13czRJc0ZRdm5NM00zbzFGSzR0aW5aUDBYRWl6RXZpMUxCT0YySlpQTWM5SjhOZkdGenVjRTN5ODMzVkk5UzY3QWpnN3ExOE5FR2hvdjNFLTFIT2liQ2NXbUtsdUZDQVBkb1ZkRnBva2xKRllRY2drMExOYmZQNmlpNWhFNEFpR1FobmFSQnBtdm9DeWlGYmYyTFE3ZHNzcXZPdy1WQnE2V1lmV0dB0gH6AUFVX3lxTE1xWUt5TXJEZ3BUTHMydUUyNVdHdXFLYlAyY182b0hiby1kWTg1X0ZrVHBtQlBLdnNVS3NoZFVENFdJQW5iLWloY2U5LXlDNzVILWYtVWJCOXFEQUllMjRJWWVmcm9KU1FpWEtSSUZNdEozRjEwb3lBRGEzS1o3cmY0b0dLWEpjN1NDMUlydGJnbnBhVjBzcnFYb0VXWS1zNDdFQkFCUEZUS2xGR21LWEh6S0dvWTV5YXJhSGNjckNtUlU3UjdnLWt6Rkt3VkhzXzRpa0ZhZVVUMjJtZ2FRdlBLUTM0XzNVZ3J1ekJZU2tGUHhTaFVuNEM2Qnc?oc=5\" target=\"_blank\" rel=\"nofollow noopener\">Alberto Rey analiza el tr\u00e1iler de &#8216;Avatar: Fuego y ceniza&#8217;: \u00abNos van a hacer la misma pel\u00edcula un<\/a>&nbsp;&nbsp;LaSexta<\/li>\n<li><a href=\"https:\/\/news.google.com\/rss\/articles\/CBMi1AFBVV95cUxQLTFqYTRRcjJPYTBXTnhFeFlxNndhMkhuWjVrX2tXc2VYR19BVTNfbm5wVGlOWklCZVBHWG5NdWZyalYtWTgzY3Nnb3BHNV9fRWlPM0NQMTdvNWpsaUI0ZWNCNzdSbHlWVHFMTExJQWh4VkstMGtvZ0Y3MHhQaW9JRnByTGJGRVpkYXZZbWJBQ2IwVmNPZU5jcHZZdFRnbUhKblQ2Ny1TOHN1aDNzYXZqTVhWQUZhcm9NaktrS19qT0V0Q3lyWGtiTTM3UWd2UUhoM0toZg?oc=5\" target=\"_blank\" rel=\"nofollow noopener\">&#8216;Avatar 3&#8217; da un giro de 180\u00ba a la saga de James Cameron: \u00abQuiz\u00e1 haya otros factores que desconocemos\u00bb<\/a>&nbsp;&nbsp;20Minutos<\/li>\n<li><a href=\"https:\/\/news.google.com\/rss\/articles\/CBMiywFBVV95cUxOSjlzRy1UWEtja3NUbWVmZUMzRkZiY3YwYTAyYmhtbzRXOFNKOU9KOFNDaTFydnRuVXg4bE1YQWliY0JVR3dDR2VWUUFmakZoQVctdkhFMHRlaDdPQ0RlTGFsTGNERVJhbWlTZFlIUWlTbGdob0VDVFN3NzRnbldkUjRhSUpFWkJWdDdONUZMZ0ozM1ozY3lndGVHY285RDlhM0pPVVZrOEtRV2lyUFF0SHNEOENXZ2tYb3RwZHVUbV9PdTJvek5zdFl3RQ?oc=5\" target=\"_blank\" rel=\"nofollow noopener\">Sam Worthington habla sobre la evoluci\u00f3n de su personaje, Jake Sully, en Avatar 3<\/a>&nbsp;&nbsp;Gamereactor<\/li>\n<\/ol>\n","protected":false},"excerpt":{"rendered":"&#8216;Avatar: Fuego y ceniza&#8217; cambia de villano y da un palo a la saga de ciencia ficci\u00f3n: entendemos&hellip;\n","protected":false},"author":2,"featured_media":27537,"comment_status":"","ping_status":"","sticky":false,"template":"","format":"standard","meta":{"footnotes":""},"categories":[169],"tags":[177,146,147,25,24,2065,176,175,23],"class_list":{"0":"post-27536","1":"post","2":"type-post","3":"status-publish","4":"format-standard","5":"has-post-thumbnail","7":"category-cine","8":"tag-cine","9":"tag-entertainment","10":"tag-entretenimiento","11":"tag-es","12":"tag-espana","13":"tag-faltan-tags","14":"tag-film","15":"tag-movies","16":"tag-spain"},"share_on_mastodon":{"url":"","error":""},"_links":{"self":[{"href":"https:\/\/www.europesays.com\/es\/wp-json\/wp\/v2\/posts\/27536","targetHints":{"allow":["GET"]}}],"collection":[{"href":"https:\/\/www.europesays.com\/es\/wp-json\/wp\/v2\/posts"}],"about":[{"href":"https:\/\/www.europesays.com\/es\/wp-json\/wp\/v2\/types\/post"}],"author":[{"embeddable":true,"href":"https:\/\/www.europesays.com\/es\/wp-json\/wp\/v2\/users\/2"}],"replies":[{"embeddable":true,"href":"https:\/\/www.europesays.com\/es\/wp-json\/wp\/v2\/comments?post=27536"}],"version-history":[{"count":0,"href":"https:\/\/www.europesays.com\/es\/wp-json\/wp\/v2\/posts\/27536\/revisions"}],"wp:featuredmedia":[{"embeddable":true,"href":"https:\/\/www.europesays.com\/es\/wp-json\/wp\/v2\/media\/27537"}],"wp:attachment":[{"href":"https:\/\/www.europesays.com\/es\/wp-json\/wp\/v2\/media?parent=27536"}],"wp:term":[{"taxonomy":"category","embeddable":true,"href":"https:\/\/www.europesays.com\/es\/wp-json\/wp\/v2\/categories?post=27536"},{"taxonomy":"post_tag","embeddable":true,"href":"https:\/\/www.europesays.com\/es\/wp-json\/wp\/v2\/tags?post=27536"}],"curies":[{"name":"wp","href":"https:\/\/api.w.org\/{rel}","templated":true}]}}