{"id":275368,"date":"2025-12-07T05:34:12","date_gmt":"2025-12-07T05:34:12","guid":{"rendered":"https:\/\/www.europesays.com\/es\/275368\/"},"modified":"2025-12-07T05:34:12","modified_gmt":"2025-12-07T05:34:12","slug":"el-exgobernador-y-opositor-venezolano-alfredo-diaz-muere-en-prision-tras-estar-detenido-durante-un-ano","status":"publish","type":"post","link":"https:\/\/www.europesays.com\/es\/275368\/","title":{"rendered":"El exgobernador y opositor venezolano Alfredo D\u00edaz muere en prisi\u00f3n tras estar detenido durante un a\u00f1o"},"content":{"rendered":"<p>      CNN Espa\u00f1ol<br \/>\n        \u00a0\u2014\u00a0<\/p>\n<p class=\"paragraph inline-placeholder vossi-paragraph\" data-uri=\"es.cms.cnn.com\/_components\/paragraph\/instances\/cmiv0pas1005n27qm0enocvt9@published\" data-editable=\"text\" data-component-name=\"paragraph\" data-article-gutter=\"true\">\n            Alfredo D\u00edaz, dirigente pol\u00edtico opositor de Venezuela, muri\u00f3 en prisi\u00f3n tras estar detenido durante un a\u00f1o, dijo a CNN este s\u00e1bado Alejandra Mar\u00eda D\u00edaz, su hija.\n    <\/p>\n<p class=\"paragraph inline-placeholder vossi-paragraph\" data-uri=\"es.cms.cnn.com\/_components\/paragraph\/instances\/cmiv1za0600083j6qzmqo559o@published\" data-editable=\"text\" data-component-name=\"paragraph\" data-article-gutter=\"true\">\n            El exgobernador del estado Nueva Esparta, de 56 a\u00f1os, estaba privado de su libertad desde noviembre de 2024. Se encontraba en la sede del Servicio Bolivariano de Inteligencia Nacional (Sebin), conocida como El Helicoide, a la que fue llevado acusado de conspiraci\u00f3n, un cargo que su familia y sus abogados rechazaron desde entonces. Su familia y sus abogados tambi\u00e9n dicen que no ten\u00eda un debido proceso y que no pod\u00edan tener comunicaci\u00f3n constante con \u00e9l.\n    <\/p>\n<p class=\"paragraph inline-placeholder vossi-paragraph\" data-uri=\"es.cms.cnn.com\/_components\/paragraph\/instances\/cmiv1za0600093j6qq7nr8kn0@published\" data-editable=\"text\" data-component-name=\"paragraph\" data-article-gutter=\"true\">\n            La hija de D\u00edaz tambi\u00e9n dijo que las autoridades les informaron que muri\u00f3 de un infarto y que la familia considera que no tuvo acceso a atenci\u00f3n m\u00e9dica.\n    <\/p>\n<p class=\"paragraph inline-placeholder vossi-paragraph\" data-uri=\"es.cms.cnn.com\/_components\/paragraph\/instances\/cmiv1za06000a3j6qd2bijeso@published\" data-editable=\"text\" data-component-name=\"paragraph\" data-article-gutter=\"true\">\n            CNN se contact\u00f3 con el Ministerio para la Comunicaci\u00f3n y la Informaci\u00f3n del Gobierno de Venezuela para pedir m\u00e1s informaci\u00f3n sobre el fallecimiento y comentarios sobre las declaraciones de los familiares de D\u00edaz, y est\u00e1 a la espera de respuesta.\n    <\/p>\n<p class=\"paragraph inline-placeholder vossi-paragraph\" data-uri=\"es.cms.cnn.com\/_components\/paragraph\/instances\/cmiv1za06000b3j6qbrz23mrs@published\" data-editable=\"text\" data-component-name=\"paragraph\" data-article-gutter=\"true\">\n            M\u00e1s tarde, el Ministerio para el Servicio Penitenciario <a href=\"https:\/\/www.instagram.com\/p\/DR8P2SWj7km\/\" target=\"_blank\" rel=\"nofollow noopener\">public\u00f3 un comunicado<\/a> en el que confirm\u00f3 la muerte de D\u00edaz. Seg\u00fan el Ministerio, durante la ma\u00f1ana de este s\u00e1bado D\u00edaz tuvo s\u00edntomas correspondientes a un infarto y fue llevado a un hospital, donde muri\u00f3 minutos despu\u00e9s.\n    <\/p>\n<p class=\"paragraph inline-placeholder vossi-paragraph\" data-uri=\"es.cms.cnn.com\/_components\/paragraph\/instances\/cmiv1za06000c3j6qox55ein3@published\" data-editable=\"text\" data-component-name=\"paragraph\" data-article-gutter=\"true\">\n            \u201c(Fue) auxiliado por sus compa\u00f1eros de recinto, e inmediatamente fue atendida la emergencia por el emergenci\u00f3logo y param\u00e9dico de guardia de dicha unidad, quienes le prestaron la atenci\u00f3n m\u00e9dica primaria\u201d, dijo el Ministerio.\n    <\/p>\n<p class=\"paragraph inline-placeholder vossi-paragraph\" data-uri=\"es.cms.cnn.com\/_components\/paragraph\/instances\/cmiv1za06000d3j6qv9k0g9ty@published\" data-editable=\"text\" data-component-name=\"paragraph\" data-article-gutter=\"true\">\n            \u201cEstaba siendo procesado, con plena garant\u00eda de sus derechos, de acuerdo al ordenamiento jur\u00eddico y al respeto de los derechos humanos y su defensa jur\u00eddica\u201d, agreg\u00f3, en una declaraci\u00f3n que contrasta con las de su familia.\n    <\/p>\n<p class=\"paragraph inline-placeholder vossi-paragraph\" data-uri=\"es.cms.cnn.com\/_components\/paragraph\/instances\/cmiv1za06000e3j6q1nazkxfc@published\" data-editable=\"text\" data-component-name=\"paragraph\" data-article-gutter=\"true\">\n            D\u00edaz, un reconocido l\u00edder regional y dirigente del partido opositor Acci\u00f3n Democr\u00e1tica, fue gobernador del estado Nueva Esparta, alcalde de Mari\u00f1o y concejal. Su muerte ha generado varias reacciones a lo largo de este s\u00e1bado.\n    <\/p>\n<p class=\"paragraph inline-placeholder vossi-paragraph\" data-uri=\"es.cms.cnn.com\/_components\/paragraph\/instances\/cmiv1za06000f3j6q1dyqluj4@published\" data-editable=\"text\" data-component-name=\"paragraph\" data-article-gutter=\"true\">\n            \u201cConfirmamos que la familia de Alfredo D\u00edaz ha sido notificada de su muerte mientras se encontraba bajo custodia en El Helicoide\u201d, dijo Gonzalo Himiob, vicepresidente de la ONG dedicada a la defensa de los derechos humanos Foro Penal,<a href=\"https:\/\/x.com\/HimiobSantome\/status\/1997333430057513121\" target=\"_blank\" rel=\"nofollow\"> en X<\/a>. Pidi\u00f3 que su muerte se investigue \u201cde manera objetiva e imparcial\u201d.\n    <\/p>\n<p class=\"paragraph inline-placeholder vossi-paragraph\" data-uri=\"es.cms.cnn.com\/_components\/paragraph\/instances\/cmiv1za06000g3j6qcm9r1c2n@published\" data-editable=\"text\" data-component-name=\"paragraph\" data-article-gutter=\"true\">\n            La organizaci\u00f3n defensora de derechos humanos Provea tambi\u00e9n<a href=\"https:\/\/x.com\/_Provea\/status\/1997347654427443508\" target=\"_blank\" rel=\"nofollow\"> habl\u00f3 sobre la muerte<\/a> del dirigente opositor. \u201cCondenamos una nueva muerte, bajo custodia del Estado, de un preso pol\u00edtico venezolano\u201d, dijo, y exigi\u00f3 \u201cuna investigaci\u00f3n inmediata\u201d sobre los hechos.\n    <\/p>\n<p class=\"paragraph inline-placeholder vossi-paragraph\" data-uri=\"es.cms.cnn.com\/_components\/paragraph\/instances\/cmiv1za06000h3j6qp69xwbol@published\" data-editable=\"text\" data-component-name=\"paragraph\" data-article-gutter=\"true\">\n            En<a href=\"https:\/\/cnnespanol.cnn.com\/2025\/11\/27\/venezuela\/maduro-presion-externa-oposicion-represion-quirurgica-orix\" rel=\"nofollow noopener\" target=\"_blank\"> oportunidades anteriores<\/a>, el Gobierno de Venezuela<a href=\"https:\/\/cnnespanol.cnn.com\/2024\/10\/07\/detenidos-elecciones-venezuela-torturas-orix\" rel=\"nofollow noopener\" target=\"_blank\"> ha insistido<\/a> en que a todos los detenidos en el pa\u00eds se les respetan los derechos humanos y el debido proceso, y ha tildado a diversos informes internacionales sobre detenciones arbitrarias de<a href=\"https:\/\/cnnespanol.cnn.com\/2025\/06\/27\/venezuela\/alto-comisionado-onu-expresa-preocupacion-derechos-humanos-orix\" rel=\"nofollow noopener\" target=\"_blank\"> \u201cinjerencistas\u201d<\/a> y a las denuncias de<a href=\"https:\/\/cnnespanol.cnn.com\/2025\/09\/19\/latinoamerica\/desapariciones-forzadas-venezuela-estrategia-deliberada-del-gobierno-dicen-organizaciones-de-dd-hh\" rel=\"nofollow noopener\" target=\"_blank\"> \u201cirresponsables, sesgadas y profundamente polarizadas\u201d.<\/a>\n    <\/p>\n<p class=\"paragraph inline-placeholder vossi-paragraph\" data-uri=\"es.cms.cnn.com\/_components\/paragraph\/instances\/cmiv1za06000j3j6qlque4lci@published\" data-editable=\"text\" data-component-name=\"paragraph\" data-article-gutter=\"true\">\n            Los l\u00edderes opositores Mar\u00eda Corina Machado y Edmundo Gonz\u00e1lez Urrutia lamentaron la muerte de D\u00edaz y dijeron a trav\u00e9s de un comunicado que su caso no representa un hecho aislado.\n    <\/p>\n<p class=\"paragraph inline-placeholder vossi-paragraph\" data-uri=\"es.cms.cnn.com\/_components\/paragraph\/instances\/cmiv20feu000w3j6qo5jquwes@published\" data-editable=\"text\" data-component-name=\"paragraph\" data-article-gutter=\"true\">\n             \u201cLa muerte de Alfredo no es un hecho aislado. Lamentablemente, se suma a una alarmante y dolorosa cadena de fallecimientos de presos pol\u00edticos detenidos en el contexto de la represi\u00f3n post-electoral del 28 de julio\u201d, se\u00f1alaron.\n    <\/p>\n<p class=\"paragraph inline-placeholder vossi-paragraph\" data-uri=\"es.cms.cnn.com\/_components\/paragraph\/instances\/cmiv1za06000k3j6q3ho45evk@published\" data-editable=\"text\" data-component-name=\"paragraph\" data-article-gutter=\"true\">\n            \u201cA su esposa Leynys, a sus hijos, familiares, amigos, compa\u00f1eros de Acci\u00f3n Democr\u00e1tica y a todo el pueblo de Nueva Esparta, les enviamos nuestras m\u00e1s sentidas condolencias y solidaridad en este momento de inmenso dolor. Su p\u00e9rdida nos duele e indigna a todos\u201d, dijeron Machado y Gonz\u00e1lez Urrutia.\n    <\/p>\n<p class=\"paragraph inline-placeholder vossi-paragraph\" data-uri=\"es.cms.cnn.com\/_components\/paragraph\/instances\/cmiv1za06000l3j6qqsxere9i@published\" data-editable=\"text\" data-component-name=\"paragraph\" data-article-gutter=\"true\">\n            El dirigente opositor y l\u00edder de Voluntad Popular, Leopoldo L\u00f3pez,<a href=\"https:\/\/x.com\/leopoldolopez\/status\/1997317838718009798\" target=\"_blank\" rel=\"nofollow\"> dijo en X<\/a> que \u201csu partida nos toca profundamente a quienes caminamos con \u00e9l y compartimos la lucha por la libertad\u201d.\n    <\/p>\n<p>              <script async src=\"\/\/www.instagram.com\/embed.js\"><\/script><\/p>\n","protected":false},"excerpt":{"rendered":"CNN Espa\u00f1ol \u00a0\u2014\u00a0 Alfredo D\u00edaz, dirigente pol\u00edtico opositor de Venezuela, muri\u00f3 en prisi\u00f3n tras estar detenido durante un&hellip;\n","protected":false},"author":2,"featured_media":275369,"comment_status":"","ping_status":"","sticky":false,"template":"","format":"standard","meta":{"footnotes":""},"categories":[42],"tags":[17,18,13,14,11,61,62,63,64,19,20,9,10,15,16,12,21,22,1192,65,66,67],"class_list":{"0":"post-275368","1":"post","2":"type-post","3":"status-publish","4":"format-standard","5":"has-post-thumbnail","7":"category-internacional","8":"tag-breaking-news","9":"tag-breakingnews","10":"tag-featured-news","11":"tag-featurednews","12":"tag-headlines","13":"tag-internacional","14":"tag-international","15":"tag-international-news","16":"tag-internationalnews","17":"tag-latest-news","18":"tag-latestnews","19":"tag-news","20":"tag-noticias","21":"tag-noticias-destacadas","22":"tag-noticiasdestacadas","23":"tag-titulares","24":"tag-ultimas-noticias","25":"tag-ultimasnoticias","26":"tag-venezuela","27":"tag-world","28":"tag-world-news","29":"tag-worldnews"},"share_on_mastodon":{"url":"https:\/\/pubeurope.com\/@es\/115676660722209190","error":""},"_links":{"self":[{"href":"https:\/\/www.europesays.com\/es\/wp-json\/wp\/v2\/posts\/275368","targetHints":{"allow":["GET"]}}],"collection":[{"href":"https:\/\/www.europesays.com\/es\/wp-json\/wp\/v2\/posts"}],"about":[{"href":"https:\/\/www.europesays.com\/es\/wp-json\/wp\/v2\/types\/post"}],"author":[{"embeddable":true,"href":"https:\/\/www.europesays.com\/es\/wp-json\/wp\/v2\/users\/2"}],"replies":[{"embeddable":true,"href":"https:\/\/www.europesays.com\/es\/wp-json\/wp\/v2\/comments?post=275368"}],"version-history":[{"count":0,"href":"https:\/\/www.europesays.com\/es\/wp-json\/wp\/v2\/posts\/275368\/revisions"}],"wp:featuredmedia":[{"embeddable":true,"href":"https:\/\/www.europesays.com\/es\/wp-json\/wp\/v2\/media\/275369"}],"wp:attachment":[{"href":"https:\/\/www.europesays.com\/es\/wp-json\/wp\/v2\/media?parent=275368"}],"wp:term":[{"taxonomy":"category","embeddable":true,"href":"https:\/\/www.europesays.com\/es\/wp-json\/wp\/v2\/categories?post=275368"},{"taxonomy":"post_tag","embeddable":true,"href":"https:\/\/www.europesays.com\/es\/wp-json\/wp\/v2\/tags?post=275368"}],"curies":[{"name":"wp","href":"https:\/\/api.w.org\/{rel}","templated":true}]}}