{"id":275370,"date":"2025-12-07T05:35:38","date_gmt":"2025-12-07T05:35:38","guid":{"rendered":"https:\/\/www.europesays.com\/es\/275370\/"},"modified":"2025-12-07T05:35:38","modified_gmt":"2025-12-07T05:35:38","slug":"no-es-un-chaval-malo-no-se-como-ha-podido-hacer-eso","status":"publish","type":"post","link":"https:\/\/www.europesays.com\/es\/275370\/","title":{"rendered":"\u00abNo es un chaval malo, no s\u00e9 como ha podido hacer eso\u00bb"},"content":{"rendered":"<p style=\"\">El pasado mi\u00e9rcoles saltaron las alarmas en la localidad sevillana de Benacaz\u00f3n cuando empez\u00f3 a circular <strong>un video de dos vecinos menores de edad quemando el pelo a un hombre sin hogar.<\/strong> Ambos agresores han sido ya detenidos y puestos a disposici\u00f3n de la  &#8230; Fiscal\u00eda de Menores. El pueblo ha condenado este indignante acto, en el que las autoridades investigan la <strong>posibilidad de que hubiera una tercera persona mayor de edad implicada<\/strong>. <\/p>\n<p class=\"voc-p\" style=\"\">Las im\u00e1genes muestran en unos tres minutos de duraci\u00f3n, c\u00f3mo uno de los adolescentes <strong>ordena al otro, bromeando como si fueran agentes, quemarle el pelo con un mechero<\/strong> a la persona sin hogar que evidencia no estar en buen estado. Se refieren a la agresi\u00f3n como si fuera \u00abuna prueba de fuego\u00bb. \u00abHay que quemarle por la calva, Samuel\u00bb, se puede escuchar en el v\u00eddeo. El abuelo de Samuel, el primero en ser identificado,<a href=\"https:\/\/www.tiktok.com\/@yahorasonsoles\/video\/7580040172826414358?lang=es-419&amp;q=y%20ahora%20sonsoles&amp;t=1764928380628\" target=\"_self\" data-voc-vtm-id=\"in-text-traffic\" title=\" fue entrevistado este jueves en el programa de Antena 3, &#039;Y Ahora Sonsoles\" data-mrf-link=\"www.tiktok.com\" rel=\"nofollow noopener\"> fue entrevistado este jueves en el programa de Antena 3, &#8216;Y Ahora Sonsoles<\/a>&#8216;, despu\u00e9s de que el menor lleg\u00f3 de prestar declaraci\u00f3n. <\/p>\n<p>\n\u00abAhora toca atenerse a las consecuencias\u00bb\n<\/p>\n<p class=\"voc-p\" style=\"\">Antonio explic\u00f3 en la conexi\u00f3n en directo que su nieto \u00abno es un chaval malo\u00bb, es m\u00e1s lo define como un ni\u00f1o que \u00ab<strong>siempre ha sido tremendamente cari\u00f1oso, amigo de sus amigos y defensor de la persona que sufre<\/strong>\u00ab. \u00bbNo s\u00e9 como ha podido hacerle eso a esa persona\u00ab, declaraba consternado. En ese sentido, explicaba que la familia est\u00e1 muy afectada tanto \u00e9l y su mujer, como la madre del agresor. \u00bbEstamos tristes pero no nos queda otra, <strong>comprendemos que al ni\u00f1o hay que darle un escarmiento; a ver qu\u00e9 decide la justicia<\/strong>\u00ab. <\/p>\n<p class=\"voc-p\" style=\"\">El abuelo del joven se enter\u00f3 de los hechos porque se lo comunic\u00f3 directamente su hija aunque despu\u00e9s vio el v\u00eddeo. \u00abMe da mucha pena que haya ocurrido esto\u00bb. Seg\u00fan explic\u00f3 en el programa, no haber hablado con Samuel desde la agresi\u00f3n y a pesar de la tristeza se muestra optimista por su nieto. \u00ab<strong>\u00c9l va remontar, lo manden donde lo manden va a cumplir la condena que sea y ahora atenerse a las consecuencias<\/strong>\u00ab, declar\u00f3. Al parecer los agresores pidieron perd\u00f3n a la v\u00edctima por quemarle el pelo. \u00bbImagina que del pelo, que lo ten\u00eda largo, hubiera pasado a la ropa; muere quemado\u00ab, a\u00f1adi\u00f3 el entrevistado, quien ve que el hecho de que las llamas no se propagaran  \u00bbun milagro de Dios\u00ab. A pesar de lo sucedido, Antonio declar\u00f3 que \u00bbno lo van a dejar nunca s\u00f3lo porque no se lo merece\u00ab. <\/p>\n<p><script async src=\"\/\/www.tiktok.com\/embed.js\"><\/script><\/p>\n","protected":false},"excerpt":{"rendered":"El pasado mi\u00e9rcoles saltaron las alarmas en la localidad sevillana de Benacaz\u00f3n cuando empez\u00f3 a circular un video&hellip;\n","protected":false},"author":2,"featured_media":275371,"comment_status":"","ping_status":"","sticky":false,"template":"","format":"standard","meta":{"footnotes":""},"categories":[8],"tags":[17982,31135,54323,17,18,67183,25,24,13,14,11,13861,19,20,42799,9,10,15,16,8758,23,12,21,22],"class_list":{"0":"post-275370","1":"post","2":"type-post","3":"status-publish","4":"format-standard","5":"has-post-thumbnail","7":"category-espana","8":"tag-abuelo","9":"tag-agresores","10":"tag-benacazon","11":"tag-breaking-news","12":"tag-breakingnews","13":"tag-chaval","14":"tag-es","15":"tag-espana","16":"tag-featured-news","17":"tag-featurednews","18":"tag-headlines","19":"tag-indigente","20":"tag-latest-news","21":"tag-latestnews","22":"tag-malo","23":"tag-news","24":"tag-noticias","25":"tag-noticias-destacadas","26":"tag-noticiasdestacadas","27":"tag-podido","28":"tag-spain","29":"tag-titulares","30":"tag-ultimas-noticias","31":"tag-ultimasnoticias"},"share_on_mastodon":{"url":"https:\/\/pubeurope.com\/@es\/115676664545844920","error":""},"_links":{"self":[{"href":"https:\/\/www.europesays.com\/es\/wp-json\/wp\/v2\/posts\/275370","targetHints":{"allow":["GET"]}}],"collection":[{"href":"https:\/\/www.europesays.com\/es\/wp-json\/wp\/v2\/posts"}],"about":[{"href":"https:\/\/www.europesays.com\/es\/wp-json\/wp\/v2\/types\/post"}],"author":[{"embeddable":true,"href":"https:\/\/www.europesays.com\/es\/wp-json\/wp\/v2\/users\/2"}],"replies":[{"embeddable":true,"href":"https:\/\/www.europesays.com\/es\/wp-json\/wp\/v2\/comments?post=275370"}],"version-history":[{"count":0,"href":"https:\/\/www.europesays.com\/es\/wp-json\/wp\/v2\/posts\/275370\/revisions"}],"wp:featuredmedia":[{"embeddable":true,"href":"https:\/\/www.europesays.com\/es\/wp-json\/wp\/v2\/media\/275371"}],"wp:attachment":[{"href":"https:\/\/www.europesays.com\/es\/wp-json\/wp\/v2\/media?parent=275370"}],"wp:term":[{"taxonomy":"category","embeddable":true,"href":"https:\/\/www.europesays.com\/es\/wp-json\/wp\/v2\/categories?post=275370"},{"taxonomy":"post_tag","embeddable":true,"href":"https:\/\/www.europesays.com\/es\/wp-json\/wp\/v2\/tags?post=275370"}],"curies":[{"name":"wp","href":"https:\/\/api.w.org\/{rel}","templated":true}]}}