{"id":275378,"date":"2025-12-07T05:47:08","date_gmt":"2025-12-07T05:47:08","guid":{"rendered":"https:\/\/www.europesays.com\/es\/275378\/"},"modified":"2025-12-07T05:47:08","modified_gmt":"2025-12-07T05:47:08","slug":"alejandra-rubio-revela-en-el-primer-cumpleanos-de-su-hijo-si-carlo-y-ella-se-daran-el-si-quiero-es-un-superpadre","status":"publish","type":"post","link":"https:\/\/www.europesays.com\/es\/275378\/","title":{"rendered":"Alejandra Rubio revela en el primer cumplea\u00f1os de su hijo si Carlo y ella se dar\u00e1n el &#8216;s\u00ed, quiero&#8217;: \u00abEs un superpadre\u00bb"},"content":{"rendered":"<p id=\"e0qsafRxlM\" data-wc=\"186\">Alejandra Rubio y Carlo Costanzia acaban de celebrar el primer cumplea\u00f1os de su hijo, una fecha que la pareja ha vivido con inmensa alegr\u00eda y mucha expectaci\u00f3n medi\u00e1tica. Tras un a\u00f1o desde el nacimiento del peque\u00f1o, la influencer y el actor, hijo de Mar Flores, se han enfrentado a las preguntas que m\u00e1s inquietan sobre su futuro en com\u00fan. La celebraci\u00f3n, \u00edntima y reducida por las limitaciones de espacio de su residencia, cont\u00f3 solo con la presencia de los m\u00e1s cercanos, lo que intensific\u00f3 el rumor sobre si las dos grandes matriarcas, <strong>Terelu Campos<\/strong> y <strong>Mar Flores<\/strong>, coincidir\u00edan en el evento. Alejandra ha hablado sobre este detalle y se mostr\u00f3 muy emocionada al hablar de su pareja, destacando que Carlo es un padre volcado y dedicado a la crianza. Sin embargo, el momento m\u00e1s esperado lleg\u00f3 con la pregunta sobre la boda: \u00bfSe dar\u00e1n el \u00abs\u00ed, quiero\u00bb en 2026? La joven ha revelado sin tapujos cu\u00e1l es la decisi\u00f3n definitiva de la pareja sobre su paso por el altar. <strong>\u00a1No te pierdas en el v\u00eddeo la gran revelaci\u00f3n y la aclaraci\u00f3n sobre las abuelas del peque\u00f1o!<\/strong> <\/p>\n","protected":false},"excerpt":{"rendered":"Alejandra Rubio y Carlo Costanzia acaban de celebrar el primer cumplea\u00f1os de su hijo, una fecha que la&hellip;\n","protected":false},"author":2,"featured_media":275379,"comment_status":"","ping_status":"","sticky":false,"template":"","format":"standard","meta":{"footnotes":""},"categories":[174],"tags":[517,5617,9893,255,146,147,25,24,256,23],"class_list":{"0":"post-275378","1":"post","2":"type-post","3":"status-publish","4":"format-standard","5":"has-post-thumbnail","7":"category-famosos","8":"tag-actualidad","9":"tag-alejandra-rubio","10":"tag-carlo-costanzia","11":"tag-celebrities","12":"tag-entertainment","13":"tag-entretenimiento","14":"tag-es","15":"tag-espana","16":"tag-famosos","17":"tag-spain"},"share_on_mastodon":{"url":"https:\/\/pubeurope.com\/@es\/115676711832357143","error":""},"_links":{"self":[{"href":"https:\/\/www.europesays.com\/es\/wp-json\/wp\/v2\/posts\/275378","targetHints":{"allow":["GET"]}}],"collection":[{"href":"https:\/\/www.europesays.com\/es\/wp-json\/wp\/v2\/posts"}],"about":[{"href":"https:\/\/www.europesays.com\/es\/wp-json\/wp\/v2\/types\/post"}],"author":[{"embeddable":true,"href":"https:\/\/www.europesays.com\/es\/wp-json\/wp\/v2\/users\/2"}],"replies":[{"embeddable":true,"href":"https:\/\/www.europesays.com\/es\/wp-json\/wp\/v2\/comments?post=275378"}],"version-history":[{"count":0,"href":"https:\/\/www.europesays.com\/es\/wp-json\/wp\/v2\/posts\/275378\/revisions"}],"wp:featuredmedia":[{"embeddable":true,"href":"https:\/\/www.europesays.com\/es\/wp-json\/wp\/v2\/media\/275379"}],"wp:attachment":[{"href":"https:\/\/www.europesays.com\/es\/wp-json\/wp\/v2\/media?parent=275378"}],"wp:term":[{"taxonomy":"category","embeddable":true,"href":"https:\/\/www.europesays.com\/es\/wp-json\/wp\/v2\/categories?post=275378"},{"taxonomy":"post_tag","embeddable":true,"href":"https:\/\/www.europesays.com\/es\/wp-json\/wp\/v2\/tags?post=275378"}],"curies":[{"name":"wp","href":"https:\/\/api.w.org\/{rel}","templated":true}]}}